{"id":72732,"date":"2020-07-23T16:29:56","date_gmt":"2020-07-23T19:29:56","guid":{"rendered":"http:\/\/pdt-rj.org.br\/?p=72732"},"modified":"2020-07-23T17:35:03","modified_gmt":"2020-07-23T20:35:03","slug":"pdt-e-mais-quatro-partidos-pedem-que-congresso-nacional-instale-cpmi-contra-governo-bolsonaro","status":"publish","type":"post","link":"https:\/\/pdt-rj.org.br\/index.php\/pdt-e-mais-quatro-partidos-pedem-que-congresso-nacional-instale-cpmi-contra-governo-bolsonaro\/","title":{"rendered":"PDT e mais quatro partidos pedem que Congresso Nacional instale CPMI contra governo Bolsonaro"},"content":{"rendered":"<p>Em nota \u00e0 imprensa, divulgada nesta quinta-feira (23), as dire\u00e7\u00f5es nacionais do PDT, PSB, Cidadania, REDE Sustentabilidade e PV apelam ao Congresso Nacional para que seja instalada uma Comiss\u00e3o Parlamentar Mista de Inqu\u00e9rito (CPMI) para investigar os fatos apontados pelo Tribunal de Contas da Uni\u00e3o (TCU) os quais revelam que o governo Jair Bolsonaro reteve nos cofres federais 71% dos recursos que deveriam ser destinados ao combate \u00e0 pandemia causada pelo coronav\u00edrus (Covid-19).<\/p>\n<p>De acordo levantamento do TCU, resultado de uma auditoria realizada junto ao Minist\u00e9rio da Sa\u00fade para avaliar a atua\u00e7\u00e3o da pasta no combate \u00e0 pandemia, apenas 29% do dinheiro recebido para essa finalidade foi utilizado. O per\u00edodo avaliado, entre mar\u00e7o e 28 de maio de 2020, e, na interpreta\u00e7\u00e3o do ministro relator, Benjamin Zymler, tal constata\u00e7\u00e3o caracteriza-se como subtiliza\u00e7\u00e3o dos recursos.<\/p>\n<p>No entendimento do PDT e das demais legendas, essa a\u00e7\u00e3o negligente do governo, tendo como respons\u00e1veis o presidente Bolsonaro e o ministro interino da Sa\u00fade, general Eduardo Pazuello, foi deliberada, com claro objetivo de retaliar advers\u00e1rios pol\u00edticos, o que ocasionou na morte de milhares de pessoas em todo o Pa\u00eds. Na nota, os dirigentes partid\u00e1rios afiram que tais fatos justificam, inclusive, que os respons\u00e1veis sejam denunciados no Tribunal Penal Internacional de Haia.<\/p>\n<p>Nessa quarta-feia (22), o TCU anunciou que determinou ao governo federal o prazo de 15 dias para que ele explique sua estrat\u00e9gia quanto aos gastos no combate ao coronav\u00edrus, com crit\u00e9rios detalhados acerca de aquisi\u00e7\u00f5es e de transfer\u00eancia de recursos para estados e munic\u00edpios.<\/p>\n<p>Segundo Benjamin Zymlero relator do processo, ap\u00f3s avalia\u00e7\u00e3o, n\u00e3o foi poss\u00edvel aos t\u00e9cnicos do TCU identificar qualquer crit\u00e9rio na divis\u00e3o dos recursos entre estados e munic\u00edpios, com base em \u00edndices, como de mortalidade, ou ainda uma rela\u00e7\u00e3o entre a transfer\u00eancia de recursos e a aquisi\u00e7\u00e3o de novos leitos ou de testes de identifica\u00e7\u00e3o da doen\u00e7a.<\/p>\n<p>Na nota \u00e0 imprensa, os partidos recomenda que, juntos, seus parlamentares, do Senado e da C\u00e2mara dos Deputados, recolham assinaturas para a instala\u00e7\u00e3o de uma CMPI. &#8220;Chega de omiss\u00e3o. CPMI j\u00e1&#8221;, convoca a nota.<\/p>\n<p>&nbsp;<\/p>\n<p>Leia abaixo a \u00edntegra da nota do partidos:<\/p>\n<p>&nbsp;<\/p>\n<p style=\"text-align: center;\"><strong>Nota \u00e0 imprensa<\/strong><\/p>\n<p>S\u00e3o grav\u00edssimos e exigem a instala\u00e7\u00e3o de uma Comiss\u00e3o Parlamentar Mista de Inqu\u00e9rito (CPMI) os fatos apontados em relat\u00f3rio do Tribunal de Contas da Uni\u00e3o (TCU) sobre a des\u00eddia do Governo Federal no trato da pandemia de Covid-19. Jair Bolsonaro e Eduardo Pazuello retiveram nos cofres federais 71% dos recursos que deveriam ser destinados ao combate da doen\u00e7a, enquanto ela avan\u00e7ava, sobrecarregando o SUS e levando \u00e0 falta de UTIs, EPIs e respiradores, e matava mais de 83 mil brasileiros, incluindo mais de 200 profissionais da sa\u00fade.<\/p>\n<p>Bolsonaro sabotou todas as medidas de conten\u00e7\u00e3o da pandemia, estimulando a cren\u00e7a em rem\u00e9dios comprovadamente ineficazes e o desrespeito ao isolamento social. Naquela fat\u00eddica reuni\u00e3o ministerial, manifestou inclusive o desejo de armar a popula\u00e7\u00e3o contra governadores e prefeitos, os mesmos a quem se destinava a maior parte dos R$ 39 bilh\u00f5es em recursos emergenciais contra a pandemia.<\/p>\n<p>Como presidentes das duas Casas que representam os interesses leg\u00edtimos da popula\u00e7\u00e3o e dos Estados, o deputado federal Rodrigo Maia (DEM-RJ) e o senador Davi Alcolumbre (DEM-AP) precisam deixar de lado a confort\u00e1vel posi\u00e7\u00e3o de di\u00e1logo estabelecido com o governo. T\u00eam de assumir o papel que cabe ao poder pol\u00edtico do Pa\u00eds e, ouvindo o mais importante instrumento de fiscaliza\u00e7\u00e3o de atos do Executivo, uma CPMI, chamar o Pal\u00e1cio do Planalto e o Minist\u00e9rio da Sa\u00fade \u00e0s suas responsabilidades.<\/p>\n<p>Se a n\u00e3o libera\u00e7\u00e3o dos recursos teve, al\u00e9m da des\u00eddia, a\u00e7\u00e3o dolosa de retalia\u00e7\u00e3o a advers\u00e1rios pol\u00edticos, contribuindo para a morte de milhares de inocentes, ser\u00e1 ainda o caso de levar seus perpetradores ao Tribunal Penal Internacional de Haia. N\u00f3s, dirigentes dos partidos abaixo assinados, estamos recomendando \u00e0s nossas bancadas no Senado Federal e na C\u00e2mara dos Deputados que se associem aos demais partidos a fim de ultimar a coleta de assinaturas para imediata instala\u00e7\u00e3o de uma CPMI. Chega de omiss\u00e3o. CPMI j\u00e1.<\/p>\n<p>&nbsp;<\/p>\n<p style=\"text-align: center;\"><strong>Carlos Lupi<\/strong><br \/>\nPresidente Nacional do PDT<\/p>\n<p style=\"text-align: center;\"><strong>Roberto Freire<\/strong><br \/>\nPresidente Nacional do Cidadania<\/p>\n<p style=\"text-align: center;\"><strong>Carlos Siqueira<\/strong><br \/>\nPresidente Nacional do PSB<\/p>\n<p style=\"text-align: center;\"><strong>Jos\u00e9 Luiz Penna<\/strong><br \/>\nPresidente Nacional do PV<\/p>\n<p style=\"text-align: center;\"><strong>Pedro Ivo<\/strong><br \/>\nPela REDE Sustentabilidade<\/p>\n<!-- AddThis Advanced Settings generic via filter on the_content --><!-- AddThis Share Buttons generic via filter on the_content -->","protected":false},"excerpt":{"rendered":"<p>Em nota \u00e0 imprensa, divulgada nesta quinta-feira (23), as dire\u00e7\u00f5es nacionais do PDT, PSB, Cidadania, REDE Sustentabilidade e PV apelam ao Congresso Nacional para que seja instalada uma Comiss\u00e3o Parlamentar Mista de Inqu\u00e9rito (CPMI) para investigar os fatos apontados pelo Tribunal de Contas da Uni\u00e3o (TCU) os quais revelam que o governo Jair Bolsonaro reteve&#8230;<!-- AddThis Advanced Settings generic via filter on wp_trim_excerpt --><!-- AddThis Share Buttons generic via filter on wp_trim_excerpt --><\/p>\n","protected":false},"author":17,"featured_media":72733,"comment_status":"closed","ping_status":"closed","sticky":false,"template":"","format":"standard","meta":{"_monsterinsights_skip_tracking":false,"_monsterinsights_sitenote_active":false,"_monsterinsights_sitenote_note":"","_monsterinsights_sitenote_category":0,"_uf_show_specific_survey":0,"_uf_disable_surveys":false,"footnotes":""},"categories":[1401,976],"tags":[3797,3798,3795,3316,3348,3541,623,3796,3378,38,2265,869,1368],"class_list":["post-72732","post","type-post","status-publish","format-standard","has-post-thumbnail","hentry","category-nacional","category-noticias-em-destaque","tag-camara-dos-depuados","tag-combate-a-pandemia","tag-comissao-parlamentar-mista-de-inquerito","tag-coronavirus","tag-covid-19","tag-cpmi","tag-ministerio-da-saude","tag-nota-a-imprensa","tag-pandemia","tag-pdt","tag-recursos","tag-senado","tag-tcu"],"acf":[],"_links":{"self":[{"href":"https:\/\/pdt-rj.org.br\/index.php\/wp-json\/wp\/v2\/posts\/72732","targetHints":{"allow":["GET"]}}],"collection":[{"href":"https:\/\/pdt-rj.org.br\/index.php\/wp-json\/wp\/v2\/posts"}],"about":[{"href":"https:\/\/pdt-rj.org.br\/index.php\/wp-json\/wp\/v2\/types\/post"}],"author":[{"embeddable":true,"href":"https:\/\/pdt-rj.org.br\/index.php\/wp-json\/wp\/v2\/users\/17"}],"replies":[{"embeddable":true,"href":"https:\/\/pdt-rj.org.br\/index.php\/wp-json\/wp\/v2\/comments?post=72732"}],"version-history":[{"count":14,"href":"https:\/\/pdt-rj.org.br\/index.php\/wp-json\/wp\/v2\/posts\/72732\/revisions"}],"predecessor-version":[{"id":72750,"href":"https:\/\/pdt-rj.org.br\/index.php\/wp-json\/wp\/v2\/posts\/72732\/revisions\/72750"}],"wp:featuredmedia":[{"embeddable":true,"href":"https:\/\/pdt-rj.org.br\/index.php\/wp-json\/wp\/v2\/media\/72733"}],"wp:attachment":[{"href":"https:\/\/pdt-rj.org.br\/index.php\/wp-json\/wp\/v2\/media?parent=72732"}],"wp:term":[{"taxonomy":"category","embeddable":true,"href":"https:\/\/pdt-rj.org.br\/index.php\/wp-json\/wp\/v2\/categories?post=72732"},{"taxonomy":"post_tag","embeddable":true,"href":"https:\/\/pdt-rj.org.br\/index.php\/wp-json\/wp\/v2\/tags?post=72732"}],"curies":[{"name":"wp","href":"https:\/\/api.w.org\/{rel}","templated":true}]}}