{"id":72701,"date":"2020-07-22T21:52:44","date_gmt":"2020-07-23T00:52:44","guid":{"rendered":"http:\/\/pdt-rj.org.br\/?p=72701"},"modified":"2020-07-22T23:10:12","modified_gmt":"2020-07-23T02:10:12","slug":"economia-solidaria-desponta-como-saida-para-superar-impactos-da-pandemia","status":"publish","type":"post","link":"https:\/\/pdt-rj.org.br\/index.php\/economia-solidaria-desponta-como-saida-para-superar-impactos-da-pandemia\/","title":{"rendered":"Economia solid\u00e1ria desponta como sa\u00edda para superar impactos da pandemia"},"content":{"rendered":"<p>A difus\u00e3o da economia solid\u00e1ria como ferramenta agregadora na supera\u00e7\u00e3o dos retrocessos do governo Bolsonaro e dos impactos da pandemia pautou a nova edi\u00e7\u00e3o do \u2018Quartas Trabalhistas\u2019, neste 22 de julho. O encontro virtual foi conduzido pelo presidente da Funda\u00e7\u00e3o Leonel Brizola \u2013 Alberto Pasqualini (FLB-AP), Manoel Dias, e recebeu contribui\u00e7\u00f5es da vice-presidente da organiza\u00e7\u00e3o pedetista em Roraima, C\u00e9lia Aguiar e de representantes do terceiro setor.<\/p>\n<p>Caracterizado pelo fomento de atividades de produ\u00e7\u00e3o, distribui\u00e7\u00e3o, consumo, poupan\u00e7a e cr\u00e9dito com foco no cooperativismo e desenvolvimento social, o modelo econ\u00f4mico colaborativo desponta para ser a alternativa vi\u00e1vel ao padr\u00e3o capitalista consolidado pelo mercado financeiro em n\u00edvel mundial, mas com \u00eanfase nos pa\u00edses subdesenvolvidos.<\/p>\n<p>Em uma ampla discuss\u00e3o sobre a expans\u00e3o de caminhos participativos com os representantes do F\u00f3rum Brasileiro de Economia Solid\u00e1ria, Haroldo Mendon\u00e7a e Tatiane Valente, Manoel Dias defendeu a import\u00e2ncia da organiza\u00e7\u00e3o popular para efetiva\u00e7\u00e3o da transforma\u00e7\u00e3o social.<\/p>\n<p>\u201cEsse tema envolve a grande massa de exclu\u00eddos, que s\u00e3o os mais penalizados pelo sistema vigente. Temos, portanto, uma sa\u00edda para romper com a depend\u00eancia e amarras do capitalismo e criar condi\u00e7\u00f5es para a melhoria da qualidade de vida do povo\u201d, relatou, ao mostrar a vincula\u00e7\u00e3o com os projetos de n\u00facleos de base e de qualifica\u00e7\u00e3o da Funda\u00e7\u00e3o, a partir da Universidade Aberta Leonel Brizola (ULB) e da Secretaria de Nuclea\u00e7\u00e3o.<\/p>\n<p>\u201cCom as forma\u00e7\u00f5es da ULB, podemos progredir com a expans\u00e3o deste modelo solid\u00e1rio para todos os estados e, assim, ampliar a gera\u00e7\u00e3o de renda e retirar milhares de brasileiros da extrema pobreza. Tenho certeza que o PDT e a Funda\u00e7\u00e3o abra\u00e7ar\u00e3o cada vez mais essa bandeira, pois existe uma identifica\u00e7\u00e3o hist\u00f3rica\u201d, disse C\u00e9lia Aguiar.<\/p>\n<p>Ao citar a coloca\u00e7\u00e3o trabalhador, e n\u00e3o do capital, na centralidade do processo, Haroldo Mendon\u00e7a defendeu a import\u00e2ncia do cooperativismo e do associativismo para valora\u00e7\u00e3o diante da solidariedade socioecon\u00f4mica.<\/p>\n<p>\u201cNo Brasil, a agroecologia permite a organiza\u00e7\u00e3o de um modo diferenciado do agroneg\u00f3cio. Com o foco na preserva\u00e7\u00e3o, \u00e9 implementado a busca do equil\u00edbrio entre a natureza e o homem\u201d, exemplificou, ao completar: \u201cA integra\u00e7\u00e3o com as plataformas digitais cria oportunidades para oferta de produtos e servi\u00e7os, al\u00e9m do suporte na \u00e1rea financeira, diante dos bancos comunit\u00e1rios.\u201d<\/p>\n<p><strong>Representatividade<\/strong><\/p>\n<p>Sobre a participa\u00e7\u00e3o do governo como elo fundamental, Haroldo citou ainda exemplos de progressos alcan\u00e7ados na constru\u00e7\u00e3o de medidas p\u00fablicas voltadas aos munic\u00edpios brasileiros.<\/p>\n<p>\u201cFalar da economia solid\u00e1ria remete ao legado do professor e economista, Paul Singer, no Minist\u00e9rio do Trabalho e Emprego, que foi amparado e incentivado pelo ent\u00e3o ministro, Manoel Dias, at\u00e9 2015, na implementa\u00e7\u00e3o de uma pol\u00edtica nacional consistente\u201d, lembrou.<\/p>\n<p>Nesse sentido, Tatiane Valente abordou a luta hist\u00f3rica dos trabalhadores contra o avan\u00e7o do capitalismo explorador, que, segundo ela, \u201cdomina, a partir das grandes empresas, o processo produtivo no mundo\u201d.<\/p>\n<p>\u201cUma forma de vivenciar a economia solid\u00e1ria \u00e9 atuar na ponta para ligar o capital, o meio e seus participantes. Estaremos, portanto, n\u00e3o s\u00f3 organizando, mas tamb\u00e9m fortalecendo os trabalhadores para terem uma vida digna e um maior espa\u00e7o para produzir. \u00c9 uma alternativa para um mundo melhor\u201d, relatou.<\/p>\n<p>Confira a \u00edntegra desse encontro:<\/p>\n<p><iframe loading=\"lazy\" title=\"QUARTAS TRABALHISTA - Economia Solid\u00e1ria\" width=\"640\" height=\"360\" src=\"https:\/\/www.youtube.com\/embed\/-mgYHrgKk6Q?feature=oembed\" frameborder=\"0\" allow=\"accelerometer; autoplay; clipboard-write; encrypted-media; gyroscope; picture-in-picture; web-share\" referrerpolicy=\"strict-origin-when-cross-origin\" allowfullscreen><\/iframe><\/p>\n<!-- AddThis Advanced Settings generic via filter on the_content --><!-- AddThis Share Buttons generic via filter on the_content -->","protected":false},"excerpt":{"rendered":"<p>A difus\u00e3o da economia solid\u00e1ria como ferramenta agregadora na supera\u00e7\u00e3o dos retrocessos do governo Bolsonaro e dos impactos da pandemia pautou a nova edi\u00e7\u00e3o do \u2018Quartas Trabalhistas\u2019, neste 22 de julho. O encontro virtual foi conduzido pelo presidente da Funda\u00e7\u00e3o Leonel Brizola \u2013 Alberto Pasqualini (FLB-AP), Manoel Dias, e recebeu contribui\u00e7\u00f5es da vice-presidente da organiza\u00e7\u00e3o&#8230;<!-- AddThis Advanced Settings generic via filter on wp_trim_excerpt --><!-- AddThis Share Buttons generic via filter on wp_trim_excerpt --><\/p>\n","protected":false},"author":17,"featured_media":72702,"comment_status":"closed","ping_status":"closed","sticky":false,"template":"","format":"standard","meta":{"_monsterinsights_skip_tracking":false,"_monsterinsights_sitenote_active":false,"_monsterinsights_sitenote_note":"","_monsterinsights_sitenote_category":0,"_uf_show_specific_survey":0,"_uf_disable_surveys":false,"footnotes":""},"categories":[1390],"tags":[],"class_list":["post-72701","post","type-post","status-publish","format-standard","has-post-thumbnail","hentry","category-editorias"],"acf":[],"_links":{"self":[{"href":"https:\/\/pdt-rj.org.br\/index.php\/wp-json\/wp\/v2\/posts\/72701","targetHints":{"allow":["GET"]}}],"collection":[{"href":"https:\/\/pdt-rj.org.br\/index.php\/wp-json\/wp\/v2\/posts"}],"about":[{"href":"https:\/\/pdt-rj.org.br\/index.php\/wp-json\/wp\/v2\/types\/post"}],"author":[{"embeddable":true,"href":"https:\/\/pdt-rj.org.br\/index.php\/wp-json\/wp\/v2\/users\/17"}],"replies":[{"embeddable":true,"href":"https:\/\/pdt-rj.org.br\/index.php\/wp-json\/wp\/v2\/comments?post=72701"}],"version-history":[{"count":2,"href":"https:\/\/pdt-rj.org.br\/index.php\/wp-json\/wp\/v2\/posts\/72701\/revisions"}],"predecessor-version":[{"id":72718,"href":"https:\/\/pdt-rj.org.br\/index.php\/wp-json\/wp\/v2\/posts\/72701\/revisions\/72718"}],"wp:featuredmedia":[{"embeddable":true,"href":"https:\/\/pdt-rj.org.br\/index.php\/wp-json\/wp\/v2\/media\/72702"}],"wp:attachment":[{"href":"https:\/\/pdt-rj.org.br\/index.php\/wp-json\/wp\/v2\/media?parent=72701"}],"wp:term":[{"taxonomy":"category","embeddable":true,"href":"https:\/\/pdt-rj.org.br\/index.php\/wp-json\/wp\/v2\/categories?post=72701"},{"taxonomy":"post_tag","embeddable":true,"href":"https:\/\/pdt-rj.org.br\/index.php\/wp-json\/wp\/v2\/tags?post=72701"}],"curies":[{"name":"wp","href":"https:\/\/api.w.org\/{rel}","templated":true}]}}