{"id":72685,"date":"2020-07-22T16:51:03","date_gmt":"2020-07-22T19:51:03","guid":{"rendered":"http:\/\/pdt-rj.org.br\/?p=72685"},"modified":"2020-07-22T16:51:29","modified_gmt":"2020-07-22T19:51:29","slug":"com-emenda-de-mauro-benevides-camara-aprova-auxilio-de-r-16-bilhoes-para-estados","status":"publish","type":"post","link":"https:\/\/pdt-rj.org.br\/index.php\/com-emenda-de-mauro-benevides-camara-aprova-auxilio-de-r-16-bilhoes-para-estados\/","title":{"rendered":"Com emenda de Mauro Benevides, C\u00e2mara aprova aux\u00edlio de R$ 16 bilh\u00f5es para estados"},"content":{"rendered":"<p>Nesta quarta-feira (22), a C\u00e2mara Federal aprovou, na forma de um Projeto de Convers\u00e3o, a Medida Provis\u00f3ria (MP 938\/2020), alterado com emenda do deputado federal Mauro Benevides (PDT-CE), que prev\u00ea aporte de R$ 16 bi para suprir as perdas relativas ao Fundo de Participa\u00e7\u00e3o dos Estados (R$ 8 bilh\u00f5es) e Fundo de Participa\u00e7\u00e3o dos Munic\u00edpios (R$ 8 bilh\u00f5es) dos entes federativos brasileiros, por um per\u00edodo de quatro meses, com posterior devolu\u00e7\u00e3o dos cr\u00e9ditos se n\u00e3o utilizados.<\/p>\n<p>Com emenda do pedetista, contribui\u00e7\u00e3o dos recursos aos fundos de participa\u00e7\u00e3o de estados e munic\u00edpios dar\u00e1 continuidade por meses subsequentes at\u00e9 o uso integral desses recursos j\u00e1 alocados, sem aumento de despesa para a Uni\u00e3o.<\/p>\n<p>Em defesa, o deputado alegou que, em vez de definir meses, que o recurso no valor de R$ 16 bilh\u00f5es, divididos entre estados e munic\u00edpios de forma igual, fossem usados todos os meses at\u00e9 consumir o valor total, sem a necess\u00e1ria devolu\u00e7\u00e3o.<\/p>\n<p>Segundo o deputado, \u201ca continuidade vai garantir para os estados e munic\u00edpios uma maior estabilidade fiscal, enquanto durar o estado de calamidade p\u00fablica provocado pela pandemia da Covid-19.\u2033 Dessa forma, continua o parlamentar, governadores e prefeitos v\u00e3o poder ter a compensa\u00e7\u00e3o da receita e garantir o pagamento dos servidores e fornecedores.<\/p>\n<p>Por fim, Mauro Filho agradeceu ao relator da medida, deputado Hildo Rocha (MDB-MA), ao Presidente da Casa, deputado Rodrigo Maia (DEM-RJ), a todos os deputados, ao governador do Cear\u00e1, Camilo Santana e \u00e0 Secret\u00e1ria de Fazenda do Estado do Cear\u00e1, Fernanda Pacobahyba.<\/p>\n<p>O texto segue agora para o Senado Federal.<\/p>\n<!-- AddThis Advanced Settings generic via filter on the_content --><!-- AddThis Share Buttons generic via filter on the_content -->","protected":false},"excerpt":{"rendered":"<p>Nesta quarta-feira (22), a C\u00e2mara Federal aprovou, na forma de um Projeto de Convers\u00e3o, a Medida Provis\u00f3ria (MP 938\/2020), alterado com emenda do deputado federal Mauro Benevides (PDT-CE), que prev\u00ea aporte de R$ 16 bi para suprir as perdas relativas ao Fundo de Participa\u00e7\u00e3o dos Estados (R$ 8 bilh\u00f5es) e Fundo de Participa\u00e7\u00e3o dos Munic\u00edpios&#8230;<!-- AddThis Advanced Settings generic via filter on wp_trim_excerpt --><!-- AddThis Share Buttons generic via filter on wp_trim_excerpt --><\/p>\n","protected":false},"author":17,"featured_media":72694,"comment_status":"closed","ping_status":"closed","sticky":false,"template":"","format":"standard","meta":{"_monsterinsights_skip_tracking":false,"_monsterinsights_sitenote_active":false,"_monsterinsights_sitenote_note":"","_monsterinsights_sitenote_category":0,"_uf_show_specific_survey":0,"_uf_disable_surveys":false,"footnotes":""},"categories":[1390,1459],"tags":[],"class_list":["post-72685","post","type-post","status-publish","format-standard","has-post-thumbnail","hentry","category-editorias","category-congresso"],"acf":[],"_links":{"self":[{"href":"https:\/\/pdt-rj.org.br\/index.php\/wp-json\/wp\/v2\/posts\/72685","targetHints":{"allow":["GET"]}}],"collection":[{"href":"https:\/\/pdt-rj.org.br\/index.php\/wp-json\/wp\/v2\/posts"}],"about":[{"href":"https:\/\/pdt-rj.org.br\/index.php\/wp-json\/wp\/v2\/types\/post"}],"author":[{"embeddable":true,"href":"https:\/\/pdt-rj.org.br\/index.php\/wp-json\/wp\/v2\/users\/17"}],"replies":[{"embeddable":true,"href":"https:\/\/pdt-rj.org.br\/index.php\/wp-json\/wp\/v2\/comments?post=72685"}],"version-history":[{"count":5,"href":"https:\/\/pdt-rj.org.br\/index.php\/wp-json\/wp\/v2\/posts\/72685\/revisions"}],"predecessor-version":[{"id":72699,"href":"https:\/\/pdt-rj.org.br\/index.php\/wp-json\/wp\/v2\/posts\/72685\/revisions\/72699"}],"wp:featuredmedia":[{"embeddable":true,"href":"https:\/\/pdt-rj.org.br\/index.php\/wp-json\/wp\/v2\/media\/72694"}],"wp:attachment":[{"href":"https:\/\/pdt-rj.org.br\/index.php\/wp-json\/wp\/v2\/media?parent=72685"}],"wp:term":[{"taxonomy":"category","embeddable":true,"href":"https:\/\/pdt-rj.org.br\/index.php\/wp-json\/wp\/v2\/categories?post=72685"},{"taxonomy":"post_tag","embeddable":true,"href":"https:\/\/pdt-rj.org.br\/index.php\/wp-json\/wp\/v2\/tags?post=72685"}],"curies":[{"name":"wp","href":"https:\/\/api.w.org\/{rel}","templated":true}]}}