{"id":72602,"date":"2020-07-18T02:36:02","date_gmt":"2020-07-18T05:36:02","guid":{"rendered":"http:\/\/pdt-rj.org.br\/?p=72602"},"modified":"2020-07-21T19:35:48","modified_gmt":"2020-07-21T22:35:48","slug":"eleicoes-walber-agra-alerta-para-gastos-acumulados-com-impulsionamento-nas-redes-sociais","status":"publish","type":"post","link":"https:\/\/pdt-rj.org.br\/index.php\/eleicoes-walber-agra-alerta-para-gastos-acumulados-com-impulsionamento-nas-redes-sociais\/","title":{"rendered":"Elei\u00e7\u00f5es: Walber Agra alerta para gastos acumulados com impulsionamento nas redes sociais"},"content":{"rendered":"<p>O advogado do PDT, Walber Agra, fez um alerta para os impactos jur\u00eddicos do processo de propaganda na pr\u00e9-campanha, principalmente com a rotina de impulsionamento nas redes sociais, que deve atender ao princ\u00edpio da proporcionalidade.<\/p>\n<p>\u201cO valor gasto acumulado pode gerar a\u00e7\u00f5es de abuso de poder econ\u00f4mico\u201d, pontuou, nesta sexta-feira (17), durante o debate virtual promovido pelos juristas do partido e mediado pelo presidente da Funda\u00e7\u00e3o Leonel Brizola \u2013 Alberto Pasqualini (FLB-AP), Manoel Dias.<\/p>\n<p>Ao listar os principais pontos permitidos e proibidos na utiliza\u00e7\u00e3o das plataformas online, Walber Agra tamb\u00e9m enfatizou, a partir de decis\u00f5es do Tribunal Superior Eleitoral (STF), os crit\u00e9rios de enquadramento da divulga\u00e7\u00e3o paga. Segundo ele, \u00e9 l\u00edcito desde que n\u00e3o contenha pedido expl\u00edcito de voto, publicidade vedada na elei\u00e7\u00e3o e tamb\u00e9m n\u00e3o acarrete disparidade. Conforme definida pela legisla\u00e7\u00e3o eleitoral, a propaganda oficial ser\u00e1 permitida a partir do dia 27 de setembro.<\/p>\n<p>Sobre as fake news, o jurista foi enf\u00e1tico ao classific\u00e1-las como atos que distorcem a verdade e devem, incessantemente, ser combatidas de forma proativa para evitar preju\u00edzos, principalmente durante a disputa eleitoral.<\/p>\n<p>\u201cQuando se coloca na internet, o estrago est\u00e1 feito, mesmo com meio jur\u00eddico. Existe, por\u00e9m, as a\u00e7\u00f5es preventivas, como entrar com a\u00e7\u00f5es devidas para caracterizar as fake news\u201d, explica.<\/p>\n<p>Dando destaque \u00e0 contribui\u00e7\u00e3o da Juventude Socialista (JS), liderada pelo presidente nacional, William Rodrigues, Manoel Dias relatou, durante a transmiss\u00e3o feita pelo Youtube e Zoom, a import\u00e2ncia do suporte dos advogados pedetistas, que garantir\u00e3o um diferencial competitivo para a sigla na disputa das vagas de prefeito e vereador em todo o Brasil.<\/p>\n<p>\u201cA grande maioria dos nossos quadros \u00e9 oriunda das camadas populares. \u00c9 normal despertar uma inseguran\u00e7a em fun\u00e7\u00e3o do pouco contato com quest\u00f5es jur\u00eddicas. Por isso, a contribui\u00e7\u00e3o de representantes como o Agra, no esclarecimento de d\u00favidas, permitir\u00e1 uma vantagem para n\u00f3s, trabalhistas\u201d, concluiu.<\/p>\n<p>Confira o debate, na \u00edntegra:<\/p>\n<p><iframe loading=\"lazy\" title=\"ADVOGADOS DO PDT - A Propaganda na Pr\u00e9-campanha e o uso das M\u00eddias Sociais\" width=\"640\" height=\"360\" src=\"https:\/\/www.youtube.com\/embed\/vm_VrDEsAM0?feature=oembed\" frameborder=\"0\" allow=\"accelerometer; autoplay; clipboard-write; encrypted-media; gyroscope; picture-in-picture; web-share\" referrerpolicy=\"strict-origin-when-cross-origin\" allowfullscreen><\/iframe><\/p>\n<!-- AddThis Advanced Settings generic via filter on the_content --><!-- AddThis Share Buttons generic via filter on the_content -->","protected":false},"excerpt":{"rendered":"<p>O advogado do PDT, Walber Agra, fez um alerta para os impactos jur\u00eddicos do processo de propaganda na pr\u00e9-campanha, principalmente com a rotina de impulsionamento nas redes sociais, que deve atender ao princ\u00edpio da proporcionalidade. \u201cO valor gasto acumulado pode gerar a\u00e7\u00f5es de abuso de poder econ\u00f4mico\u201d, pontuou, nesta sexta-feira (17), durante o debate virtual&#8230;<!-- AddThis Advanced Settings generic via filter on wp_trim_excerpt --><!-- AddThis Share Buttons generic via filter on wp_trim_excerpt --><\/p>\n","protected":false},"author":17,"featured_media":72603,"comment_status":"closed","ping_status":"closed","sticky":false,"template":"","format":"standard","meta":{"_monsterinsights_skip_tracking":false,"_monsterinsights_sitenote_active":false,"_monsterinsights_sitenote_note":"","_monsterinsights_sitenote_category":0,"_uf_show_specific_survey":0,"_uf_disable_surveys":false,"footnotes":""},"categories":[1390,3327,3328],"tags":[2878,408,426,530,591,28,3774,2395,3775,3776],"class_list":["post-72602","post","type-post","status-publish","format-standard","has-post-thumbnail","hentry","category-editorias","category-eleicoes-2020","category-flb-ap","tag-fake-news","tag-flb-ap","tag-fundacao-leonel-brizola-alberto-pasqualini","tag-js","tag-manoel-dias","tag-stf","tag-walber-agra","tag-william-rodrigues","tag-youtube","tag-zoom"],"acf":[],"_links":{"self":[{"href":"https:\/\/pdt-rj.org.br\/index.php\/wp-json\/wp\/v2\/posts\/72602","targetHints":{"allow":["GET"]}}],"collection":[{"href":"https:\/\/pdt-rj.org.br\/index.php\/wp-json\/wp\/v2\/posts"}],"about":[{"href":"https:\/\/pdt-rj.org.br\/index.php\/wp-json\/wp\/v2\/types\/post"}],"author":[{"embeddable":true,"href":"https:\/\/pdt-rj.org.br\/index.php\/wp-json\/wp\/v2\/users\/17"}],"replies":[{"embeddable":true,"href":"https:\/\/pdt-rj.org.br\/index.php\/wp-json\/wp\/v2\/comments?post=72602"}],"version-history":[{"count":4,"href":"https:\/\/pdt-rj.org.br\/index.php\/wp-json\/wp\/v2\/posts\/72602\/revisions"}],"predecessor-version":[{"id":72643,"href":"https:\/\/pdt-rj.org.br\/index.php\/wp-json\/wp\/v2\/posts\/72602\/revisions\/72643"}],"wp:featuredmedia":[{"embeddable":true,"href":"https:\/\/pdt-rj.org.br\/index.php\/wp-json\/wp\/v2\/media\/72603"}],"wp:attachment":[{"href":"https:\/\/pdt-rj.org.br\/index.php\/wp-json\/wp\/v2\/media?parent=72602"}],"wp:term":[{"taxonomy":"category","embeddable":true,"href":"https:\/\/pdt-rj.org.br\/index.php\/wp-json\/wp\/v2\/categories?post=72602"},{"taxonomy":"post_tag","embeddable":true,"href":"https:\/\/pdt-rj.org.br\/index.php\/wp-json\/wp\/v2\/tags?post=72602"}],"curies":[{"name":"wp","href":"https:\/\/api.w.org\/{rel}","templated":true}]}}