{"id":72546,"date":"2020-07-16T17:08:23","date_gmt":"2020-07-16T20:08:23","guid":{"rendered":"http:\/\/pdt-rj.org.br\/?p=72546"},"modified":"2020-07-16T17:18:49","modified_gmt":"2020-07-16T20:18:49","slug":"propaganda-na-pre-campanha-pauta-debate-dos-advogados-do-pdt-nesta-sexta-feira-17","status":"publish","type":"post","link":"https:\/\/pdt-rj.org.br\/index.php\/propaganda-na-pre-campanha-pauta-debate-dos-advogados-do-pdt-nesta-sexta-feira-17\/","title":{"rendered":"Propaganda na pr\u00e9-campanha pauta debate dos advogados do PDT nesta sexta-feira (17)"},"content":{"rendered":"<p><em><strong>Com apoio da Juventude Socialista (JS), Manoel Dias receber\u00e1 o jurista Walber Agra<\/strong><\/em><\/p>\n<p>O presidente da Funda\u00e7\u00e3o Leonel Brizola \u2013 Alberto Pasqualini (FLB-AP), Manoel Dias, receber\u00e1 o jurista, Walber Agra, no pr\u00f3ximo encontro virtual de advogados do PDT, que ocorrer\u00e1 nesta sexta-feira (17), \u00e0s 20h, pelo Zoom e Youtube da organiza\u00e7\u00e3o pedetista. Na atividade destinada a pr\u00e9-candidatos e representantes jur\u00eddicos do partido, os debatedores abordar\u00e3o a realiza\u00e7\u00e3o de propaganda na pr\u00e9-campanha, com destaque para o uso das m\u00eddias sociais a partir do impulsionamento e de lives.<\/p>\n<p>Para participar do evento, que conta com o apoio da Juventude Socialista (JS), acesse a plataforma\u00a0Zoom (<a href=\"https:\/\/us02web.zoom.us\/j\/86568074196?pwd=czZrWXZLWDBHTktsNnVLOTZaL1ZKdz09\">https:\/\/us02web.zoom.us\/j\/86568074196?pwd=czZrWXZLWDBHTktsNnVLOTZaL1ZKdz09<\/a>).<\/p>\n<p>A transmiss\u00e3o tamb\u00e9m estar\u00e1 dispon\u00edvel no Youtube (<a href=\"https:\/\/www.youtube.com\/channel\/UCYAwy2dgImXNI88uBxLu7kw\">https:\/\/www.youtube.com\/channel\/UCYAwy2dgImXNI88uBxLu7kw<\/a>).<\/p>\n<p><strong>Servi\u00e7o<\/strong><\/p>\n<p>Evento: Debate dos advogados do PDT sobre propaganda no per\u00edodo da pr\u00e9-campanha<\/p>\n<p>Data: 17 de julho de 2020 (sexta-feira)<\/p>\n<p>Hor\u00e1rio: 20h<\/p>\n<p>Transmiss\u00e3o: Zoom (<a href=\"https:\/\/us02web.zoom.us\/j\/86568074196?pwd=czZrWXZLWDBHTktsNnVLOTZaL1ZKdz09\">https:\/\/us02web.zoom.us\/j\/86568074196?pwd=czZrWXZLWDBHTktsNnVLOTZaL1ZKdz09<\/a>) e <strong>Youtube<\/strong> (<a href=\"https:\/\/www.youtube.com\/channel\/UCYAwy2dgImXNI88uBxLu7kw\">https:\/\/www.youtube.com\/channel\/UCYAwy2dgImXNI88uBxLu7kw<\/a>) da FLB-AP.<\/p>\n<!-- AddThis Advanced Settings generic via filter on the_content --><!-- AddThis Share Buttons generic via filter on the_content -->","protected":false},"excerpt":{"rendered":"<p>Com apoio da Juventude Socialista (JS), Manoel Dias receber\u00e1 o jurista Walber Agra O presidente da Funda\u00e7\u00e3o Leonel Brizola \u2013 Alberto Pasqualini (FLB-AP), Manoel Dias, receber\u00e1 o jurista, Walber Agra, no pr\u00f3ximo encontro virtual de advogados do PDT, que ocorrer\u00e1 nesta sexta-feira (17), \u00e0s 20h, pelo Zoom e Youtube da organiza\u00e7\u00e3o pedetista. Na atividade destinada&#8230;<!-- AddThis Advanced Settings generic via filter on wp_trim_excerpt --><!-- AddThis Share Buttons generic via filter on wp_trim_excerpt --><\/p>\n","protected":false},"author":17,"featured_media":72547,"comment_status":"closed","ping_status":"closed","sticky":false,"template":"","format":"standard","meta":{"_monsterinsights_skip_tracking":false,"_monsterinsights_sitenote_active":false,"_monsterinsights_sitenote_note":"","_monsterinsights_sitenote_category":0,"_uf_show_specific_survey":0,"_uf_disable_surveys":false,"footnotes":""},"categories":[1390,3328,1401],"tags":[],"class_list":["post-72546","post","type-post","status-publish","format-standard","has-post-thumbnail","hentry","category-editorias","category-flb-ap","category-nacional"],"acf":[],"_links":{"self":[{"href":"https:\/\/pdt-rj.org.br\/index.php\/wp-json\/wp\/v2\/posts\/72546","targetHints":{"allow":["GET"]}}],"collection":[{"href":"https:\/\/pdt-rj.org.br\/index.php\/wp-json\/wp\/v2\/posts"}],"about":[{"href":"https:\/\/pdt-rj.org.br\/index.php\/wp-json\/wp\/v2\/types\/post"}],"author":[{"embeddable":true,"href":"https:\/\/pdt-rj.org.br\/index.php\/wp-json\/wp\/v2\/users\/17"}],"replies":[{"embeddable":true,"href":"https:\/\/pdt-rj.org.br\/index.php\/wp-json\/wp\/v2\/comments?post=72546"}],"version-history":[{"count":4,"href":"https:\/\/pdt-rj.org.br\/index.php\/wp-json\/wp\/v2\/posts\/72546\/revisions"}],"predecessor-version":[{"id":72554,"href":"https:\/\/pdt-rj.org.br\/index.php\/wp-json\/wp\/v2\/posts\/72546\/revisions\/72554"}],"wp:featuredmedia":[{"embeddable":true,"href":"https:\/\/pdt-rj.org.br\/index.php\/wp-json\/wp\/v2\/media\/72547"}],"wp:attachment":[{"href":"https:\/\/pdt-rj.org.br\/index.php\/wp-json\/wp\/v2\/media?parent=72546"}],"wp:term":[{"taxonomy":"category","embeddable":true,"href":"https:\/\/pdt-rj.org.br\/index.php\/wp-json\/wp\/v2\/categories?post=72546"},{"taxonomy":"post_tag","embeddable":true,"href":"https:\/\/pdt-rj.org.br\/index.php\/wp-json\/wp\/v2\/tags?post=72546"}],"curies":[{"name":"wp","href":"https:\/\/api.w.org\/{rel}","templated":true}]}}