{"id":72483,"date":"2020-07-13T16:47:16","date_gmt":"2020-07-13T19:47:16","guid":{"rendered":"http:\/\/pdt-rj.org.br\/?p=72483"},"modified":"2020-07-18T15:04:55","modified_gmt":"2020-07-18T18:04:55","slug":"lupi-pede-afastamento-de-assessor-de-guedes","status":"publish","type":"post","link":"https:\/\/pdt-rj.org.br\/index.php\/lupi-pede-afastamento-de-assessor-de-guedes\/","title":{"rendered":"Lupi pede afastamento de assessor de Guedes"},"content":{"rendered":"<p><em>A\u00e7\u00e3o Popular tenta impedir dano ainda maior do que a bilion\u00e1ria fraude do ministro nos fundos de pens\u00e3o <\/em><\/p>\n<p>O presidente nacional do PDT, Carlos Lupi, entrou hoje (13) com uma A\u00e7\u00e3o Popular contra o ministro Paulo Guedes e a Uni\u00e3o Federal. A peti\u00e7\u00e3o requer o afastamento do secret\u00e1rio especial do Minist\u00e9rio da Economia, Esteves Pedro Colnago J\u00fanior, investigado por envolvimento em crime de fraude bilion\u00e1ria em fundos de pens\u00e3o estatais \u2013 bem como o pr\u00f3prio titular da pasta.<\/p>\n<p>De acordo com a opera\u00e7\u00e3o Greefield da Policia Federal (PF), Paulo Guedes pode ter causado um preju\u00edzo de mais de R$ 1 bilh\u00e3o aos cofres p\u00fablicos, entre 2009 e 2013, com fraudes em fundo de pens\u00f5es. As investiga\u00e7\u00f5es apontam Pedro Colnago como um dos gestores que favoreceram o agora ministro no esquema.<\/p>\n<p>Segundo o Minist\u00e9rio P\u00fablico Federal (MPF), o assessor de Guedes cometeu crime de gesta\u00e7\u00e3o temer\u00e1ria na \u201cFunda\u00e7\u00e3o dos Economi\u00e1rios Federais (FUNCEF) \u2013 fundo de pens\u00e3o dos funcion\u00e1rios da Caixa Econ\u00f4mica Federal (CEF) \u2013 para permitir a aquisi\u00e7\u00e3o de cotas do FIP Sondas (empresa da qual o ministro \u00e9 acionista), em flagrante preju\u00edzo \u00e0 FUNCEF\u201d.<\/p>\n<p>Lembrando que a Caixa Econ\u00f4mica Federal est\u00e1 subordinada ao Minist\u00e9rio da Economia, o documento pedetista justifica seu pedido: \u201cA referida nomea\u00e7\u00e3o \u00e9 consubstanciada em flagrante desvio de finalidade, porquanto h\u00e1 um acinte ao princ\u00edpio da moralidade no trato da coisa p\u00fablica [&#8230;] Colnago J\u00fanior pode criar obst\u00e1culos \u00e0s a\u00e7\u00f5es de investiga\u00e7\u00e3o, mormente nas quest\u00f5es ligadas \u00e0 FUNCEF\u201d.<\/p>\n<p>A A\u00e7\u00e3o Popular pede ainda que os fundos de pens\u00e3o envolvidos no caso \u2013PETROS, POLTALIS, PREVI, al\u00e9m do FUNCEF e outras entidades \u2013 forne\u00e7am \u201cinforma\u00e7\u00f5es sobre o processo de decis\u00e3o de investimento no FIP BR Educacional (empresa da qual Paulo Guedes \u00e9 acionista)\u201d.<\/p>\n<p>\u00cdntegra da <a href=\"file:\/\/\/C:\/Users\/Ester%20Melo\/Downloads\/PETICAO.INICIAL.pdf\">A\u00e7\u00e3o Popular.<\/a><\/p>\n<!-- AddThis Advanced Settings generic via filter on the_content --><!-- AddThis Share Buttons generic via filter on the_content -->","protected":false},"excerpt":{"rendered":"<p>A\u00e7\u00e3o Popular tenta impedir dano ainda maior do que a bilion\u00e1ria fraude do ministro nos fundos de pens\u00e3o O presidente nacional do PDT, Carlos Lupi, entrou hoje (13) com uma A\u00e7\u00e3o Popular contra o ministro Paulo Guedes e a Uni\u00e3o Federal. A peti\u00e7\u00e3o requer o afastamento do secret\u00e1rio especial do Minist\u00e9rio da Economia, Esteves Pedro&#8230;<!-- AddThis Advanced Settings generic via filter on wp_trim_excerpt --><!-- AddThis Share Buttons generic via filter on wp_trim_excerpt --><\/p>\n","protected":false},"author":17,"featured_media":72484,"comment_status":"closed","ping_status":"closed","sticky":false,"template":"","format":"standard","meta":{"_monsterinsights_skip_tracking":false,"_monsterinsights_sitenote_active":false,"_monsterinsights_sitenote_note":"","_monsterinsights_sitenote_category":0,"_uf_show_specific_survey":0,"_uf_disable_surveys":false,"footnotes":""},"categories":[1390,1401],"tags":[3400,196,3761,3760],"class_list":["post-72483","post","type-post","status-publish","format-standard","has-post-thumbnail","hentry","category-editorias","category-nacional","tag-acao-popular","tag-carlos-lupi","tag-investigacoes","tag-ministerio-da-economia"],"acf":[],"_links":{"self":[{"href":"https:\/\/pdt-rj.org.br\/index.php\/wp-json\/wp\/v2\/posts\/72483","targetHints":{"allow":["GET"]}}],"collection":[{"href":"https:\/\/pdt-rj.org.br\/index.php\/wp-json\/wp\/v2\/posts"}],"about":[{"href":"https:\/\/pdt-rj.org.br\/index.php\/wp-json\/wp\/v2\/types\/post"}],"author":[{"embeddable":true,"href":"https:\/\/pdt-rj.org.br\/index.php\/wp-json\/wp\/v2\/users\/17"}],"replies":[{"embeddable":true,"href":"https:\/\/pdt-rj.org.br\/index.php\/wp-json\/wp\/v2\/comments?post=72483"}],"version-history":[{"count":3,"href":"https:\/\/pdt-rj.org.br\/index.php\/wp-json\/wp\/v2\/posts\/72483\/revisions"}],"predecessor-version":[{"id":72611,"href":"https:\/\/pdt-rj.org.br\/index.php\/wp-json\/wp\/v2\/posts\/72483\/revisions\/72611"}],"wp:featuredmedia":[{"embeddable":true,"href":"https:\/\/pdt-rj.org.br\/index.php\/wp-json\/wp\/v2\/media\/72484"}],"wp:attachment":[{"href":"https:\/\/pdt-rj.org.br\/index.php\/wp-json\/wp\/v2\/media?parent=72483"}],"wp:term":[{"taxonomy":"category","embeddable":true,"href":"https:\/\/pdt-rj.org.br\/index.php\/wp-json\/wp\/v2\/categories?post=72483"},{"taxonomy":"post_tag","embeddable":true,"href":"https:\/\/pdt-rj.org.br\/index.php\/wp-json\/wp\/v2\/tags?post=72483"}],"curies":[{"name":"wp","href":"https:\/\/api.w.org\/{rel}","templated":true}]}}