{"id":72464,"date":"2020-07-11T18:37:24","date_gmt":"2020-07-11T21:37:24","guid":{"rendered":"http:\/\/pdt-rj.org.br\/?p=72464"},"modified":"2020-07-13T16:56:37","modified_gmt":"2020-07-13T19:56:37","slug":"cafe-com-lupi-fala-sobre-diversidade-com-amanda-anderson","status":"publish","type":"post","link":"https:\/\/pdt-rj.org.br\/index.php\/cafe-com-lupi-fala-sobre-diversidade-com-amanda-anderson\/","title":{"rendered":"&#8220;Caf\u00e9 com Lupi&#8221; fala sobre diversidade, com Amanda Anderson"},"content":{"rendered":"<p>O \u201cCaf\u00e9 com Lupi\u201d deste s\u00e1bado (11) foi com a presidente nacional do PDT Diversidade, Amanda Anderson. A conversa girou em torno da luta pedetista em defesa da comunidade LGBTQI \u2013 da milit\u00e2ncia aos projetos de lei em tramita\u00e7\u00e3o no Congresso Nacional, passando por candidaturas de integrantes do movimento, presente em 23 estados brasileiros.<\/p>\n<p>O PDT \u00e9 o primeiro partido pol\u00edtico do pa\u00eds a ter uma transexual em sua Executiva Nacional e o \u00fanico com projetos de lei na C\u00e2mara voltados para a comunidade LGBTQI. \u201cA diversidade faz parte da \u00f3tica ideol\u00f3gica do partido e das nossas bandeiras. Somos uma parte de tudo isso\u201d, afirmou a presidente do movimento.<\/p>\n<p>Carlos Lupi, presidente nacional do PDT, acrescentou: \u201cA nossa vis\u00e3o \u00e9 inspirada no humanismo [&#8230;] Somos, antes de tudo, seres humanos. Quem for contra essa forma de pensar, est\u00e1 no partido errado. O PDT tem de ser, permanentemente, defensor do ser humano\u201d.<\/p>\n<p>Amanda \u00e9 a primeira mulher transexual a concluir um curso de Direito no estado de Mato Grosso e lembrou os preconceitos que sofreu. \u201cSempre que eu ia atr\u00e1s de um emprego, quando chegava a minha vez de ser entrevistada e percebiam que era trans, diziam que a vaga j\u00e1 tava preenchida\u201d, comentou.<\/p>\n<p>A presidente do PDT Diversidade ressaltou, ainda, que o preconceito \u00e9 infinitamente maior contra integrantes da comunidade que s\u00e3o negros e pobres. Segundo ela, o problema aumenta com a destitui\u00e7\u00e3o de conselhos e secret\u00e1rias voltadas ao tema pelo governo Bolsonaro. \u201cPrecisamos trabalhar para construir centros de refer\u00eancia LGBTQI, conselhos estaduais e municipais e secretarias em todos os estados\u201d, afirmou.<\/p>\n<p>Confira a \u00edntegra do \u201cCaf\u00e9 com Lupi\u201d.<\/p>\n<p><iframe loading=\"lazy\" src=\"\/\/www.youtube.com\/embed\/7Ise1RRnOvI\" width=\"560\" height=\"315\" frameborder=\"0\" allowfullscreen=\"allowfullscreen\"><\/iframe><\/p>\n<!-- AddThis Advanced Settings generic via filter on the_content --><!-- AddThis Share Buttons generic via filter on the_content -->","protected":false},"excerpt":{"rendered":"<p>O \u201cCaf\u00e9 com Lupi\u201d deste s\u00e1bado (11) foi com a presidente nacional do PDT Diversidade, Amanda Anderson. A conversa girou em torno da luta pedetista em defesa da comunidade LGBTQI \u2013 da milit\u00e2ncia aos projetos de lei em tramita\u00e7\u00e3o no Congresso Nacional, passando por candidaturas de integrantes do movimento, presente em 23 estados brasileiros. O&#8230;<!-- AddThis Advanced Settings generic via filter on wp_trim_excerpt --><!-- AddThis Share Buttons generic via filter on wp_trim_excerpt --><\/p>\n","protected":false},"author":17,"featured_media":72476,"comment_status":"closed","ping_status":"closed","sticky":false,"template":"","format":"standard","meta":{"_monsterinsights_skip_tracking":false,"_monsterinsights_sitenote_active":false,"_monsterinsights_sitenote_note":"","_monsterinsights_sitenote_category":0,"_uf_show_specific_survey":0,"_uf_disable_surveys":false,"footnotes":""},"categories":[1397,1401,976,1912],"tags":[3695,3754,59],"class_list":["post-72464","post","type-post","status-publish","format-standard","has-post-thumbnail","hentry","category-movimentos","category-nacional","category-noticias-em-destaque","category-diversidade","tag-cafe-com-lupi","tag-lgbtqi","tag-pdt-diversidade"],"acf":[],"_links":{"self":[{"href":"https:\/\/pdt-rj.org.br\/index.php\/wp-json\/wp\/v2\/posts\/72464","targetHints":{"allow":["GET"]}}],"collection":[{"href":"https:\/\/pdt-rj.org.br\/index.php\/wp-json\/wp\/v2\/posts"}],"about":[{"href":"https:\/\/pdt-rj.org.br\/index.php\/wp-json\/wp\/v2\/types\/post"}],"author":[{"embeddable":true,"href":"https:\/\/pdt-rj.org.br\/index.php\/wp-json\/wp\/v2\/users\/17"}],"replies":[{"embeddable":true,"href":"https:\/\/pdt-rj.org.br\/index.php\/wp-json\/wp\/v2\/comments?post=72464"}],"version-history":[{"count":2,"href":"https:\/\/pdt-rj.org.br\/index.php\/wp-json\/wp\/v2\/posts\/72464\/revisions"}],"predecessor-version":[{"id":72490,"href":"https:\/\/pdt-rj.org.br\/index.php\/wp-json\/wp\/v2\/posts\/72464\/revisions\/72490"}],"wp:featuredmedia":[{"embeddable":true,"href":"https:\/\/pdt-rj.org.br\/index.php\/wp-json\/wp\/v2\/media\/72476"}],"wp:attachment":[{"href":"https:\/\/pdt-rj.org.br\/index.php\/wp-json\/wp\/v2\/media?parent=72464"}],"wp:term":[{"taxonomy":"category","embeddable":true,"href":"https:\/\/pdt-rj.org.br\/index.php\/wp-json\/wp\/v2\/categories?post=72464"},{"taxonomy":"post_tag","embeddable":true,"href":"https:\/\/pdt-rj.org.br\/index.php\/wp-json\/wp\/v2\/tags?post=72464"}],"curies":[{"name":"wp","href":"https:\/\/api.w.org\/{rel}","templated":true}]}}