{"id":72458,"date":"2020-07-10T17:48:29","date_gmt":"2020-07-10T20:48:29","guid":{"rendered":"http:\/\/pdt-rj.org.br\/?p=72458"},"modified":"2020-07-10T17:49:25","modified_gmt":"2020-07-10T20:49:25","slug":"ciro-gomes-andre-figueiredo-e-randolfe-rodrigues-analisam-papel-da-oposicao-no-brasil","status":"publish","type":"post","link":"https:\/\/pdt-rj.org.br\/index.php\/ciro-gomes-andre-figueiredo-e-randolfe-rodrigues-analisam-papel-da-oposicao-no-brasil\/","title":{"rendered":"Ciro Gomes, Andr\u00e9 Figueiredo e Randolfe Rodrigues analisam papel da oposi\u00e7\u00e3o no Brasil"},"content":{"rendered":"<p>Na pr\u00f3xima segunda-feira, \u00e0s 19h, o vice-presidente do PDT, Ciro Gomes, o l\u00edder da oposi\u00e7\u00e3o na C\u00e2mara Federal, Andr\u00e9 Figueiredo (PDT-CE) e o l\u00edder da oposi\u00e7\u00e3o no Senado, Raldolfe Rodrigues (REDE &#8211; AP) estar\u00e3o ao vivo pelo Facebook e YouTube promovendo uma edi\u00e7\u00e3o extra do programa &#8220;Proseando&#8221; para tratar sobre a atua\u00e7\u00e3o da oposi\u00e7\u00e3o no atual cen\u00e1rio pol\u00edtico do Brasil.<\/p>\n<p>Com essa edi\u00e7\u00e3o extra do programa, o idealizador do projeto, Andr\u00e9 Figueiredo, viabiliza junto com os convidados um bate-papo a n\u00edvel nacional acerca das atividades e a\u00e7\u00f5es da oposi\u00e7\u00e3o contra as irresponsabilidades do governo federal de Jair Bolsonaro.<\/p>\n<p>Criado no in\u00edcio do m\u00eas de junho, o programa Proseando tem como objetivo encurtar o distanciamento do p\u00fablico provocado pela pandemia do Coronav\u00edrus.<\/p>\n<p><strong>Servi\u00e7o:<\/strong><\/p>\n<p>\u201cProseando\u201d &#8211; Transmiss\u00e3o pelo YouTube e Facebook dos participantes<\/p>\n<p>Data\/hora: Segunda-feira (13\/07), \u00e0s 19h<\/p>\n<p>Convidados:<br \/>\nCiro Gomes &#8211; Vice-presidente do PDT<br \/>\nRaldolfe Rodrigues (REDE &#8211; AP) &#8211; l\u00edder da oposi\u00e7\u00e3o no Senado<br \/>\nAndr\u00e9 Figueiredo (PDT-CE) \u2013 l\u00edder da oposi\u00e7\u00e3o na C\u00e2mara<\/p>\n<!-- AddThis Advanced Settings generic via filter on the_content --><!-- AddThis Share Buttons generic via filter on the_content -->","protected":false},"excerpt":{"rendered":"<p>Na pr\u00f3xima segunda-feira, \u00e0s 19h, o vice-presidente do PDT, Ciro Gomes, o l\u00edder da oposi\u00e7\u00e3o na C\u00e2mara Federal, Andr\u00e9 Figueiredo (PDT-CE) e o l\u00edder da oposi\u00e7\u00e3o no Senado, Raldolfe Rodrigues (REDE &#8211; AP) estar\u00e3o ao vivo pelo Facebook e YouTube promovendo uma edi\u00e7\u00e3o extra do programa &#8220;Proseando&#8221; para tratar sobre a atua\u00e7\u00e3o da oposi\u00e7\u00e3o no&#8230;<!-- AddThis Advanced Settings generic via filter on wp_trim_excerpt --><!-- AddThis Share Buttons generic via filter on wp_trim_excerpt --><\/p>\n","protected":false},"author":17,"featured_media":72459,"comment_status":"closed","ping_status":"closed","sticky":false,"template":"","format":"standard","meta":{"_monsterinsights_skip_tracking":false,"_monsterinsights_sitenote_active":false,"_monsterinsights_sitenote_note":"","_monsterinsights_sitenote_category":0,"_uf_show_specific_survey":0,"_uf_disable_surveys":false,"footnotes":""},"categories":[1390],"tags":[34,3664,220,3164,3753,3752],"class_list":["post-72458","post","type-post","status-publish","format-standard","has-post-thumbnail","hentry","category-editorias","tag-andre-figueiredo","tag-cenario-politico","tag-ciro-gomes","tag-oposicao","tag-programa-proseando","tag-raldolfe-rodrigues"],"acf":[],"_links":{"self":[{"href":"https:\/\/pdt-rj.org.br\/index.php\/wp-json\/wp\/v2\/posts\/72458","targetHints":{"allow":["GET"]}}],"collection":[{"href":"https:\/\/pdt-rj.org.br\/index.php\/wp-json\/wp\/v2\/posts"}],"about":[{"href":"https:\/\/pdt-rj.org.br\/index.php\/wp-json\/wp\/v2\/types\/post"}],"author":[{"embeddable":true,"href":"https:\/\/pdt-rj.org.br\/index.php\/wp-json\/wp\/v2\/users\/17"}],"replies":[{"embeddable":true,"href":"https:\/\/pdt-rj.org.br\/index.php\/wp-json\/wp\/v2\/comments?post=72458"}],"version-history":[{"count":4,"href":"https:\/\/pdt-rj.org.br\/index.php\/wp-json\/wp\/v2\/posts\/72458\/revisions"}],"predecessor-version":[{"id":72463,"href":"https:\/\/pdt-rj.org.br\/index.php\/wp-json\/wp\/v2\/posts\/72458\/revisions\/72463"}],"wp:featuredmedia":[{"embeddable":true,"href":"https:\/\/pdt-rj.org.br\/index.php\/wp-json\/wp\/v2\/media\/72459"}],"wp:attachment":[{"href":"https:\/\/pdt-rj.org.br\/index.php\/wp-json\/wp\/v2\/media?parent=72458"}],"wp:term":[{"taxonomy":"category","embeddable":true,"href":"https:\/\/pdt-rj.org.br\/index.php\/wp-json\/wp\/v2\/categories?post=72458"},{"taxonomy":"post_tag","embeddable":true,"href":"https:\/\/pdt-rj.org.br\/index.php\/wp-json\/wp\/v2\/tags?post=72458"}],"curies":[{"name":"wp","href":"https:\/\/api.w.org\/{rel}","templated":true}]}}