{"id":72452,"date":"2020-07-10T16:46:41","date_gmt":"2020-07-10T19:46:41","guid":{"rendered":"http:\/\/pdt-rj.org.br\/?p=72452"},"modified":"2020-07-13T13:48:11","modified_gmt":"2020-07-13T16:48:11","slug":"lupi-reafirma-engajamento-do-pdt-no-combate-ao-preconceito-e-a-intolerancia","status":"publish","type":"post","link":"https:\/\/pdt-rj.org.br\/index.php\/lupi-reafirma-engajamento-do-pdt-no-combate-ao-preconceito-e-a-intolerancia\/","title":{"rendered":"Lupi reafirma engajamento do PDT no combate ao preconceito e \u00e0 intoler\u00e2ncia"},"content":{"rendered":"<p>O presidente nacional do PDT, Carlos Lupi, ratificou o compromisso de defesa das causas populares, como a dos representantes tradicionais de matriz africana, durante o debate virtual promovido pelo PDT-Ax\u00e9, nesta sexta-feira (10). \u201cO partido abra\u00e7a esse movimento. Honra e orgulho de onde viemos. Somos a semente de antepassados para continuar construindo nossa hist\u00f3ria\u201d, garantiu.<\/p>\n<p>O encontro, liderado pelo presidente nacional do PDT-Ax\u00e9, Marcelo Monteiro, contou com a participa\u00e7\u00e3o do vice-presidente nacional da sigla, Ciro Gomes, do deputado federal, Paulo Ramos, e de lideran\u00e7as de diversas regi\u00f5es, incluindo os presidentes municipais do movimento em Viam\u00e3o (RS) e Guarulhos (SP), Bab\u00e1 Phil e T\u00e1ta Fernando, respectivamente. Em pauta, a estrutura\u00e7\u00e3o de medidas coordenadas para incorporar avan\u00e7os na regulamenta\u00e7\u00e3o e reconhecimento de direitos, preservar conquistas e se opor a iniciativas que busquem suprimir conquistas.<\/p>\n<p>Durante a transmiss\u00e3o, veiculada nas redes sociais do PDT (confira o v\u00eddeo, ao final, na \u00edntegra) e mediada pela vice-presidente nacional do \u00f3rg\u00e3o pedetista, M\u00e3e Andr\u00e9ia de Oxum, Ciro Gomes, a partir de um paralelo com o desenvolvimentismo nacional e o processo de estagna\u00e7\u00e3o econ\u00f4mica do Brasil, mostra a interrela\u00e7\u00e3o com os impactos percebidos na sociedade, principalmente na base popular e entre as representa\u00e7\u00f5es minorit\u00e1rias.<\/p>\n<p>\u201cN\u00e3o \u00e9 poss\u00edvel construir um efetivo projeto nacional de desenvolvimento para o Brasil sem considerar discuss\u00f5es como esta que estamos tendo hoje. E, no PDT, eu encontro luz para aprender diariamente e poder evoluir na luta pela transforma\u00e7\u00e3o do pa\u00eds\u201d, enaltece o ex-governador do Cear\u00e1, ao completar: \u201cDevemos compreender as diversas fra\u00e7\u00f5es e olhares da sociedade brasileira, diante do conjunto de valores e premissas, para participar dessa formula\u00e7\u00e3o\u201d, completou.<\/p>\n<p><strong>Representatividade<\/strong><\/p>\n<p>Ao citar o lan\u00e7amento da Frente Parlamentar Mista em Defesa dos Povos Tradicionais de Matriz Africana, no pr\u00f3ximo dia 3 de agosto, que tamb\u00e9m agregar\u00e1 um semin\u00e1rio ampliado, Marcelo Monteiro valorizou o progresso na constru\u00e7\u00e3o da teia, organismo suprapartid\u00e1rio do campo democr\u00e1tico que promove a liga\u00e7\u00e3o entre a sociedade e o Congresso Nacional.<\/p>\n<p>\u201cN\u00e3o \u00e9 s\u00f3 o combate \u00e0 intoler\u00e2ncia religiosa, mas tamb\u00e9m a batalha contra o genoc\u00eddio dos povos. Por isso, precisamos formar o nosso povo na promo\u00e7\u00e3o do conhecimento e do valor universal da matriz africana\u201d, comentou, ao citar a integra\u00e7\u00e3o com a Funda\u00e7\u00e3o Leonel Brizola \u2013 Alberto Pasqualini (FLB-AP), presidida por Manoel Dias, no processo de forma\u00e7\u00e3o da milit\u00e2ncia a partir da Universidade Aberta Leonel Brizola (ULB).<\/p>\n<p>No in\u00edcio da sua fala, Paulo Ramos fez quest\u00e3o de legitimar a import\u00e2ncia de \u00edcones pedetistas, como o ex-deputado federal, Abdias Nascimento, primeiro representante efetivo da causa afrodescendente em Bras\u00edlia, bem como ao tamb\u00e9m parlamentar, Carlos Alberto Ca\u00f3, autor da Lei 7.716\/1989, marco que define os crimes em raz\u00e3o de preconceito e discrimina\u00e7\u00e3o de ra\u00e7a ou cor.<\/p>\n<p>\u201cA discrimina\u00e7\u00e3o est\u00e1 a\u00ed. O momento de intoler\u00e2ncia e \u00f3dio est\u00e1 latente, no Brasil, e o governo Bolsonaro ainda corrobora com isso. \u00c9 a tentativa de massacre dos afrodescendentes\u201d, critica Ramos.<\/p>\n<p>\u201cN\u00f3s somos tarefeiros. No mandato, estou \u00e0 disposi\u00e7\u00e3o para seguir ajudando nessa base de sustenta\u00e7\u00e3o das lutas do povo. \u00c9 um dever do PDT, pois o compromisso n\u00f3s j\u00e1 temos. Vamos consagrar a igualdade\u201d, acrescentou.<\/p>\n<p>Como encaminhamento, Lupi prop\u00f4s a realiza\u00e7\u00e3o de uma reuni\u00e3o online do movimento com os l\u00edderes da Oposi\u00e7\u00e3o e do PDT na C\u00e2mara, deputados federais Andr\u00e9 Figueiredo e Wolney Queiroz, respectivamente, al\u00e9m do l\u00edder do partido no Senado, Weverton Rocha, para discutir novas a\u00e7\u00f5es conjuntas com as bancadas.<\/p>\n<p>Confira o evento, na \u00edntegra:<\/p>\n<p><iframe loading=\"lazy\" title=\"PDT - AX\u00c9 e as A\u00e7\u00f5es face a Pandemia COVID-19\" width=\"640\" height=\"360\" src=\"https:\/\/www.youtube.com\/embed\/NW3pugNquB4?feature=oembed\" frameborder=\"0\" allow=\"accelerometer; autoplay; clipboard-write; encrypted-media; gyroscope; picture-in-picture; web-share\" referrerpolicy=\"strict-origin-when-cross-origin\" allowfullscreen><\/iframe><\/p>\n<!-- AddThis Advanced Settings generic via filter on the_content --><!-- AddThis Share Buttons generic via filter on the_content -->","protected":false},"excerpt":{"rendered":"<p>O presidente nacional do PDT, Carlos Lupi, ratificou o compromisso de defesa das causas populares, como a dos representantes tradicionais de matriz africana, durante o debate virtual promovido pelo PDT-Ax\u00e9, nesta sexta-feira (10). \u201cO partido abra\u00e7a esse movimento. Honra e orgulho de onde viemos. Somos a semente de antepassados para continuar construindo nossa hist\u00f3ria\u201d, garantiu&#8230;.<!-- AddThis Advanced Settings generic via filter on wp_trim_excerpt --><!-- AddThis Share Buttons generic via filter on wp_trim_excerpt --><\/p>\n","protected":false},"author":17,"featured_media":72477,"comment_status":"closed","ping_status":"closed","sticky":false,"template":"","format":"standard","meta":{"_monsterinsights_skip_tracking":false,"_monsterinsights_sitenote_active":false,"_monsterinsights_sitenote_note":"","_monsterinsights_sitenote_category":0,"_uf_show_specific_survey":0,"_uf_disable_surveys":false,"footnotes":""},"categories":[1397,976,3303],"tags":[1940,34,2855,220,408,3746,426,3747,3241,3745,931,1598,962,964],"class_list":["post-72452","post","type-post","status-publish","format-standard","has-post-thumbnail","hentry","category-movimentos","category-noticias-em-destaque","category-pdt-axe","tag-abdias-nascimento","tag-andre-figueiredo","tag-carlos-alberto-cao","tag-ciro-gomes","tag-flb-ap","tag-frente-parlamentar-mista-em-defesa-dos-povos-tradicionais-de-matriz-africana","tag-fundacao-leonel-brizola-alberto-pasqualini","tag-marcelo-monteiro","tag-paulo-ramos","tag-representatividade","tag-ulb","tag-universidade-aberta-leonel-brizola","tag-weverton-rocha","tag-wolney-queiroz"],"acf":[],"_links":{"self":[{"href":"https:\/\/pdt-rj.org.br\/index.php\/wp-json\/wp\/v2\/posts\/72452","targetHints":{"allow":["GET"]}}],"collection":[{"href":"https:\/\/pdt-rj.org.br\/index.php\/wp-json\/wp\/v2\/posts"}],"about":[{"href":"https:\/\/pdt-rj.org.br\/index.php\/wp-json\/wp\/v2\/types\/post"}],"author":[{"embeddable":true,"href":"https:\/\/pdt-rj.org.br\/index.php\/wp-json\/wp\/v2\/users\/17"}],"replies":[{"embeddable":true,"href":"https:\/\/pdt-rj.org.br\/index.php\/wp-json\/wp\/v2\/comments?post=72452"}],"version-history":[{"count":2,"href":"https:\/\/pdt-rj.org.br\/index.php\/wp-json\/wp\/v2\/posts\/72452\/revisions"}],"predecessor-version":[{"id":72467,"href":"https:\/\/pdt-rj.org.br\/index.php\/wp-json\/wp\/v2\/posts\/72452\/revisions\/72467"}],"wp:featuredmedia":[{"embeddable":true,"href":"https:\/\/pdt-rj.org.br\/index.php\/wp-json\/wp\/v2\/media\/72477"}],"wp:attachment":[{"href":"https:\/\/pdt-rj.org.br\/index.php\/wp-json\/wp\/v2\/media?parent=72452"}],"wp:term":[{"taxonomy":"category","embeddable":true,"href":"https:\/\/pdt-rj.org.br\/index.php\/wp-json\/wp\/v2\/categories?post=72452"},{"taxonomy":"post_tag","embeddable":true,"href":"https:\/\/pdt-rj.org.br\/index.php\/wp-json\/wp\/v2\/tags?post=72452"}],"curies":[{"name":"wp","href":"https:\/\/api.w.org\/{rel}","templated":true}]}}