{"id":72424,"date":"2020-07-09T14:58:47","date_gmt":"2020-07-09T17:58:47","guid":{"rendered":"http:\/\/pdt-rj.org.br\/?p=72424"},"modified":"2020-07-09T14:58:47","modified_gmt":"2020-07-09T17:58:47","slug":"andre-figueiredo-ressalta-o-papel-da-bancada-da-oposicao-em-defesa-da-democracia","status":"publish","type":"post","link":"https:\/\/pdt-rj.org.br\/index.php\/andre-figueiredo-ressalta-o-papel-da-bancada-da-oposicao-em-defesa-da-democracia\/","title":{"rendered":"Andr\u00e9 Figueiredo ressalta o papel da bancada da oposi\u00e7\u00e3o em defesa da democracia"},"content":{"rendered":"<p>A Funda\u00e7\u00e3o Leonel Brizola &#8211; Alberto Pasqualini de Pernambuco (FLB-AP\/PE) promoveu, nessa quarta-feira (08) mais uma edi\u00e7\u00e3o da s\u00e9rie de entrevistas online, \u201cDialogo trabalhista\u201d. Desta vez, o convidado foi o deputado federal e l\u00edder da oposi\u00e7\u00e3o, Andr\u00e9 Figueiredo (PDT-CE), que debateu junto com o presidente da FLB-AP\/PE, Pedro Joseph, o papel da oposi\u00e7\u00e3o no atual governo.<\/p>\n<p>Na ocasi\u00e3o, os pedetistas falaram sobre as crises do governo em praticamente todas as pastas ministeriais: educa\u00e7\u00e3o, sa\u00fade, meio ambiente, Minist\u00e9rio da Mulher, da Fam\u00edlia e dos Direitos Humanos, al\u00e9m de abordarem as dificuldades e o papel de fiscaliza\u00e7\u00e3o dos atos da administra\u00e7\u00e3o do governo Bolsonaro.<\/p>\n<p>\u201cInfelizmente, n\u00f3s temos um presidente que trabalha para o seu secto de seguidores, que s\u00e3o baseados pelo \u00f3dio, desprezando os mais de 70% da popula\u00e7\u00e3o brasileira que se revoltam com toda essa situa\u00e7\u00e3o de atrocidades que a gente t\u00e1 tendo que enfrentar\u201d, afirmou Andr\u00e9 Figueredo.<\/p>\n<p>Em sua participa\u00e7\u00e3o, o deputado tamb\u00e9m ressaltou algumas das a\u00e7\u00f5es vitoriosas da bancada da oposi\u00e7\u00e3o que garantiu direitos \u00e0 popula\u00e7\u00e3o, principalmente agora em tempos de\u00a0 pandemia, como foi o caso da aprova\u00e7\u00e3o do decreto que declarou calamidade p\u00fablica no Brasil, al\u00e9m do projeto que garante o aux\u00edlio emergencial no valor de R$ 600,00, podendo chegar at\u00e9 R$ 1.200 dependendo da situa\u00e7\u00e3o familiar.<\/p>\n<p>\u201cN\u00f3s estamos trabalhando, dentro do parlamento, com muita consci\u00eancia. N\u00f3s n\u00e3o queremos ser oposi\u00e7\u00e3o para jogar pedra. N\u00f3s queremos ser oposi\u00e7\u00e3o para o papel a que nos foi delegado pela popula\u00e7\u00e3o brasileira, de fiscalizarmos, de aprovarmos legisla\u00e7\u00f5es que realmente sejam ben\u00e9ficas \u00e0 popula\u00e7\u00e3o que n\u00f3s temos o dever de representar e tamb\u00e9m para fazermos um discurso pol\u00edtico de enfrentamento e de den\u00fancia, principalmente das atrocidades que o governo Bolsonaro vem fazendo\u201d, afirmou o deputado federal.<\/p>\n<!-- AddThis Advanced Settings generic via filter on the_content --><!-- AddThis Share Buttons generic via filter on the_content -->","protected":false},"excerpt":{"rendered":"<p>A Funda\u00e7\u00e3o Leonel Brizola &#8211; Alberto Pasqualini de Pernambuco (FLB-AP\/PE) promoveu, nessa quarta-feira (08) mais uma edi\u00e7\u00e3o da s\u00e9rie de entrevistas online, \u201cDialogo trabalhista\u201d. Desta vez, o convidado foi o deputado federal e l\u00edder da oposi\u00e7\u00e3o, Andr\u00e9 Figueiredo (PDT-CE), que debateu junto com o presidente da FLB-AP\/PE, Pedro Joseph, o papel da oposi\u00e7\u00e3o no atual&#8230;<!-- AddThis Advanced Settings generic via filter on wp_trim_excerpt --><!-- AddThis Share Buttons generic via filter on wp_trim_excerpt --><\/p>\n","protected":false},"author":17,"featured_media":72425,"comment_status":"closed","ping_status":"closed","sticky":false,"template":"","format":"standard","meta":{"_monsterinsights_skip_tracking":false,"_monsterinsights_sitenote_active":false,"_monsterinsights_sitenote_note":"","_monsterinsights_sitenote_category":0,"_uf_show_specific_survey":0,"_uf_disable_surveys":false,"footnotes":""},"categories":[1390,3328],"tags":[34,3376,3738,426,3502,3737],"class_list":["post-72424","post","type-post","status-publish","format-standard","has-post-thumbnail","hentry","category-editorias","category-flb-ap","tag-andre-figueiredo","tag-auxilio-emergencial","tag-fiscalizacao","tag-fundacao-leonel-brizola-alberto-pasqualini","tag-lider-da-oposicao","tag-pastas-ministeriais"],"acf":[],"_links":{"self":[{"href":"https:\/\/pdt-rj.org.br\/index.php\/wp-json\/wp\/v2\/posts\/72424","targetHints":{"allow":["GET"]}}],"collection":[{"href":"https:\/\/pdt-rj.org.br\/index.php\/wp-json\/wp\/v2\/posts"}],"about":[{"href":"https:\/\/pdt-rj.org.br\/index.php\/wp-json\/wp\/v2\/types\/post"}],"author":[{"embeddable":true,"href":"https:\/\/pdt-rj.org.br\/index.php\/wp-json\/wp\/v2\/users\/17"}],"replies":[{"embeddable":true,"href":"https:\/\/pdt-rj.org.br\/index.php\/wp-json\/wp\/v2\/comments?post=72424"}],"version-history":[{"count":5,"href":"https:\/\/pdt-rj.org.br\/index.php\/wp-json\/wp\/v2\/posts\/72424\/revisions"}],"predecessor-version":[{"id":72430,"href":"https:\/\/pdt-rj.org.br\/index.php\/wp-json\/wp\/v2\/posts\/72424\/revisions\/72430"}],"wp:featuredmedia":[{"embeddable":true,"href":"https:\/\/pdt-rj.org.br\/index.php\/wp-json\/wp\/v2\/media\/72425"}],"wp:attachment":[{"href":"https:\/\/pdt-rj.org.br\/index.php\/wp-json\/wp\/v2\/media?parent=72424"}],"wp:term":[{"taxonomy":"category","embeddable":true,"href":"https:\/\/pdt-rj.org.br\/index.php\/wp-json\/wp\/v2\/categories?post=72424"},{"taxonomy":"post_tag","embeddable":true,"href":"https:\/\/pdt-rj.org.br\/index.php\/wp-json\/wp\/v2\/tags?post=72424"}],"curies":[{"name":"wp","href":"https:\/\/api.w.org\/{rel}","templated":true}]}}