{"id":72414,"date":"2020-07-09T00:29:40","date_gmt":"2020-07-09T03:29:40","guid":{"rendered":"http:\/\/pdt-rj.org.br\/?p=72414"},"modified":"2020-07-09T00:30:51","modified_gmt":"2020-07-09T03:30:51","slug":"ricardo-dias-assume-oficialmente-a-presidencia-do-pdt-de-maringa-pr","status":"publish","type":"post","link":"https:\/\/pdt-rj.org.br\/index.php\/ricardo-dias-assume-oficialmente-a-presidencia-do-pdt-de-maringa-pr\/","title":{"rendered":"Ricardo Dias assume oficialmente a presid\u00eancia do PDT de Maring\u00e1 (PR)"},"content":{"rendered":"<p>Nesta segunda-feira (06), o professor Ricardo Dias foi oficializado como novo presidente da Executiva Municipal do PDT de Maring\u00e1. O ato foi realizado durante reuni\u00e3o virtual que contou com a presen\u00e7a do presidente do PDT Paran\u00e1, Andr\u00e9 Menegotto, e demais membros das Executivas Estadual e Municipal.<\/p>\n<p>Ricardo Dias assume o partido com a miss\u00e3o de fortalecimento e de renova\u00e7\u00e3o do PDT na terceira maior cidade do Paran\u00e1. A prioridade \u00e9 trabalhar para a consolida\u00e7\u00e3o das chapas majorit\u00e1ria e proporcional para as elei\u00e7\u00f5es municipais, visto que Maring\u00e1 figura entra as 200 maiores cidades do Brasil em que o PDT dever\u00e1 lan\u00e7ar candidatura pr\u00f3pria a prefeito ou prefeita.<\/p>\n<p>\u201cA nova Executiva do PDT de Maring\u00e1 assume num momento dif\u00edcil de reconstru\u00e7\u00e3o, mas n\u00e3o temos d\u00favidas de que essa Executiva tem total condi\u00e7\u00f5es de representar algo novo na cidade. E n\u00f3s vamos investir para fortalecer a nossa chapa de candidatos proporcionais e tamb\u00e9m na defini\u00e7\u00e3o da chapa majorit\u00e1ria\u201d, afirmou Andr\u00e9 Menegotto.<\/p>\n<p>Arquiteto e urbanista, o vice-reitor da Universidade Estadual de Maring\u00e1, Ricardo Dias, reconheceu as dificuldades que enfrentar\u00e1 na condu\u00e7\u00e3o do PDT Maring\u00e1, mas reafirmou a sua disposi\u00e7\u00e3o em colaborar no projeto do partido que tem como bandeira principal a Educa\u00e7\u00e3o.<\/p>\n<p>\u201cOs desafios s\u00e3o grandes em rela\u00e7\u00e3o \u00e0 candidatura majorit\u00e1ria e tamb\u00e9m em rela\u00e7\u00e3o \u00e0s quest\u00f5es estruturais do partido. Mas montamos a executiva municipal com bons quadros e estamos recebendo todo o apoio da Executiva Estadual para levar esse projeto adiante\u201d, afirmou Ricardo Dias.<\/p>\n<p>Tamb\u00e9m presente da reuni\u00e3o, o vereador Odair Fogueteiro afirmou que o PDT possui uma das melhores chapas proporcionais e que este \u00e9 o momento de repensar e fortalecer o partido.<\/p>\n<p>Andr\u00e9 Menegotto ressaltou que nas elei\u00e7\u00f5es de 2018, mesmo com as dificuldades enfrentadas durante a campanha, Ciro Gomes foi o segundo mais votado em Maring\u00e1. \u201cE hoje eu tenho certeza que esse eleitorado \u00e9 muito maior. Temos um Projeto de Desenvolvimento Nacional forte e definido, estamos fortalecendo os nossos movimentos de base e Maring\u00e1 tamb\u00e9m ter\u00e1 um projeto eleitoral definido com apoio total e irrestrito da dire\u00e7\u00e3o estadual\u201d, afirmou Andr\u00e9 Menegotto.<\/p>\n<p>Esta foi a primeira reuni\u00e3o do plano de trabalho elaborado em parceria com a Executiva Estadual. Tamb\u00e9m participaram da reuni\u00e3o Luiza Simonelli e Marcia Raquel, pelo PDT Paran\u00e1, e Jo\u00e3o Gabriel, Jos\u00e9 Fugi, Agnaldo de Melo, Igor Jos\u00e9 Botelho, Delton Felipe, Jeane Coke, Roberto Ara\u00fajo e Beti Cal\u00e7avara, pela Executiva Municipal.<\/p>\n<!-- AddThis Advanced Settings generic via filter on the_content --><!-- AddThis Share Buttons generic via filter on the_content -->","protected":false},"excerpt":{"rendered":"<p>Nesta segunda-feira (06), o professor Ricardo Dias foi oficializado como novo presidente da Executiva Municipal do PDT de Maring\u00e1. O ato foi realizado durante reuni\u00e3o virtual que contou com a presen\u00e7a do presidente do PDT Paran\u00e1, Andr\u00e9 Menegotto, e demais membros das Executivas Estadual e Municipal. Ricardo Dias assume o partido com a miss\u00e3o de&#8230;<!-- AddThis Advanced Settings generic via filter on wp_trim_excerpt --><!-- AddThis Share Buttons generic via filter on wp_trim_excerpt --><\/p>\n","protected":false},"author":17,"featured_media":72415,"comment_status":"closed","ping_status":"closed","sticky":false,"template":"","format":"standard","meta":{"_monsterinsights_skip_tracking":false,"_monsterinsights_sitenote_active":false,"_monsterinsights_sitenote_note":"","_monsterinsights_sitenote_category":0,"_uf_show_specific_survey":0,"_uf_disable_surveys":false,"footnotes":""},"categories":[1390,1402],"tags":[3112,1667,3360,3395],"class_list":["post-72414","post","type-post","status-publish","format-standard","has-post-thumbnail","hentry","category-editorias","category-cidades","tag-andre-menegotto","tag-maringa-pr","tag-pdt-do-parana","tag-ricardo-dias"],"acf":[],"_links":{"self":[{"href":"https:\/\/pdt-rj.org.br\/index.php\/wp-json\/wp\/v2\/posts\/72414","targetHints":{"allow":["GET"]}}],"collection":[{"href":"https:\/\/pdt-rj.org.br\/index.php\/wp-json\/wp\/v2\/posts"}],"about":[{"href":"https:\/\/pdt-rj.org.br\/index.php\/wp-json\/wp\/v2\/types\/post"}],"author":[{"embeddable":true,"href":"https:\/\/pdt-rj.org.br\/index.php\/wp-json\/wp\/v2\/users\/17"}],"replies":[{"embeddable":true,"href":"https:\/\/pdt-rj.org.br\/index.php\/wp-json\/wp\/v2\/comments?post=72414"}],"version-history":[{"count":3,"href":"https:\/\/pdt-rj.org.br\/index.php\/wp-json\/wp\/v2\/posts\/72414\/revisions"}],"predecessor-version":[{"id":72418,"href":"https:\/\/pdt-rj.org.br\/index.php\/wp-json\/wp\/v2\/posts\/72414\/revisions\/72418"}],"wp:featuredmedia":[{"embeddable":true,"href":"https:\/\/pdt-rj.org.br\/index.php\/wp-json\/wp\/v2\/media\/72415"}],"wp:attachment":[{"href":"https:\/\/pdt-rj.org.br\/index.php\/wp-json\/wp\/v2\/media?parent=72414"}],"wp:term":[{"taxonomy":"category","embeddable":true,"href":"https:\/\/pdt-rj.org.br\/index.php\/wp-json\/wp\/v2\/categories?post=72414"},{"taxonomy":"post_tag","embeddable":true,"href":"https:\/\/pdt-rj.org.br\/index.php\/wp-json\/wp\/v2\/tags?post=72414"}],"curies":[{"name":"wp","href":"https:\/\/api.w.org\/{rel}","templated":true}]}}