{"id":72409,"date":"2020-07-08T20:20:01","date_gmt":"2020-07-08T23:20:01","guid":{"rendered":"http:\/\/pdt-rj.org.br\/?p=72409"},"modified":"2020-07-08T20:20:01","modified_gmt":"2020-07-08T23:20:01","slug":"lei-de-combate-a-violencia-domestica-durante-a-pandemia-entra-em-vigor","status":"publish","type":"post","link":"https:\/\/pdt-rj.org.br\/index.php\/lei-de-combate-a-violencia-domestica-durante-a-pandemia-entra-em-vigor\/","title":{"rendered":"Lei de combate \u00e0 viol\u00eancia dom\u00e9stica durante a pandemia entra em vigor"},"content":{"rendered":"<p>Entrou em vigor nesta quarta-feira (8) a lei que assegura pleno funcionamento, durante a pandemia de Covid-19, dos \u00f3rg\u00e3os de atendimento a mulheres, crian\u00e7as, adolescentes, pessoas idosas e cidad\u00e3os com defici\u00eancia v\u00edtimas de viol\u00eancia dom\u00e9stica ou familiar (Lei 14.022\/20). Relatado na C\u00e2mara pela deputada Fl\u00e1via Morais (PDT-GO), o projeto que originou a lei foi aprovado no Congresso em 10 de junho e sancionado sem vetos.<\/p>\n<p>Pela nova lei, o atendimento \u00e0s v\u00edtimas \u00e9 considerado servi\u00e7o essencial e n\u00e3o poder\u00e1 ser interrompido durante a pandemia. Den\u00fancias recebidas nesse per\u00edodo pela Central de Atendimento \u00e0 Mulher em Situa\u00e7\u00e3o de Viol\u00eancia (Ligue 180) ou pelo servi\u00e7o de prote\u00e7\u00e3o de crian\u00e7as e adolescentes com foco em viol\u00eancia sexual (Disque 100) dever\u00e3o ser encaminhadas \u00e0s autoridades em at\u00e9 48 horas.<\/p>\n<p>Al\u00e9m de obrigar, em todos os casos, o atendimento \u00e1gil \u00e0s demandas que impliquem risco \u00e0 integridade da mulher, do idoso, da crian\u00e7a e do adolescente, o texto exige que os \u00f3rg\u00e3os de seguran\u00e7a criem canais gratuitos de comunica\u00e7\u00e3o interativos para atendimento virtual, acess\u00edveis por celulares e computadores.<\/p>\n<p><strong>Atendimento presencial<\/strong><br \/>\nO atendimento presencial ser\u00e1 obrigat\u00f3rio para casos que envolvam os crimes de feminic\u00eddio; les\u00e3o corporal grave ou grav\u00edssima; les\u00e3o corporal seguida de morte; amea\u00e7a praticada com uso de arma de fogo; estupro; crimes sexuais contra menores de 14 anos ou vulner\u00e1veis; descumprimento de medidas protetivas; e crimes contra adolescentes e idosos.<\/p>\n<p>Para a relatora, Fl\u00e1via Morais, \u00e9 importante reafirmar a essencialidade dos servi\u00e7os de repress\u00e3o \u00e0 viol\u00eancia contra a mulher. Segundo ela, \u00e9 necess\u00e1rio deixar claro que, \u201cquando se trata de crimes de estupro e feminic\u00eddio, deve-se assegurar atendimentos presenciais, inclusive domiciliares, de forma a reduzir os impactos da pandemia na vida e na integridade das mulheres\u201d.<\/p>\n<p>Conforme a lei, mesmo durante a pandemia, os institutos m\u00e9dico-legais dever\u00e3o garantir a realiza\u00e7\u00e3o de exames de corpo de delito quando se tratar de crime que envolva viol\u00eancia dom\u00e9stica e familiar contra mulher; viol\u00eancia contra crian\u00e7a, adolescente, idoso ou pessoa com defici\u00eancia. Os governos poder\u00e3o criar equipes m\u00f3veis para atender \u00e0s v\u00edtimas de crimes sexuais.<\/p>\n<p><strong>Medidas protetivas<\/strong><br \/>\nA nova lei permite que medidas protetivas de urg\u00eancia possam ser solicitadas por meio de atendimento online. Previstas na Lei Maria da Penha, as medidas protetivas s\u00e3o um conjunto de imposi\u00e7\u00f5es ao agressor com o objetivo de garantir a integridade da v\u00edtima.<\/p>\n<p>As medidas protetivas j\u00e1 em vigor, segundo a lei, ser\u00e3o automaticamente prorrogadas durante todo o per\u00edodo de calamidade p\u00fablica em territ\u00f3rio nacional. O ofensor ser\u00e1 intimado pelo juiz, ainda que por meios eletr\u00f4nicos, para ser notificado da prorroga\u00e7\u00e3o das medidas.<\/p>\n<!-- AddThis Advanced Settings generic via filter on the_content --><!-- AddThis Share Buttons generic via filter on the_content -->","protected":false},"excerpt":{"rendered":"<p>Entrou em vigor nesta quarta-feira (8) a lei que assegura pleno funcionamento, durante a pandemia de Covid-19, dos \u00f3rg\u00e3os de atendimento a mulheres, crian\u00e7as, adolescentes, pessoas idosas e cidad\u00e3os com defici\u00eancia v\u00edtimas de viol\u00eancia dom\u00e9stica ou familiar (Lei 14.022\/20). Relatado na C\u00e2mara pela deputada Fl\u00e1via Morais (PDT-GO), o projeto que originou a lei foi aprovado&#8230;<!-- AddThis Advanced Settings generic via filter on wp_trim_excerpt --><!-- AddThis Share Buttons generic via filter on wp_trim_excerpt --><\/p>\n","protected":false},"author":17,"featured_media":72410,"comment_status":"closed","ping_status":"closed","sticky":false,"template":"","format":"standard","meta":{"_monsterinsights_skip_tracking":false,"_monsterinsights_sitenote_active":false,"_monsterinsights_sitenote_note":"","_monsterinsights_sitenote_category":0,"_uf_show_specific_survey":0,"_uf_disable_surveys":false,"footnotes":""},"categories":[976],"tags":[],"class_list":["post-72409","post","type-post","status-publish","format-standard","has-post-thumbnail","hentry","category-noticias-em-destaque"],"acf":[],"_links":{"self":[{"href":"https:\/\/pdt-rj.org.br\/index.php\/wp-json\/wp\/v2\/posts\/72409","targetHints":{"allow":["GET"]}}],"collection":[{"href":"https:\/\/pdt-rj.org.br\/index.php\/wp-json\/wp\/v2\/posts"}],"about":[{"href":"https:\/\/pdt-rj.org.br\/index.php\/wp-json\/wp\/v2\/types\/post"}],"author":[{"embeddable":true,"href":"https:\/\/pdt-rj.org.br\/index.php\/wp-json\/wp\/v2\/users\/17"}],"replies":[{"embeddable":true,"href":"https:\/\/pdt-rj.org.br\/index.php\/wp-json\/wp\/v2\/comments?post=72409"}],"version-history":[{"count":1,"href":"https:\/\/pdt-rj.org.br\/index.php\/wp-json\/wp\/v2\/posts\/72409\/revisions"}],"predecessor-version":[{"id":72411,"href":"https:\/\/pdt-rj.org.br\/index.php\/wp-json\/wp\/v2\/posts\/72409\/revisions\/72411"}],"wp:featuredmedia":[{"embeddable":true,"href":"https:\/\/pdt-rj.org.br\/index.php\/wp-json\/wp\/v2\/media\/72410"}],"wp:attachment":[{"href":"https:\/\/pdt-rj.org.br\/index.php\/wp-json\/wp\/v2\/media?parent=72409"}],"wp:term":[{"taxonomy":"category","embeddable":true,"href":"https:\/\/pdt-rj.org.br\/index.php\/wp-json\/wp\/v2\/categories?post=72409"},{"taxonomy":"post_tag","embeddable":true,"href":"https:\/\/pdt-rj.org.br\/index.php\/wp-json\/wp\/v2\/tags?post=72409"}],"curies":[{"name":"wp","href":"https:\/\/api.w.org\/{rel}","templated":true}]}}