{"id":72400,"date":"2020-07-08T16:14:30","date_gmt":"2020-07-08T19:14:30","guid":{"rendered":"http:\/\/pdt-rj.org.br\/?p=72400"},"modified":"2020-07-11T18:45:08","modified_gmt":"2020-07-11T21:45:08","slug":"nos-temos-como-virar-o-jogo-diz-ciro-sobre-crise-brasileira","status":"publish","type":"post","link":"https:\/\/pdt-rj.org.br\/index.php\/nos-temos-como-virar-o-jogo-diz-ciro-sobre-crise-brasileira\/","title":{"rendered":"&#8220;N\u00f3s temos como virar o jogo&#8221;, diz Ciro sobre crise brasileira"},"content":{"rendered":"<p>Ciro Gomes foi o entrevistado do programa Caf\u00e9 da Manh\u00e3, da TV Cultura Litoral, na manh\u00e3 de ontem (7). O vice-presidente do PDT conversou com os jornalistas por cerca de uma hora e meia e discorreu acerca de economia, fake news, pandemia, governo Bolsonaro e o livro \u201cProjeto Nacional: o dever da esperan\u00e7a\u201d, de sua autoria.<\/p>\n<p>A obra de Ciro Gomes est\u00e1 em primeiro lugar na lista de mais vendidos da Revista Veja e foi o mote central da conversa. A publica\u00e7\u00e3o faz um diagn\u00f3stico do Brasil atual e prop\u00f5e alternativas para a calamitosa situa\u00e7\u00e3o do pa\u00eds. \u201c\u00c9 um livro que mostra o problema estrutural do Brasil, mas que termina com muita esperan\u00e7a porque n\u00f3s temos como virar o jogo\u201d, afirmou o pedetista.<\/p>\n<p>\u201cQuanto custa <a nacional>? Como dividir corretamente essa conta numa reforma fiscal \u2013 quer dizer, previdenci\u00e1ria, tribut\u00e1ria, mercado de capitais \u2013 em dire\u00e7\u00e3o a emancipar o nosso povo? Principalmente por uma educa\u00e7\u00e3o capacitadora, que transmita essas formas de vanguarda para toda a nossa base produtiva\u201d, avaliou Ciro.<\/p>\n<p>Ao ser indagado sobre o socorro do governo brasileiro \u00e0s pequenas e m\u00e9dias empresas que est\u00e3o colapsando com os efeitos da pandemia do Covid-19, Ciro afirmou que nada de eficiente foi feito at\u00e9 ent\u00e3o. O presidenci\u00e1vel foi taxativo: \u201cOu n\u00f3s chegamos rapidamente com socorro \u00e0s empresas, ou simplesmente o tecido produtivo brasileiro vai para o vinagre\u201d.<\/p>\n<p>Quer saber tudo que rolou na entrevista. Assista ao v\u00eddeo abaixo!<\/p>\n<p><iframe loading=\"lazy\" src=\"\/\/www.youtube.com\/embed\/vLS3ec2nZ6Y\" width=\"560\" height=\"315\" frameborder=\"0\" allowfullscreen=\"allowfullscreen\"><\/iframe><\/p>\n<!-- AddThis Advanced Settings generic via filter on the_content --><!-- AddThis Share Buttons generic via filter on the_content -->","protected":false},"excerpt":{"rendered":"<p>Ciro Gomes foi o entrevistado do programa Caf\u00e9 da Manh\u00e3, da TV Cultura Litoral, na manh\u00e3 de ontem (7). O vice-presidente do PDT conversou com os jornalistas por cerca de uma hora e meia e discorreu acerca de economia, fake news, pandemia, governo Bolsonaro e o livro \u201cProjeto Nacional: o dever da esperan\u00e7a\u201d, de sua&#8230;<!-- AddThis Advanced Settings generic via filter on wp_trim_excerpt --><!-- AddThis Share Buttons generic via filter on wp_trim_excerpt --><\/p>\n","protected":false},"author":17,"featured_media":72401,"comment_status":"closed","ping_status":"closed","sticky":false,"template":"","format":"standard","meta":{"_monsterinsights_skip_tracking":false,"_monsterinsights_sitenote_active":false,"_monsterinsights_sitenote_note":"","_monsterinsights_sitenote_category":0,"_uf_show_specific_survey":0,"_uf_disable_surveys":false,"footnotes":""},"categories":[1390,1401],"tags":[],"class_list":["post-72400","post","type-post","status-publish","format-standard","has-post-thumbnail","hentry","category-editorias","category-nacional"],"acf":[],"_links":{"self":[{"href":"https:\/\/pdt-rj.org.br\/index.php\/wp-json\/wp\/v2\/posts\/72400","targetHints":{"allow":["GET"]}}],"collection":[{"href":"https:\/\/pdt-rj.org.br\/index.php\/wp-json\/wp\/v2\/posts"}],"about":[{"href":"https:\/\/pdt-rj.org.br\/index.php\/wp-json\/wp\/v2\/types\/post"}],"author":[{"embeddable":true,"href":"https:\/\/pdt-rj.org.br\/index.php\/wp-json\/wp\/v2\/users\/17"}],"replies":[{"embeddable":true,"href":"https:\/\/pdt-rj.org.br\/index.php\/wp-json\/wp\/v2\/comments?post=72400"}],"version-history":[{"count":4,"href":"https:\/\/pdt-rj.org.br\/index.php\/wp-json\/wp\/v2\/posts\/72400\/revisions"}],"predecessor-version":[{"id":72468,"href":"https:\/\/pdt-rj.org.br\/index.php\/wp-json\/wp\/v2\/posts\/72400\/revisions\/72468"}],"wp:featuredmedia":[{"embeddable":true,"href":"https:\/\/pdt-rj.org.br\/index.php\/wp-json\/wp\/v2\/media\/72401"}],"wp:attachment":[{"href":"https:\/\/pdt-rj.org.br\/index.php\/wp-json\/wp\/v2\/media?parent=72400"}],"wp:term":[{"taxonomy":"category","embeddable":true,"href":"https:\/\/pdt-rj.org.br\/index.php\/wp-json\/wp\/v2\/categories?post=72400"},{"taxonomy":"post_tag","embeddable":true,"href":"https:\/\/pdt-rj.org.br\/index.php\/wp-json\/wp\/v2\/tags?post=72400"}],"curies":[{"name":"wp","href":"https:\/\/api.w.org\/{rel}","templated":true}]}}