{"id":72365,"date":"2020-07-07T22:00:52","date_gmt":"2020-07-08T01:00:52","guid":{"rendered":"http:\/\/pdt-rj.org.br\/?p=72365"},"modified":"2020-07-07T22:11:51","modified_gmt":"2020-07-08T01:11:51","slug":"dr-mario-heringer-defende-responsabilidade-na-flexibilizacao-de-distanciamento-social","status":"publish","type":"post","link":"https:\/\/pdt-rj.org.br\/index.php\/dr-mario-heringer-defende-responsabilidade-na-flexibilizacao-de-distanciamento-social\/","title":{"rendered":"Dr. M\u00e1rio Heringer defende responsabilidade na flexibiliza\u00e7\u00e3o de distanciamento social"},"content":{"rendered":"<p>O deputado federal Dr. M\u00e1rio Heringer (PDT-MG) apresentou dois projetos de lei (PL) que cont\u00e9m planos de a\u00e7\u00f5es preventivas e combatentes \u00e0 Covid-19. O PL 3514\/2020 prop\u00f5e condicionar a flexibiliza\u00e7\u00e3o das medidas de distanciamento social \u00e0 gravidade da situa\u00e7\u00e3o da pandemia em cada cidade e tamb\u00e9m \u00e0 quantidade de leitos de Unidades de Tratamento Intensivo (UTI\u2019s). J\u00e1 o PL 3517\/2020 tem o objetivo de evitar a interioriza\u00e7\u00e3o e a dissemina\u00e7\u00e3o do novo coronav\u00edrus em regi\u00f5es ainda n\u00e3o atingidas pela pandemia.<\/p>\n<p>M\u00e9dico e gerente hospitalar, M\u00e1rio Heringer defende que atos para reabertura de com\u00e9rcio e servi\u00e7os devem ser acompanhados por justificativa razo\u00e1vel, que explique a adequa\u00e7\u00e3o da medida ao quadro de contamina\u00e7\u00e3o em escala local, levando-se em considera\u00e7\u00e3o a disponibilidade de UTI\u2019s, a capacidade de atendimento hospitalar, e o ritmo de evolu\u00e7\u00e3o dos casos.<\/p>\n<p>\u201cNo atual momento, mesmo com a curva de contamina\u00e7\u00e3o seguindo em movimento ascensional, muitas unidades da federa\u00e7\u00e3o adotam amplas flexibiliza\u00e7\u00f5es das medidas inicialmente adotadas para conten\u00e7\u00e3o da propaga\u00e7\u00e3o do v\u00edrus. \u00c9 certo que a economia do Pa\u00eds n\u00e3o pode ser deixada \u00e0 m\u00edngua, pois ela representa diretamente o sustento das fam\u00edlias e tamb\u00e9m as riquezas da na\u00e7\u00e3o. Por\u00e9m, n\u00e3o \u00e9 poss\u00edvel esquecer que a maior riqueza de qualquer na\u00e7\u00e3o \u00e9, e sempre ser\u00e1, o seu povo\u201d, justifica o parlamentar, segundo-secret\u00e1rio da C\u00e2mara dos Deputados.<\/p>\n<p>O deputado reafirma ainda a import\u00e2ncia dos gestores de cada regi\u00e3o, agirem com responsabilidade e clareza ao flexibilizarem as a\u00e7\u00f5es de combate ao Coronav\u00edrus.<\/p>\n<p>\u201cDevemos responder por nossos atos e suas respectivas consequ\u00eancias. N\u00e3o \u00e9 porque estamos em uma pandemia e com algumas cidades em calamidade p\u00fablica que estamos livres de responsabilidades e responsabiliza\u00e7\u00f5es. Pelo contr\u00e1rio. O agente p\u00fablico deve agir com m\u00e1xima cautela e com base em evid\u00eancias que assegurem a prote\u00e7\u00e3o da vida. CNPJ podemos recuperar\u201d.<\/p>\n<p>O projeto 3514\/2020 acrescenta a medida \u00e0 <a href=\"http:\/\/www2.camara.gov.br\/legin\/fed\/lei\/2020\/lei-13979-6-fevereiro-2020-789744-norma-pl.html\">Lei 13.979\/20<\/a>, que trata do enfrentamento da Covid-19 no Brasil. A autoridade que desrespeitar a regra, caso ela vire lei, ser\u00e1 responsabilizada.<\/p>\n<p>Leia tamb\u00e9m<\/p>\n<p><a href=\"http:\/\/pdt-rj.org.br\/index.php\/pl-de-mario-heringer-exige-teste-de-covid-19-em-municipios-nao-atingidos-pelo-virus\/\"> PL de M\u00e1rio Heringer exige teste de Covid-19 em munic\u00edpios n\u00e3o atingidos pelo v\u00edrus<\/a><\/p>\n<!-- AddThis Advanced Settings generic via filter on the_content --><!-- AddThis Share Buttons generic via filter on the_content -->","protected":false},"excerpt":{"rendered":"<p>O deputado federal Dr. M\u00e1rio Heringer (PDT-MG) apresentou dois projetos de lei (PL) que cont\u00e9m planos de a\u00e7\u00f5es preventivas e combatentes \u00e0 Covid-19. O PL 3514\/2020 prop\u00f5e condicionar a flexibiliza\u00e7\u00e3o das medidas de distanciamento social \u00e0 gravidade da situa\u00e7\u00e3o da pandemia em cada cidade e tamb\u00e9m \u00e0 quantidade de leitos de Unidades de Tratamento Intensivo&#8230;<!-- AddThis Advanced Settings generic via filter on wp_trim_excerpt --><!-- AddThis Share Buttons generic via filter on wp_trim_excerpt --><\/p>\n","protected":false},"author":17,"featured_media":72368,"comment_status":"closed","ping_status":"closed","sticky":false,"template":"","format":"standard","meta":{"_monsterinsights_skip_tracking":false,"_monsterinsights_sitenote_active":false,"_monsterinsights_sitenote_note":"","_monsterinsights_sitenote_category":0,"_uf_show_specific_survey":0,"_uf_disable_surveys":false,"footnotes":""},"categories":[1390,1459],"tags":[3316,3348,3390,3730,3731],"class_list":["post-72365","post","type-post","status-publish","format-standard","has-post-thumbnail","hentry","category-editorias","category-congresso","tag-coronavirus","tag-covid-19","tag-distanciamento-social","tag-flexibilizacao-das-medidas","tag-unidades-de-tratamento-intensivo"],"acf":[],"_links":{"self":[{"href":"https:\/\/pdt-rj.org.br\/index.php\/wp-json\/wp\/v2\/posts\/72365","targetHints":{"allow":["GET"]}}],"collection":[{"href":"https:\/\/pdt-rj.org.br\/index.php\/wp-json\/wp\/v2\/posts"}],"about":[{"href":"https:\/\/pdt-rj.org.br\/index.php\/wp-json\/wp\/v2\/types\/post"}],"author":[{"embeddable":true,"href":"https:\/\/pdt-rj.org.br\/index.php\/wp-json\/wp\/v2\/users\/17"}],"replies":[{"embeddable":true,"href":"https:\/\/pdt-rj.org.br\/index.php\/wp-json\/wp\/v2\/comments?post=72365"}],"version-history":[{"count":14,"href":"https:\/\/pdt-rj.org.br\/index.php\/wp-json\/wp\/v2\/posts\/72365\/revisions"}],"predecessor-version":[{"id":72380,"href":"https:\/\/pdt-rj.org.br\/index.php\/wp-json\/wp\/v2\/posts\/72365\/revisions\/72380"}],"wp:featuredmedia":[{"embeddable":true,"href":"https:\/\/pdt-rj.org.br\/index.php\/wp-json\/wp\/v2\/media\/72368"}],"wp:attachment":[{"href":"https:\/\/pdt-rj.org.br\/index.php\/wp-json\/wp\/v2\/media?parent=72365"}],"wp:term":[{"taxonomy":"category","embeddable":true,"href":"https:\/\/pdt-rj.org.br\/index.php\/wp-json\/wp\/v2\/categories?post=72365"},{"taxonomy":"post_tag","embeddable":true,"href":"https:\/\/pdt-rj.org.br\/index.php\/wp-json\/wp\/v2\/tags?post=72365"}],"curies":[{"name":"wp","href":"https:\/\/api.w.org\/{rel}","templated":true}]}}