{"id":72356,"date":"2020-07-06T23:51:09","date_gmt":"2020-07-07T02:51:09","guid":{"rendered":"http:\/\/pdt-rj.org.br\/?p=72356"},"modified":"2020-07-06T23:51:09","modified_gmt":"2020-07-07T02:51:09","slug":"fundacao-leonel-brizola-pernambuco-promove-debate-com-andre-figueiredo","status":"publish","type":"post","link":"https:\/\/pdt-rj.org.br\/index.php\/fundacao-leonel-brizola-pernambuco-promove-debate-com-andre-figueiredo\/","title":{"rendered":"Funda\u00e7\u00e3o Leonel Brizola Pernambuco promove debate com Andr\u00e9 Figueiredo"},"content":{"rendered":"<p>A Funda\u00e7\u00e3o Leonel Brizola-Alberto Pasquilini\/PE promove, nesta quarta-feira (8), mais um &#8216;Di\u00e1logo trabalhista&#8217;, s\u00e9rie de entrevistas e debates com quadros e figuras importantes do trabalhismo no Brasil. Nesta edi\u00e7\u00e3o, o advogado Pedro Josephi, presidente da Funda\u00e7\u00e3o em Pernambuco, recebe o deputado federal Andr\u00e9 Figueiredo (PDT-CE), l\u00edder da oposi\u00e7\u00e3o na C\u00e2mara dos Deputados. O parlamentar \u00e9 advogado, economista e foi ministro das Comunica\u00e7\u00f5es.<\/p>\n<p>\u201cA ideia dos di\u00e1logos trabalhistas \u00e9 auxiliar no processo de forma\u00e7\u00e3o pol\u00edtica dos nossos filiados, membros, simpatizantes e tamb\u00e9m dos pr\u00e9-candidatos nas elei\u00e7\u00f5es municipais deste ano. Ouvir e debater com o nosso l\u00edder, o deputado Andr\u00e9 Figueiredo, \u00e9 mais uma oportunidade de enraizar as ideias do PDT e de Ciro Gomes na nossa base social. Esse \u00e9 o papel da Funda\u00e7\u00e3o\u201d, comenta Josephi.<\/p>\n<p>A live ser\u00e1 pelo instagram, a partir das 19 horas, e ter\u00e1 como pauta o papel da oposi\u00e7\u00e3o no governo Bolsonaro.<\/p>\n<!-- AddThis Advanced Settings generic via filter on the_content --><!-- AddThis Share Buttons generic via filter on the_content -->","protected":false},"excerpt":{"rendered":"<p>A Funda\u00e7\u00e3o Leonel Brizola-Alberto Pasquilini\/PE promove, nesta quarta-feira (8), mais um &#8216;Di\u00e1logo trabalhista&#8217;, s\u00e9rie de entrevistas e debates com quadros e figuras importantes do trabalhismo no Brasil. Nesta edi\u00e7\u00e3o, o advogado Pedro Josephi, presidente da Funda\u00e7\u00e3o em Pernambuco, recebe o deputado federal Andr\u00e9 Figueiredo (PDT-CE), l\u00edder da oposi\u00e7\u00e3o na C\u00e2mara dos Deputados. O parlamentar \u00e9&#8230;<!-- AddThis Advanced Settings generic via filter on wp_trim_excerpt --><!-- AddThis Share Buttons generic via filter on wp_trim_excerpt --><\/p>\n","protected":false},"author":17,"featured_media":72357,"comment_status":"closed","ping_status":"closed","sticky":false,"template":"","format":"standard","meta":{"_monsterinsights_skip_tracking":false,"_monsterinsights_sitenote_active":false,"_monsterinsights_sitenote_note":"","_monsterinsights_sitenote_category":0,"_uf_show_specific_survey":0,"_uf_disable_surveys":false,"footnotes":""},"categories":[1390,3328],"tags":[],"class_list":["post-72356","post","type-post","status-publish","format-standard","has-post-thumbnail","hentry","category-editorias","category-flb-ap"],"acf":[],"_links":{"self":[{"href":"https:\/\/pdt-rj.org.br\/index.php\/wp-json\/wp\/v2\/posts\/72356","targetHints":{"allow":["GET"]}}],"collection":[{"href":"https:\/\/pdt-rj.org.br\/index.php\/wp-json\/wp\/v2\/posts"}],"about":[{"href":"https:\/\/pdt-rj.org.br\/index.php\/wp-json\/wp\/v2\/types\/post"}],"author":[{"embeddable":true,"href":"https:\/\/pdt-rj.org.br\/index.php\/wp-json\/wp\/v2\/users\/17"}],"replies":[{"embeddable":true,"href":"https:\/\/pdt-rj.org.br\/index.php\/wp-json\/wp\/v2\/comments?post=72356"}],"version-history":[{"count":1,"href":"https:\/\/pdt-rj.org.br\/index.php\/wp-json\/wp\/v2\/posts\/72356\/revisions"}],"predecessor-version":[{"id":72358,"href":"https:\/\/pdt-rj.org.br\/index.php\/wp-json\/wp\/v2\/posts\/72356\/revisions\/72358"}],"wp:featuredmedia":[{"embeddable":true,"href":"https:\/\/pdt-rj.org.br\/index.php\/wp-json\/wp\/v2\/media\/72357"}],"wp:attachment":[{"href":"https:\/\/pdt-rj.org.br\/index.php\/wp-json\/wp\/v2\/media?parent=72356"}],"wp:term":[{"taxonomy":"category","embeddable":true,"href":"https:\/\/pdt-rj.org.br\/index.php\/wp-json\/wp\/v2\/categories?post=72356"},{"taxonomy":"post_tag","embeddable":true,"href":"https:\/\/pdt-rj.org.br\/index.php\/wp-json\/wp\/v2\/tags?post=72356"}],"curies":[{"name":"wp","href":"https:\/\/api.w.org\/{rel}","templated":true}]}}