{"id":72352,"date":"2020-07-06T23:24:24","date_gmt":"2020-07-07T02:24:24","guid":{"rendered":"http:\/\/pdt-rj.org.br\/?p=72352"},"modified":"2020-07-06T23:36:40","modified_gmt":"2020-07-07T02:36:40","slug":"desenvolvimentismo-de-celso-furtado-centraliza-debate-em-seminario-do-centro-de-memoria-trabalhista","status":"publish","type":"post","link":"https:\/\/pdt-rj.org.br\/index.php\/desenvolvimentismo-de-celso-furtado-centraliza-debate-em-seminario-do-centro-de-memoria-trabalhista\/","title":{"rendered":"Desenvolvimentismo de Celso Furtado centraliza debate em semin\u00e1rio do Centro de Mem\u00f3ria Trabalhista"},"content":{"rendered":"<p><em><strong>Representatividade do paraibano \u00e9 consolidada diante da relev\u00e2ncia do legado econ\u00f4mico e social<\/strong><\/em><\/p>\n<p>\u201cO crescimento econ\u00f4mico pode ocorrer espontaneamente pela intera\u00e7\u00e3o das for\u00e7as de mercado, mas o desenvolvimento social \u00e9 fruto de uma a\u00e7\u00e3o pol\u00edtica deliberada.\u201d Nessa perspectiva, o advogado e economista Celso Furtado se notabilizou pela abordagem do desenvolvimentismo e o subdesenvolvimento, principalmente na Am\u00e9rica Latina. E a partir desses conceitos foi realizado, nesta segunda-feira (6), o terceiro painel do semin\u00e1rio online do Centro de Mem\u00f3ria Trabalhista (CMT) em homenagem ao centen\u00e1rio de nascimento do intelectual brasileiro, celebrado no pr\u00f3ximo dia 26 de julho.<\/p>\n<p>Resultado da parceria entre o PDT e o \u00f3rg\u00e3o da Funda\u00e7\u00e3o Leonel Brizola \u2013 Alberto Pasqualini (FLB-AP), o evento, iniciado na \u00faltima quarta-feira (1), estimula o debate, em quatro mesas tem\u00e1ticas, sobre o legado deixado pelo paraibano que marcou o s\u00e9culo XX ao acumular reconhecimento e t\u00edtulos pelo mundo, com destaque para o doutorado na Universidade de Paris e a cadeira na Academia Brasileira de Letras (ABL).<\/p>\n<p>A pen\u00faltima mesa, transmitida pelo Youtube do CMT (confira, ao final, na \u00edntegra) e pelas redes sociais da FLB-AP, foi formada pelo secret\u00e1rio-executivo de Planejamento e Or\u00e7amento do Cear\u00e1 e doutor da Funda\u00e7\u00e3o Get\u00falio Vargas, Flavio Ataliba; pelo doutor em Economia pela Universidade de Leicester e professor da UFRJ, Ricardo Bielschowsky, e o jornalista e escritor, Jos\u00e9 Augusto Ribeiro. Como mediador, o l\u00edder da bancada do PDT na C\u00e2mara, deputado federal por Pernambuco, Wolney Queiroz.<\/p>\n<p>Ao analisar o desenvolvimentismo, pol\u00edtica baseada na meta de crescimento da produ\u00e7\u00e3o industrial e da infraestrutura com participa\u00e7\u00e3o ativa do Estado como base da economia, Flavio Ataliba listou quatro eixos para tratar da obra de Furtado: o primeiro \u00e9 o pensamento das ideias de centro e periferia, desde sua passagem pela Comiss\u00e3o Econ\u00f4mica para a Am\u00e9rica Latina e o Caribe (CEPAL); o segundo est\u00e1 no livro Forma\u00e7\u00e3o Econ\u00f4mica do Brasil; o terceiro foi a ideia do desenvolvimento sustent\u00e1vel, e o quarto engloba o desenvolvimento regional.<\/p>\n<p>\u201cQualquer obra de desenvolvimento teria que ter a participa\u00e7\u00e3o do Estado como elo indutor, principalmente para romper a rotina de baixo valor agregado. Em conjunto ele tamb\u00e9m traz a reflex\u00e3o para o Brasil entre a ponte do Nordeste com o Centro-Sul, a partir da ideia de centro e periferia. J\u00e1 sobre meio ambiente e desenvolvimento sustent\u00e1vel, Celso Furtado sempre esteve \u00e0 frente do seu tempo\u201d, comentou, ao indicar que suas ideias est\u00e3o presentes nas rotinas de discuss\u00e3o do PDT.<\/p>\n<p>Sobre a estrat\u00e9gia de progresso que contemple a sociedade como um todo e que integre crescimento e redistribui\u00e7\u00e3o de renda. Ricardo Bielschowsky analisou o contexto nacional a partir da pol\u00edtica de industrializa\u00e7\u00e3o, que acumula um legado problem\u00e1tico, incluindo a cria\u00e7\u00e3o de subdesenvolvimento e de uma economia de subsist\u00eancia, por exemplo.<\/p>\n<p>\u201cContinua existindo um grande volume de m\u00e3o de obra com baixa produtividade. Como resultado, a grande pobreza e baixa distribui\u00e7\u00e3o de renda. Falta ainda um bom sistema tecnol\u00f3gico e educacional, conforme listaria Darcy Ribeiro e Leonel Brizola, al\u00e9m da prote\u00e7\u00e3o ao meio ambiente. 50 anos depois, nada mais atual que a resili\u00eancia e o subemprego\u201d, identificou.<\/p>\n<p>Em um paralelo com a realidade atual, Bielschowsky projetou uma resposta cr\u00edtica de Furtado, que sempre teve no nacionalismo uma das suas principais bandeiras, \u00e0s pr\u00e1ticas adotadas pela gest\u00e3o Bolsonaro em diversas \u00e1reas.<\/p>\n<p>\u201cDo ponto de vista de sentimento, ele estaria muito triste e apreensivo. Como todos n\u00f3s, perplexo com o governo federal administrando crises, como a pandemia. Em vez da harmoniza\u00e7\u00e3o, o que se tem \u00e9 a maximiza\u00e7\u00e3o do confronto pelo Executivo\u201d, criticou.<\/p>\n<p>Autor da Trilogia \u201cA Era Vargas\u201d, Jos\u00e9 Augusto Ribeiro fez um relato das suas percep\u00e7\u00f5es sobre Furtado a partir da cobertura jornal\u00edstica, desde 1950, da pol\u00edtica nacional. \u201cEle completa o centen\u00e1rio no ano que o Brasil deveria estar comemorando o in\u00edcio da Revolu\u00e7\u00e3o de 30 e a Era Vargas\u201d, lamenta.<\/p>\n<p>\u201cPor incr\u00edvel que pare\u00e7a, na metade da d\u00e9cada de 50, a grande m\u00eddia brasileira, com assinatura pessoal do Assis Chateaubriand, sustentava que o Brasil deveria permanecer um pa\u00eds agr\u00edcola. Ou seja, queriam manter os grandes latif\u00fandios e n\u00e3o tratar de industrializa\u00e7\u00e3o. \u00c9 um legado nefasto dos latifundi\u00e1rios no Nordeste. Celso sobreviveu na Sudene por ter uma intelig\u00eancia pol\u00edtica, e n\u00e3o s\u00f3 econ\u00f4mica\u201d, justificou.<\/p>\n<p>\u201cEle passou pelos governos de Juscelino Kubitschek, J\u00e2nio Quadro e Jo\u00e3o Goulart, quando tamb\u00e9m assumiu o cargo de ministro do Planejamento, onde foi encarregado de elaborar o plano trienal, que buscava controlar a infla\u00e7\u00e3o sem sacrificar o desenvolvimento. Infelizmente, faltou, para viabiliz\u00e1-lo, um pacto social entre trabalhadores e empres\u00e1rios\u201d, explicou, ao relembrar o relato de Celso sobre o espanto dos militares nordestinos com a sua cassa\u00e7\u00e3o em fun\u00e7\u00e3o do Golpe Militar de 1964.<\/p>\n<p>Para Queiroz, a liga\u00e7\u00e3o de Furtado com suas ra\u00edzes e a vontade de contribuir com o avan\u00e7o social s\u00e3o pontos valorosos da trajet\u00f3ria do pensador que nasceu na cidade de Pombal, no Sert\u00e3o da Para\u00edba.<\/p>\n<p>\u201cO que mais me marca, na hist\u00f3ria dele, \u00e9 o amor pelo Brasil e a capacidade de colocar seu brilhantismo \u00e0 disposi\u00e7\u00e3o do pa\u00eds, assim como fez Darcy Ribeiro. S\u00e3o patriotas de fato que fazem muita falta na constru\u00e7\u00e3o do futuro da nossa na\u00e7\u00e3o. Exemplos totalmente diferentes do que vemos hoje, pautados na subservi\u00eancia aos estrangeiros\u201d, ponderou, ao completar: \u201cS\u00f3 agora que o Paulo Guedes, ap\u00f3s quase dois anos no cargo, descobriu que existem mais de 38 milh\u00f5es de informais invis\u00edveis para o governo. \u00c9 uma l\u00e1stima\u201d.<\/p>\n<p><strong>Realidade hist\u00f3rica<\/strong><\/p>\n<p>Na abordagem da estagna\u00e7\u00e3o do Produto Interno Bruto (PIB) brasileiro e a participa\u00e7\u00e3o do Nordeste, Wolney tamb\u00e9m relatou que, neste momento, a contribui\u00e7\u00e3o da regi\u00e3o segue em 14%, mesmo patamar dos anos 50, quando Celso Furtado atuou no est\u00edmulo de pol\u00edticas econ\u00f4micas. \u201cSe n\u00e3o fosse a interven\u00e7\u00e3o dele com a Sudene, o PIB seria a metade\u201d, projetou.<\/p>\n<p>Flavio Ataliba entende que a situa\u00e7\u00e3o poderia ser ainda pior sem as interven\u00e7\u00f5es de Furtado a partir do Grupo de Trabalho para o Desenvolvimento do Nordeste (GTDN) e a consequente cria\u00e7\u00e3o da Superintend\u00eancia do Desenvolvimento do Nordeste (Sudene).<\/p>\n<p>\u201cSe n\u00e3o tivesse feito nada, poder\u00edamos ter regredido. Diante da falta de continuidade do que Celso Furtado pensou, a regi\u00e3o perdeu a chance de vanguarda no processo de crescimento do pa\u00eds. Sem a diversifica\u00e7\u00e3o da pauta, manteve a agricultura de baixo valor agregado e a reduzida produtividade\u201d, justificou.<\/p>\n<p>\u201cEvidentemente que tivemos avan\u00e7os, como na Bahia e Pernambuco. Isso deu um aumento na gera\u00e7\u00e3o de riqueza, mas n\u00e3o foi suficiente para avan\u00e7ar na participa\u00e7\u00e3o do PIB\u201d, completou.<\/p>\n<p>Ao dizer que Furtado sempre sonhou com um Brasil democr\u00e1tico e solid\u00e1rio, onde deveria existir um projeto que beneficiaria a na\u00e7\u00e3o como um todo, bem como uma rela\u00e7\u00e3o virtuosa entre estado, empresas e trabalhadores, Ricardo Bielschowsky consolidou a abordagem apresentada pelos debatedores com rela\u00e7\u00e3o \u00e0 evolu\u00e7\u00e3o socioecon\u00f4mica.<\/p>\n<p>\u201cSe houvesse justi\u00e7a social, o Nordeste deveria ter o dobro da participa\u00e7\u00e3o do PIB atualmente. 14% de um indicador estagnado desde 1980. A falta de crescimento torna ainda mais injusta a realidade\u201d, concluiu.<\/p>\n<p><strong>Encerram<\/strong>ento<\/p>\n<p>Nesta ter\u00e7a-feira (7), o semin\u00e1rio ser\u00e1 finalizado com o painel sobre \u201cO Papel de Celso Furtado no Desenvolvimento do Nordeste\u201d. Programado para 19 horas, o encontro contar\u00e1 com a media\u00e7\u00e3o do presidente nacional do PDT, Carlos Lupi, e as participa\u00e7\u00f5es do ex-governador do Cear\u00e1, Ciro Gomes, o governador do Maranh\u00e3o, Fl\u00e1vio Dino, e a doutora em Economia pela Universidade de Paris, T\u00e2nia Bacelar.<\/p>\n<p>Confira o terceiro painel, na \u00edntegra:<\/p>\n<p><iframe loading=\"lazy\" title=\"Semin\u00e1rio 100 Anos de Nascimento de CELSO FURTADO - Painel 3\" width=\"640\" height=\"360\" src=\"https:\/\/www.youtube.com\/embed\/V1jFeGNg8LY?feature=oembed\" frameborder=\"0\" allow=\"accelerometer; autoplay; clipboard-write; encrypted-media; gyroscope; picture-in-picture; web-share\" referrerpolicy=\"strict-origin-when-cross-origin\" allowfullscreen><\/iframe><\/p>\n<!-- AddThis Advanced Settings generic via filter on the_content --><!-- AddThis Share Buttons generic via filter on the_content -->","protected":false},"excerpt":{"rendered":"<p>Representatividade do paraibano \u00e9 consolidada diante da relev\u00e2ncia do legado econ\u00f4mico e social \u201cO crescimento econ\u00f4mico pode ocorrer espontaneamente pela intera\u00e7\u00e3o das for\u00e7as de mercado, mas o desenvolvimento social \u00e9 fruto de uma a\u00e7\u00e3o pol\u00edtica deliberada.\u201d Nessa perspectiva, o advogado e economista Celso Furtado se notabilizou pela abordagem do desenvolvimentismo e o subdesenvolvimento, principalmente na&#8230;<!-- AddThis Advanced Settings generic via filter on wp_trim_excerpt --><!-- AddThis Share Buttons generic via filter on wp_trim_excerpt --><\/p>\n","protected":false},"author":17,"featured_media":72353,"comment_status":"closed","ping_status":"closed","sticky":false,"template":"","format":"standard","meta":{"_monsterinsights_skip_tracking":false,"_monsterinsights_sitenote_active":false,"_monsterinsights_sitenote_note":"","_monsterinsights_sitenote_category":0,"_uf_show_specific_survey":0,"_uf_disable_surveys":false,"footnotes":""},"categories":[1390],"tags":[],"class_list":["post-72352","post","type-post","status-publish","format-standard","has-post-thumbnail","hentry","category-editorias"],"acf":[],"_links":{"self":[{"href":"https:\/\/pdt-rj.org.br\/index.php\/wp-json\/wp\/v2\/posts\/72352","targetHints":{"allow":["GET"]}}],"collection":[{"href":"https:\/\/pdt-rj.org.br\/index.php\/wp-json\/wp\/v2\/posts"}],"about":[{"href":"https:\/\/pdt-rj.org.br\/index.php\/wp-json\/wp\/v2\/types\/post"}],"author":[{"embeddable":true,"href":"https:\/\/pdt-rj.org.br\/index.php\/wp-json\/wp\/v2\/users\/17"}],"replies":[{"embeddable":true,"href":"https:\/\/pdt-rj.org.br\/index.php\/wp-json\/wp\/v2\/comments?post=72352"}],"version-history":[{"count":2,"href":"https:\/\/pdt-rj.org.br\/index.php\/wp-json\/wp\/v2\/posts\/72352\/revisions"}],"predecessor-version":[{"id":72355,"href":"https:\/\/pdt-rj.org.br\/index.php\/wp-json\/wp\/v2\/posts\/72352\/revisions\/72355"}],"wp:featuredmedia":[{"embeddable":true,"href":"https:\/\/pdt-rj.org.br\/index.php\/wp-json\/wp\/v2\/media\/72353"}],"wp:attachment":[{"href":"https:\/\/pdt-rj.org.br\/index.php\/wp-json\/wp\/v2\/media?parent=72352"}],"wp:term":[{"taxonomy":"category","embeddable":true,"href":"https:\/\/pdt-rj.org.br\/index.php\/wp-json\/wp\/v2\/categories?post=72352"},{"taxonomy":"post_tag","embeddable":true,"href":"https:\/\/pdt-rj.org.br\/index.php\/wp-json\/wp\/v2\/tags?post=72352"}],"curies":[{"name":"wp","href":"https:\/\/api.w.org\/{rel}","templated":true}]}}