{"id":72311,"date":"2020-07-03T22:00:35","date_gmt":"2020-07-04T01:00:35","guid":{"rendered":"http:\/\/pdt-rj.org.br\/?p=72311"},"modified":"2020-07-04T15:49:08","modified_gmt":"2020-07-04T18:49:08","slug":"manoel-dias-valoriza-progresso-da-fundacao-em-reuniao-com-vice-presidentes","status":"publish","type":"post","link":"https:\/\/pdt-rj.org.br\/index.php\/manoel-dias-valoriza-progresso-da-fundacao-em-reuniao-com-vice-presidentes\/","title":{"rendered":"Manoel Dias valoriza progresso da Funda\u00e7\u00e3o em reuni\u00e3o com vice-presidentes"},"content":{"rendered":"<p>O presidente da Funda\u00e7\u00e3o Leonel Brizola \u2013 Alberto Pasqualini (FLB-AP), Manoel Dias, valorizou nesta sexta-feira (3), durante reuni\u00e3o virtual com seus vice-presidentes estaduais, a evolu\u00e7\u00e3o consolidada da organiza\u00e7\u00e3o pedetista ao longo de 2020. \u201cOs nossos representantes, em todo o Brasil, est\u00e3o avan\u00e7ando com as a\u00e7\u00f5es integradas de forma\u00e7\u00e3o, organiza\u00e7\u00e3o e qualifica\u00e7\u00e3o. Assim, estamos expandindo a presen\u00e7a e os resultados com a dissemina\u00e7\u00e3o do conhecimento\u201d, disse.<\/p>\n<p>Ao abordar a execu\u00e7\u00e3o do planejamento estrat\u00e9gico com as representa\u00e7\u00f5es regionais e os diret\u00f3rios do partido, Dias salientou que a Funda\u00e7\u00e3o tem um papel ativo na interlocu\u00e7\u00e3o com as bases populares e na propaga\u00e7\u00e3o dos princ\u00edpios trabalhistas.<\/p>\n<p>\u201cSomos uma ferramenta de suporte ao PDT que est\u00e1 em constante aperfei\u00e7oamento. Com a qualifica\u00e7\u00e3o da milit\u00e2ncia, movimentos e pr\u00e9-candidatos, fortalecemos nosso partido na protagonista defesa das bandeiras trabalhistas e do regime democr\u00e1tico. \u00c9 o legado de Vargas, de Brizola e de tantas outras lideran\u00e7as do Trabalhismo sendo preservado e disseminado\u201d, afirmou Dias, que tamb\u00e9m \u00e9 secret\u00e1rio-geral nacional da sigla.<\/p>\n<p>A partir da integra\u00e7\u00e3o tecnol\u00f3gica, a institui\u00e7\u00e3o est\u00e1 oferecendo mais servi\u00e7os gratuitos n\u00e3o s\u00f3 aos militantes e dirigentes, mas tamb\u00e9m para toda a sociedade. Como exemplo, Dias pontua os cursos online da Universidade Aberta Leonel Brizola (ULB), que v\u00e3o desde as aulas preparat\u00f3rias para o ENEM, at\u00e9 a forma\u00e7\u00e3o pol\u00edtica para os pr\u00e9-candidatos, bem como o novo projeto dos n\u00facleos de base.<\/p>\n<p>\u201cO mundo mudou em fun\u00e7\u00e3o do coronav\u00edrus. A tecnologia, a partir da internet, ser\u00e1 uma ferramenta primordial para ampliar o elo com o povo. Esta conjuntura precisa, essencialmente, vir atrelada \u00e0 propaga\u00e7\u00e3o do conhecimento e da mobiliza\u00e7\u00e3o pela nuclea\u00e7\u00e3o. Organizado e consciente, o povo conquistar\u00e1 sua emancipa\u00e7\u00e3o\u201d, comentou.<\/p>\n<p>\u201cEstamos aqui, unidos, para construir caminhos que transformem a realidade de cada cidad\u00e3o diretamente na ponta. Mesmo com limita\u00e7\u00f5es, estamos progredindo. Tenho certeza que vamos surpreender cada vez mais\u201d, projeta Ades Oliveira, secret\u00e1rio-executivo da Funda\u00e7\u00e3o.<\/p>\n<p><strong>Presen\u00e7a<\/strong><\/p>\n<p>Ao longo dos debates sobre as atividades nos estados, os vice-presidentes ratificaram o engajamento com as medidas apresentadas pela Funda\u00e7\u00e3o, em n\u00edvel nacional. Para eles, o aprimoramento do fluxo de trabalho, associado ao suporte de cada setor, em Bras\u00edlia, t\u00eam contribu\u00eddo com o progresso, mesmo diante dos atrasos gerados pela pandemia.<\/p>\n<p>\u201cBuscamos fortalecer as a\u00e7\u00f5es em Rond\u00f4nia, como a formula\u00e7\u00e3o do projeto \u2018Educa\u00e7\u00e3o e Cidadania\u2019, que ser\u00e1 implementado nos n\u00facleos e nas escolas. Estamos firmes n\u00e3o s\u00f3 no em Porto Velho, mas tamb\u00e9m por todo o interior, mesmo com os contratempos gerados pelo Covid-19\u201d, pondera Marli Mendon\u00e7a, vice-presidente da FLB-AP no estado e dirigente nacional da A\u00e7\u00e3o da Mulher Trabalhista (AMT).<\/p>\n<p>Jefferson Barroso, que lidera a Funda\u00e7\u00e3o no Acre, relatou o avan\u00e7o alcan\u00e7ado, nos \u00faltimos anos, a partir da intensa parceria com o diret\u00f3rio estadual, presidido pelo deputado estadual, Lu\u00eds Tch\u00ea. \u201cOs n\u00facleos de base s\u00e3o muito importantes para a constru\u00e7\u00e3o de uma sociedade mais justa, pois os cidad\u00e3os percebem que est\u00e3o na linha de frente da mudan\u00e7a\u201d, disse.<\/p>\n<p>Na sua participa\u00e7\u00e3o, Eduardo Rodrigues, da Bahia, elencou a s\u00e9rie de realiza\u00e7\u00f5es que a Funda\u00e7\u00e3o est\u00e1 realizando localmente, bem como as parcerias em constru\u00e7\u00f5es nacionais, como as p\u00edlulas eleitorais, editadas pela ULB. J\u00e1 C\u00e9lia Regina, de Roraima, relatou sua experi\u00eancia com economia solid\u00e1ria e todo o potencial de dissemina\u00e7\u00e3o dessa atividade econ\u00f4mica nas a\u00e7\u00f5es pedetistas com micro e pequenos empreendedores.<\/p>\n<p>\u201cAtuamos com associa\u00e7\u00f5es e cooperativas, que, fundamentalmente, trabalham como os n\u00facleos de base. N\u00f3s estamos levando conhecimento para os empreendimentos e para o partido. Assim, conseguimos estimular a evolu\u00e7\u00e3o regional\u201d, garantiu C\u00e9lia.<\/p>\n<p><strong>Desenvolvimento<\/strong><\/p>\n<p>Dando destaque ao semin\u00e1rio virtual sobre Celso Furtado, que \u00e9 uma realiza\u00e7\u00e3o do Centro de Mem\u00f3ria Trabalhista (CMT) e ocorrer\u00e1 at\u00e9 o pr\u00f3ximo dia 7, Nelson Marconi, de S\u00e3o Paulo, refor\u00e7ou a import\u00e2ncia de debater os projetos liderados pelo PDT, principalmente nas \u00e1reas econ\u00f4mica, pol\u00edtica e social.<\/p>\n<p>\u201cA gente precisa, cada vez mais, fortalecer a oposi\u00e7\u00e3o e valorizar a mobiliza\u00e7\u00e3o liderada pelo Ciro Gomes. O PDT tem se colocado muito bem na defesa dos direitos do povo brasileiro, com destaque para as a\u00e7\u00f5es no Supremo Tribunal Federal\u201d, indicou.<\/p>\n<p>Nesse sentido, Manoel Dias anunciou a participa\u00e7\u00e3o do ex-governador do Cear\u00e1 nos produtos da ULB, al\u00e9m da formula\u00e7\u00e3o de materiais vinculados ao projeto nacional de desenvolvimento. \u201cVamos municipalizar as diretrizes para levar os conceitos trabalhistas para as nossas futuras gest\u00f5es municipais em todo o Brasil\u201d, concluiu.<\/p>\n<!-- AddThis Advanced Settings generic via filter on the_content --><!-- AddThis Share Buttons generic via filter on the_content -->","protected":false},"excerpt":{"rendered":"<p>O presidente da Funda\u00e7\u00e3o Leonel Brizola \u2013 Alberto Pasqualini (FLB-AP), Manoel Dias, valorizou nesta sexta-feira (3), durante reuni\u00e3o virtual com seus vice-presidentes estaduais, a evolu\u00e7\u00e3o consolidada da organiza\u00e7\u00e3o pedetista ao longo de 2020. \u201cOs nossos representantes, em todo o Brasil, est\u00e3o avan\u00e7ando com as a\u00e7\u00f5es integradas de forma\u00e7\u00e3o, organiza\u00e7\u00e3o e qualifica\u00e7\u00e3o. Assim, estamos expandindo a&#8230;<!-- AddThis Advanced Settings generic via filter on wp_trim_excerpt --><!-- AddThis Share Buttons generic via filter on wp_trim_excerpt --><\/p>\n","protected":false},"author":17,"featured_media":72312,"comment_status":"closed","ping_status":"closed","sticky":false,"template":"","format":"standard","meta":{"_monsterinsights_skip_tracking":false,"_monsterinsights_sitenote_active":false,"_monsterinsights_sitenote_note":"","_monsterinsights_sitenote_category":0,"_uf_show_specific_survey":0,"_uf_disable_surveys":false,"footnotes":""},"categories":[3328,976],"tags":[3728,1594,408,3727,931],"class_list":["post-72311","post","type-post","status-publish","format-standard","has-post-thumbnail","hentry","category-flb-ap","category-noticias-em-destaque","tag-aulas-preparatorias","tag-enem","tag-flb-ap","tag-liderancas-do-trabalhismo","tag-ulb"],"acf":[],"_links":{"self":[{"href":"https:\/\/pdt-rj.org.br\/index.php\/wp-json\/wp\/v2\/posts\/72311","targetHints":{"allow":["GET"]}}],"collection":[{"href":"https:\/\/pdt-rj.org.br\/index.php\/wp-json\/wp\/v2\/posts"}],"about":[{"href":"https:\/\/pdt-rj.org.br\/index.php\/wp-json\/wp\/v2\/types\/post"}],"author":[{"embeddable":true,"href":"https:\/\/pdt-rj.org.br\/index.php\/wp-json\/wp\/v2\/users\/17"}],"replies":[{"embeddable":true,"href":"https:\/\/pdt-rj.org.br\/index.php\/wp-json\/wp\/v2\/comments?post=72311"}],"version-history":[{"count":2,"href":"https:\/\/pdt-rj.org.br\/index.php\/wp-json\/wp\/v2\/posts\/72311\/revisions"}],"predecessor-version":[{"id":72317,"href":"https:\/\/pdt-rj.org.br\/index.php\/wp-json\/wp\/v2\/posts\/72311\/revisions\/72317"}],"wp:featuredmedia":[{"embeddable":true,"href":"https:\/\/pdt-rj.org.br\/index.php\/wp-json\/wp\/v2\/media\/72312"}],"wp:attachment":[{"href":"https:\/\/pdt-rj.org.br\/index.php\/wp-json\/wp\/v2\/media?parent=72311"}],"wp:term":[{"taxonomy":"category","embeddable":true,"href":"https:\/\/pdt-rj.org.br\/index.php\/wp-json\/wp\/v2\/categories?post=72311"},{"taxonomy":"post_tag","embeddable":true,"href":"https:\/\/pdt-rj.org.br\/index.php\/wp-json\/wp\/v2\/tags?post=72311"}],"curies":[{"name":"wp","href":"https:\/\/api.w.org\/{rel}","templated":true}]}}