{"id":72300,"date":"2020-07-03T20:03:26","date_gmt":"2020-07-03T23:03:26","guid":{"rendered":"http:\/\/pdt-rj.org.br\/?p=72300"},"modified":"2020-07-08T20:25:11","modified_gmt":"2020-07-08T23:25:11","slug":"pdt-quer-garantir-uso-obrigatorio-de-mascaras","status":"publish","type":"post","link":"https:\/\/pdt-rj.org.br\/index.php\/pdt-quer-garantir-uso-obrigatorio-de-mascaras\/","title":{"rendered":"PDT quer garantir uso obrigat\u00f3rio de m\u00e1scaras"},"content":{"rendered":"<p><em>Partido move a\u00e7\u00e3o no STF para barrar veto de Bolsonaro a Lei 14019\/2020<\/em><\/p>\n<p>O PDT entrou com uma a\u00e7\u00e3o no STF para garantir a obrigatoriedade do uso de m\u00e1scara em todos os locais \u2013 p\u00fablicos ou privados \u2013 acess\u00edveis ao p\u00fablico. A Argui\u00e7\u00e3o de Descumprimento de Preceito Fundamental (ADPF) foi movida na tarde de hoje, motivada pelo veto do presidente Jair Bolsonaro ao trecho da Lei 14.019\/2020 que estabelece medidas para preven\u00e7\u00e3o \u00e0 Covid-19.<\/p>\n<p>A san\u00e7\u00e3o publicada na edi\u00e7\u00e3o de hoje do Di\u00e1rio Oficial desobriga o uso de m\u00e1scara em \u00f3rg\u00e3os e entidades p\u00fablicas, estabelecimentos comerciais, industriais, templos religiosos, institui\u00e7\u00f5es de ensino e demais locais fechados em que haja reuni\u00e3o de pessoas. \u201cOs atos do Poder P\u00fablico [&#8230;] revelam a face mais nefasta da pol\u00edtica externada pelo Senhor Jair Messias Bolsonaro\u201d, discorre a pe\u00e7a.<\/p>\n<p>O texto enviado ao Supremo aponta in\u00fameras incongru\u00eancias do governo federal no combate ao novo coronav\u00edrus, dentre elas medidas contr\u00e1rias \u00e0s recomenda\u00e7\u00f5es da Organiza\u00e7\u00e3o Mundial da Sa\u00fade (OMS). A a\u00e7\u00e3o pedetista defende que a inger\u00eancia do presidente da Rep\u00fablica na atual crise sanit\u00e1ria, a qual se soma o veto em quest\u00e3o, viola o direito \u00e0 sa\u00fade garantido pela Constitui\u00e7\u00e3o Federal.<\/p>\n<p>\u201cO perigo de les\u00e3o grave \u00e9 inconteste, porquanto o resultado dessa permiss\u00e3o (o veto do presidente), al\u00e9m de violar o preceito fundamental ora apontado e os princ\u00edpios da precau\u00e7\u00e3o e preven\u00e7\u00e3o, poder\u00e1 intensificar o cont\u00e1gio do novo coronav\u00edrus nos rinc\u00f5es do pa\u00eds\u201d, alerta o documento.<\/p>\n<!-- AddThis Advanced Settings generic via filter on the_content --><!-- AddThis Share Buttons generic via filter on the_content -->","protected":false},"excerpt":{"rendered":"<p>Partido move a\u00e7\u00e3o no STF para barrar veto de Bolsonaro a Lei 14019\/2020 O PDT entrou com uma a\u00e7\u00e3o no STF para garantir a obrigatoriedade do uso de m\u00e1scara em todos os locais \u2013 p\u00fablicos ou privados \u2013 acess\u00edveis ao p\u00fablico. A Argui\u00e7\u00e3o de Descumprimento de Preceito Fundamental (ADPF) foi movida na tarde de hoje,&#8230;<!-- AddThis Advanced Settings generic via filter on wp_trim_excerpt --><!-- AddThis Share Buttons generic via filter on wp_trim_excerpt --><\/p>\n","protected":false},"author":17,"featured_media":72318,"comment_status":"closed","ping_status":"closed","sticky":false,"template":"","format":"standard","meta":{"_monsterinsights_skip_tracking":false,"_monsterinsights_sitenote_active":false,"_monsterinsights_sitenote_note":"","_monsterinsights_sitenote_category":0,"_uf_show_specific_survey":0,"_uf_disable_surveys":false,"footnotes":""},"categories":[1390,1401,976],"tags":[],"class_list":["post-72300","post","type-post","status-publish","format-standard","has-post-thumbnail","hentry","category-editorias","category-nacional","category-noticias-em-destaque"],"acf":[],"_links":{"self":[{"href":"https:\/\/pdt-rj.org.br\/index.php\/wp-json\/wp\/v2\/posts\/72300","targetHints":{"allow":["GET"]}}],"collection":[{"href":"https:\/\/pdt-rj.org.br\/index.php\/wp-json\/wp\/v2\/posts"}],"about":[{"href":"https:\/\/pdt-rj.org.br\/index.php\/wp-json\/wp\/v2\/types\/post"}],"author":[{"embeddable":true,"href":"https:\/\/pdt-rj.org.br\/index.php\/wp-json\/wp\/v2\/users\/17"}],"replies":[{"embeddable":true,"href":"https:\/\/pdt-rj.org.br\/index.php\/wp-json\/wp\/v2\/comments?post=72300"}],"version-history":[{"count":7,"href":"https:\/\/pdt-rj.org.br\/index.php\/wp-json\/wp\/v2\/posts\/72300\/revisions"}],"predecessor-version":[{"id":72413,"href":"https:\/\/pdt-rj.org.br\/index.php\/wp-json\/wp\/v2\/posts\/72300\/revisions\/72413"}],"wp:featuredmedia":[{"embeddable":true,"href":"https:\/\/pdt-rj.org.br\/index.php\/wp-json\/wp\/v2\/media\/72318"}],"wp:attachment":[{"href":"https:\/\/pdt-rj.org.br\/index.php\/wp-json\/wp\/v2\/media?parent=72300"}],"wp:term":[{"taxonomy":"category","embeddable":true,"href":"https:\/\/pdt-rj.org.br\/index.php\/wp-json\/wp\/v2\/categories?post=72300"},{"taxonomy":"post_tag","embeddable":true,"href":"https:\/\/pdt-rj.org.br\/index.php\/wp-json\/wp\/v2\/tags?post=72300"}],"curies":[{"name":"wp","href":"https:\/\/api.w.org\/{rel}","templated":true}]}}