{"id":72292,"date":"2020-07-04T18:07:31","date_gmt":"2020-07-04T21:07:31","guid":{"rendered":"http:\/\/pdt-rj.org.br\/?p=72292"},"modified":"2020-07-04T18:24:55","modified_gmt":"2020-07-04T21:24:55","slug":"cultura-em-tempos-de-pandemia-norteia-debate-realizado-pelo-movimento-cultural-darcy-ribeiro","status":"publish","type":"post","link":"https:\/\/pdt-rj.org.br\/index.php\/cultura-em-tempos-de-pandemia-norteia-debate-realizado-pelo-movimento-cultural-darcy-ribeiro\/","title":{"rendered":"Cultura em tempos de pandemia norteia debate realizado pelo Movimento Cultural Darcy Ribeiro"},"content":{"rendered":"<p>A valoriza\u00e7\u00e3o da cultura em tempos de pandemia. Esse foi o tema do debate do Movimento Cultural Darcy Ribeiro (MCDR), realizado na tarde desta sexta-feira (3). O evento, que mobilizou mais de 300 espectadores, foi transmitido ao vivo pela p\u00e1gina do Facebook do movimento, e teve a participa\u00e7\u00e3o do deputado federal T\u00falio Gad\u00ealha (PDT-PE), o deputado federal Alessandro Molon (PSB), Brizola Neto (PCdoB) e o presidente nacional do MCDR e mediador da conversa, Roberto Viana.<\/p>\n<p>Na ocasi\u00e3o, os participantes debateram sobre a atual situa\u00e7\u00e3o do Pa\u00eds, ressaltando a falta de lideran\u00e7a que o Brasil se encontra diante da enorme crise sanit\u00e1ria, al\u00e9m de abordarem a import\u00e2ncia da cultura, que j\u00e1 enfrenta crises antes mesmo da pandemia do Covid-19.<\/p>\n<p>Em sua fala, o pedetista T\u00falio Gad\u00ealha, abordou a quest\u00e3o das fake news, onde trabalha, na C\u00e2mara federal, para combater o esquema de manipula\u00e7\u00e3o de massas, atrav\u00e9s de disparos de falsas not\u00edcias em redes sociais.<\/p>\n<p>\u201cVivemos em momento de verdades relativas, onde existe todo um sistema de fake News de dissemina\u00e7\u00e3o de informa\u00e7\u00f5es falsas que estamos conseguindo desvendar. Precisamos definir regras para evitar que isso volte a acontecer no brasil\u201d<\/p>\n<p>T\u00falio tamb\u00e9m abordou sobre a necessidade de di\u00e1logo entre o campo progressista para apresentar solu\u00e7\u00f5es concretas no combate da pandemia, al\u00e9m de garantir direitos para todos.<\/p>\n<p>\u201cN\u00f3s n\u00e3o podemos aceitar um n\u00famero de mil mortes por dia em um pa\u00eds como o Brasil e n\u00e3o fazer nada, pelo contr\u00e1rio, continuar abrindo o com\u00e9rcio, continuar estimulando o consumo. Isso nos faz refletir sobre o sistema pol\u00edtico que a gente vive hoje, com prefeitos que s\u00e3o eleitos com recursos da iniciativa privada\u201d, afirmou o deputado federal.<\/p>\n<p>Em sua participa\u00e7\u00e3o, Brizola Neto ressaltou a necessidade de debate, pois, al\u00e9m da pandemia e a crise econ\u00f4mica, o Brasil ainda precisa lidar com o um governo \u201cprovocador de crises\u201d, ressaltando a falta de compromisso do presidente da Rep\u00fablica no combate ao novo v\u00edrus.<\/p>\n<p>\u201cN\u00f3s temos um presidente que, a todo instante, atenta contra a democracia. Atenta contra as institui\u00e7\u00f5es, promove aparelhamento entre as institui\u00e7\u00f5es federais\u201d, afirmou Neto.<\/p>\n<p>J\u00e1 Alessandro Molon abordou a import\u00e2ncia de uni\u00e3o entre os partidos pol\u00edticos para combater a corrup\u00e7\u00e3o no Pa\u00eds e os altos \u00edndices de desigualdade social em todo Brasil.<\/p>\n<p>\u201cN\u00f3s temos que nos organizar para explicar para popula\u00e7\u00e3o porque o povo brasileiro quer que o dinheiro seja preservado para finalidades p\u00fablicas e n\u00e3o desviado, por isso precisamos nos organizar para reconstruir essa narrativa\u201d, afirmou o deputado.<\/p>\n<!-- AddThis Advanced Settings generic via filter on the_content --><!-- AddThis Share Buttons generic via filter on the_content -->","protected":false},"excerpt":{"rendered":"<p>A valoriza\u00e7\u00e3o da cultura em tempos de pandemia. Esse foi o tema do debate do Movimento Cultural Darcy Ribeiro (MCDR), realizado na tarde desta sexta-feira (3). O evento, que mobilizou mais de 300 espectadores, foi transmitido ao vivo pela p\u00e1gina do Facebook do movimento, e teve a participa\u00e7\u00e3o do deputado federal T\u00falio Gad\u00ealha (PDT-PE), o&#8230;<!-- AddThis Advanced Settings generic via filter on wp_trim_excerpt --><!-- AddThis Share Buttons generic via filter on wp_trim_excerpt --><\/p>\n","protected":false},"author":17,"featured_media":72299,"comment_status":"closed","ping_status":"closed","sticky":false,"template":"","format":"standard","meta":{"_monsterinsights_skip_tracking":false,"_monsterinsights_sitenote_active":false,"_monsterinsights_sitenote_note":"","_monsterinsights_sitenote_category":0,"_uf_show_specific_survey":0,"_uf_disable_surveys":false,"footnotes":""},"categories":[1390,2606,1397],"tags":[],"class_list":["post-72292","post","type-post","status-publish","format-standard","has-post-thumbnail","hentry","category-editorias","category-movimento-cultural-darcy-ribeiro","category-movimentos"],"acf":[],"_links":{"self":[{"href":"https:\/\/pdt-rj.org.br\/index.php\/wp-json\/wp\/v2\/posts\/72292","targetHints":{"allow":["GET"]}}],"collection":[{"href":"https:\/\/pdt-rj.org.br\/index.php\/wp-json\/wp\/v2\/posts"}],"about":[{"href":"https:\/\/pdt-rj.org.br\/index.php\/wp-json\/wp\/v2\/types\/post"}],"author":[{"embeddable":true,"href":"https:\/\/pdt-rj.org.br\/index.php\/wp-json\/wp\/v2\/users\/17"}],"replies":[{"embeddable":true,"href":"https:\/\/pdt-rj.org.br\/index.php\/wp-json\/wp\/v2\/comments?post=72292"}],"version-history":[{"count":9,"href":"https:\/\/pdt-rj.org.br\/index.php\/wp-json\/wp\/v2\/posts\/72292\/revisions"}],"predecessor-version":[{"id":72325,"href":"https:\/\/pdt-rj.org.br\/index.php\/wp-json\/wp\/v2\/posts\/72292\/revisions\/72325"}],"wp:featuredmedia":[{"embeddable":true,"href":"https:\/\/pdt-rj.org.br\/index.php\/wp-json\/wp\/v2\/media\/72299"}],"wp:attachment":[{"href":"https:\/\/pdt-rj.org.br\/index.php\/wp-json\/wp\/v2\/media?parent=72292"}],"wp:term":[{"taxonomy":"category","embeddable":true,"href":"https:\/\/pdt-rj.org.br\/index.php\/wp-json\/wp\/v2\/categories?post=72292"},{"taxonomy":"post_tag","embeddable":true,"href":"https:\/\/pdt-rj.org.br\/index.php\/wp-json\/wp\/v2\/tags?post=72292"}],"curies":[{"name":"wp","href":"https:\/\/api.w.org\/{rel}","templated":true}]}}