{"id":72287,"date":"2020-07-03T12:04:48","date_gmt":"2020-07-03T15:04:48","guid":{"rendered":"http:\/\/pdt-rj.org.br\/?p=72287"},"modified":"2020-07-03T20:34:39","modified_gmt":"2020-07-03T23:34:39","slug":"atualidade-do-pensamento-de-celso-furtado","status":"publish","type":"post","link":"https:\/\/pdt-rj.org.br\/index.php\/atualidade-do-pensamento-de-celso-furtado\/","title":{"rendered":"\u201cAtualidade do pensamento de Celso Furtado\u201d"},"content":{"rendered":"<p><em>Segundo painel do semin\u00e1rio on-line em comemora\u00e7\u00e3o ao centen\u00e1rio do economista est\u00e1 dispon\u00edvel<\/em><\/p>\n<p>O Centro de Mem\u00f3ria Trabalhista (CMT) do PDT realizou, ontem (2), a segunda transmiss\u00e3o ao vivo do \u201cSemin\u00e1rio on-line em comemora\u00e7\u00e3o ao centen\u00e1rio de nascimento de Celso Furtado\u201d. O evento \u00e9 transmitido pelo canal do CMT no youtube e pela p\u00e1gina da Funda\u00e7\u00e3o Leonel Brizola Alberto Pasqualini (FLB-AP), e ter\u00e1 mais dois pain\u00e9is, nos pr\u00f3ximos dias 6 e 7 deste m\u00eas, \u00e0s 19h.<\/p>\n<p>Quem mediou o painel \u201cAtualidade do pensamento de Celso Furtado\u201d, o segundo realizado, foi o presidente do PDT de S\u00e3o Paulo capital, Ant\u00f4nio Neto. A transmiss\u00e3o contou com a participa\u00e7\u00e3o do deputado federal Mauro Filho (PDT-CE), do doutor em economia e professor da USP, Luiz Gonzaga Belluzo, e do vice-presidente da FLB-AP de S\u00e3o Paulo, Nelson Marconi.<\/p>\n<p>Na pr\u00f3xima segunda-feira, o semin\u00e1rio seguir\u00e1 com o pen\u00faltimo painel. Dessa vez participam: Flavio Ataliba, Ph.D. em Economia pela Universidade de Harvard e professor na Federal do Cear\u00e1; Ricardo Bielschowsky, Doutor em Economia pela Universidade de Leicester e Professor na UFRJ; e Jos\u00e9 Augusto Ribeiro, jornalista, escritor e autor da trilogia &#8220;A Era Vargas&#8221;. O mediador ser\u00e1 o deputado federal Wolney Queiroz (PDT-PE), l\u00edder da bancada na C\u00e2mara.<\/p>\n<p>Celso Furtado nasceu no dia 26 de julho de 1920 e foi um economista, pol\u00edtico e intelectual muito influente no Brasil, no s\u00e9culo XX. Suas ideias sobre o desenvolvimento econ\u00f4mico e o subdesenvolvimento enfatizavam o papel intervencionista do Estado na economia.<\/p>\n<p>Assista abaixo o painel \u201cAtualidade do pensamento de Celso Furtado\u201d.<\/p>\n<p><iframe loading=\"lazy\" src=\"\/\/www.youtube.com\/embed\/UezQDJLSZqU\" width=\"560\" height=\"315\" frameborder=\"0\" allowfullscreen=\"allowfullscreen\"><\/iframe><\/p>\n<!-- AddThis Advanced Settings generic via filter on the_content --><!-- AddThis Share Buttons generic via filter on the_content -->","protected":false},"excerpt":{"rendered":"<p>Segundo painel do semin\u00e1rio on-line em comemora\u00e7\u00e3o ao centen\u00e1rio do economista est\u00e1 dispon\u00edvel O Centro de Mem\u00f3ria Trabalhista (CMT) do PDT realizou, ontem (2), a segunda transmiss\u00e3o ao vivo do \u201cSemin\u00e1rio on-line em comemora\u00e7\u00e3o ao centen\u00e1rio de nascimento de Celso Furtado\u201d. O evento \u00e9 transmitido pelo canal do CMT no youtube e pela p\u00e1gina da&#8230;<!-- AddThis Advanced Settings generic via filter on wp_trim_excerpt --><!-- AddThis Share Buttons generic via filter on wp_trim_excerpt --><\/p>\n","protected":false},"author":17,"featured_media":72288,"comment_status":"closed","ping_status":"closed","sticky":false,"template":"","format":"standard","meta":{"_monsterinsights_skip_tracking":false,"_monsterinsights_sitenote_active":false,"_monsterinsights_sitenote_note":"","_monsterinsights_sitenote_category":0,"_uf_show_specific_survey":0,"_uf_disable_surveys":false,"footnotes":""},"categories":[1390,3328],"tags":[],"class_list":["post-72287","post","type-post","status-publish","format-standard","has-post-thumbnail","hentry","category-editorias","category-flb-ap"],"acf":[],"_links":{"self":[{"href":"https:\/\/pdt-rj.org.br\/index.php\/wp-json\/wp\/v2\/posts\/72287","targetHints":{"allow":["GET"]}}],"collection":[{"href":"https:\/\/pdt-rj.org.br\/index.php\/wp-json\/wp\/v2\/posts"}],"about":[{"href":"https:\/\/pdt-rj.org.br\/index.php\/wp-json\/wp\/v2\/types\/post"}],"author":[{"embeddable":true,"href":"https:\/\/pdt-rj.org.br\/index.php\/wp-json\/wp\/v2\/users\/17"}],"replies":[{"embeddable":true,"href":"https:\/\/pdt-rj.org.br\/index.php\/wp-json\/wp\/v2\/comments?post=72287"}],"version-history":[{"count":4,"href":"https:\/\/pdt-rj.org.br\/index.php\/wp-json\/wp\/v2\/posts\/72287\/revisions"}],"predecessor-version":[{"id":72310,"href":"https:\/\/pdt-rj.org.br\/index.php\/wp-json\/wp\/v2\/posts\/72287\/revisions\/72310"}],"wp:featuredmedia":[{"embeddable":true,"href":"https:\/\/pdt-rj.org.br\/index.php\/wp-json\/wp\/v2\/media\/72288"}],"wp:attachment":[{"href":"https:\/\/pdt-rj.org.br\/index.php\/wp-json\/wp\/v2\/media?parent=72287"}],"wp:term":[{"taxonomy":"category","embeddable":true,"href":"https:\/\/pdt-rj.org.br\/index.php\/wp-json\/wp\/v2\/categories?post=72287"},{"taxonomy":"post_tag","embeddable":true,"href":"https:\/\/pdt-rj.org.br\/index.php\/wp-json\/wp\/v2\/tags?post=72287"}],"curies":[{"name":"wp","href":"https:\/\/api.w.org\/{rel}","templated":true}]}}