{"id":72258,"date":"2020-07-02T11:08:26","date_gmt":"2020-07-02T14:08:26","guid":{"rendered":"http:\/\/pdt-rj.org.br\/?p=72258"},"modified":"2020-07-02T14:13:44","modified_gmt":"2020-07-02T17:13:44","slug":"projeto-de-andre-figueiredo-garante-aos-professores-da-rede-publica-acesso-a-internet","status":"publish","type":"post","link":"https:\/\/pdt-rj.org.br\/index.php\/projeto-de-andre-figueiredo-garante-aos-professores-da-rede-publica-acesso-a-internet\/","title":{"rendered":"Projeto de Andr\u00e9 Figueiredo garante aos professores da rede p\u00fablica acesso \u00e0 internet"},"content":{"rendered":"<p>O deputado federal e l\u00edder da Oposi\u00e7\u00e3o na C\u00e2mara, Andr\u00e9 Figueiredo (PDT-CE), apresentou, em uma a\u00e7\u00e3o emergencial, o Projeto de Lei 3482\/2020, para garantir aos professores da educa\u00e7\u00e3o b\u00e1sica da rede p\u00fablica o acesso a equipamentos de inform\u00e1tica a serem utilizados na forma\u00e7\u00e3o pessoal e nas de atividades com os alunos.<\/p>\n<p>O Programa Emergencial de Aquisi\u00e7\u00e3o de Equipamentos de Inform\u00e1tica para Professores da Educa\u00e7\u00e3o B\u00e1sica n\u00e3o ficar\u00e1 restrito ao estado de emerg\u00eancia de sa\u00fade p\u00fablica de combate ao surto da Covid-19. Ir\u00e1 promover a inclus\u00e3o digital, a autonomia e qualifica\u00e7\u00e3o dos professores, apoiando as formas h\u00edbridas de ensino, permitindo a intera\u00e7\u00e3o presencial em sala de aula e atividades a dist\u00e2ncia.<\/p>\n<p>O texto altera a lei do Fundo de Universaliza\u00e7\u00e3o dos Servi\u00e7os de Telecomunica\u00e7\u00f5es (Fust) para destinar 25% dos recursos do fundo para o programa, durante o per\u00edodo de emerg\u00eancia em sa\u00fade p\u00fablica por causa da pandemia de Covid-19, como trata a Lei 13.979\/20. At\u00e9 10% dos recursos do programa poder\u00e3o ser usados para treinamento e qualifica\u00e7\u00e3o dos professores com os equipamentos e melhorar t\u00e9cnicas de ensino com essas ferramentas.<\/p>\n<p>Os equipamentos adquiridos com recursos do Programa Emergencial ser\u00e3o para o uso dos professos selecionados, conforme regulamento. Contudo, eles (os equipamentos) pertencem, de fato, aos respectivos sistemas de ensino p\u00fablico e devem ser devolvidos caso o profissional se desligue da institui\u00e7\u00e3o ou passe a exercer outra fun\u00e7\u00e3o que n\u00e3o seja a de ensinar.<\/p>\n<p>Para Andr\u00e9 Figueiredo, s\u00e3o muitas as dificuldades enfrentadas, como o acesso \u00e0 internet por alunos e professores, a falta de treinamento ou de uma estrat\u00e9gia pr\u00e9via de ensino voltada a esse formato e a indisponibilidade de equipamentos adequados tem sua relev\u00e2ncia.<\/p>\n<p>\u201cIn\u00fameros professores, de uma hora para outra, tiveram de gravar aulas ou transmiti-las via web. E fizeram isso com os equipamentos pessoais dispon\u00edveis. Muitas vezes, apenas um aparelho de telefone celular\u201d, analisa o parlamentar.<\/p>\n<!-- AddThis Advanced Settings generic via filter on the_content --><!-- AddThis Share Buttons generic via filter on the_content -->","protected":false},"excerpt":{"rendered":"<p>O deputado federal e l\u00edder da Oposi\u00e7\u00e3o na C\u00e2mara, Andr\u00e9 Figueiredo (PDT-CE), apresentou, em uma a\u00e7\u00e3o emergencial, o Projeto de Lei 3482\/2020, para garantir aos professores da educa\u00e7\u00e3o b\u00e1sica da rede p\u00fablica o acesso a equipamentos de inform\u00e1tica a serem utilizados na forma\u00e7\u00e3o pessoal e nas de atividades com os alunos. O Programa Emergencial de&#8230;<!-- AddThis Advanced Settings generic via filter on wp_trim_excerpt --><!-- AddThis Share Buttons generic via filter on wp_trim_excerpt --><\/p>\n","protected":false},"author":17,"featured_media":72259,"comment_status":"closed","ping_status":"closed","sticky":false,"template":"","format":"standard","meta":{"_monsterinsights_skip_tracking":false,"_monsterinsights_sitenote_active":false,"_monsterinsights_sitenote_note":"","_monsterinsights_sitenote_category":0,"_uf_show_specific_survey":0,"_uf_disable_surveys":false,"footnotes":""},"categories":[1390,1459],"tags":[34,488,3722,3721,3704],"class_list":["post-72258","post","type-post","status-publish","format-standard","has-post-thumbnail","hentry","category-editorias","category-congresso","tag-andre-figueiredo","tag-inclusao-digital","tag-projeto-de-lei-3482-2020","tag-qualificacao-dos-professores","tag-rede-publica-municipal"],"acf":[],"_links":{"self":[{"href":"https:\/\/pdt-rj.org.br\/index.php\/wp-json\/wp\/v2\/posts\/72258","targetHints":{"allow":["GET"]}}],"collection":[{"href":"https:\/\/pdt-rj.org.br\/index.php\/wp-json\/wp\/v2\/posts"}],"about":[{"href":"https:\/\/pdt-rj.org.br\/index.php\/wp-json\/wp\/v2\/types\/post"}],"author":[{"embeddable":true,"href":"https:\/\/pdt-rj.org.br\/index.php\/wp-json\/wp\/v2\/users\/17"}],"replies":[{"embeddable":true,"href":"https:\/\/pdt-rj.org.br\/index.php\/wp-json\/wp\/v2\/comments?post=72258"}],"version-history":[{"count":2,"href":"https:\/\/pdt-rj.org.br\/index.php\/wp-json\/wp\/v2\/posts\/72258\/revisions"}],"predecessor-version":[{"id":72261,"href":"https:\/\/pdt-rj.org.br\/index.php\/wp-json\/wp\/v2\/posts\/72258\/revisions\/72261"}],"wp:featuredmedia":[{"embeddable":true,"href":"https:\/\/pdt-rj.org.br\/index.php\/wp-json\/wp\/v2\/media\/72259"}],"wp:attachment":[{"href":"https:\/\/pdt-rj.org.br\/index.php\/wp-json\/wp\/v2\/media?parent=72258"}],"wp:term":[{"taxonomy":"category","embeddable":true,"href":"https:\/\/pdt-rj.org.br\/index.php\/wp-json\/wp\/v2\/categories?post=72258"},{"taxonomy":"post_tag","embeddable":true,"href":"https:\/\/pdt-rj.org.br\/index.php\/wp-json\/wp\/v2\/tags?post=72258"}],"curies":[{"name":"wp","href":"https:\/\/api.w.org\/{rel}","templated":true}]}}