{"id":72249,"date":"2020-07-01T22:22:02","date_gmt":"2020-07-02T01:22:02","guid":{"rendered":"http:\/\/pdt-rj.org.br\/?p=72249"},"modified":"2020-07-04T15:47:46","modified_gmt":"2020-07-04T18:47:46","slug":"covid-19-pdt-denuncia-que-governo-bolsonaro-pode-dizimar-povos-indigenas","status":"publish","type":"post","link":"https:\/\/pdt-rj.org.br\/index.php\/covid-19-pdt-denuncia-que-governo-bolsonaro-pode-dizimar-povos-indigenas\/","title":{"rendered":"Covid-19: PDT denuncia que governo Bolsonaro pode dizimar povos ind\u00edgenas"},"content":{"rendered":"<p><em>Segundo Rafael Weree, 29 \u00edndios Xavantes j\u00e1 morreram por falta de assist\u00eancia do Minist\u00e9rio da Sa\u00fade<\/em><\/p>\n<p>O presidente nacional do Movimento Ind\u00edgena do PDT, Rafael Weree, fez nova den\u00fancia sobre o aumento dos \u00f3bitos de \u00edndios em todo o pa\u00eds, com \u00eanfase \u00e0 etnia Xavante, no Mato Grosso. \u201cO governo Bolsonaro perdeu o controle da pandemia. Pelos nossos registros, 29 Xavantes j\u00e1 morreram por falta de respaldo, que \u00e9 uma obriga\u00e7\u00e3o garantida na Constitui\u00e7\u00e3o. O meu povo est\u00e1 sendo dizimado\u201d, afirmou, durante o programa virtual \u2018Quartas Trabalhistas\u2019, neste 1\u00ba de julho.<\/p>\n<p>Viabilizado pela Funda\u00e7\u00e3o Leonel Brizola \u2013 Alberto Pasqualini (FLB-AP), o debate contou ainda com a participa\u00e7\u00e3o do secret\u00e1rio-executivo da Federa\u00e7\u00e3o dos Povos e Organiza\u00e7\u00f5es Ind\u00edgenas de Mato Grosso (Fepoimt), Lucio Wayne Terowa\u2019a, e do membro do Conselho Distrital de Sa\u00fade Ind\u00edgena Xavante, Clarencio Tsuwate.<\/p>\n<p>Para Weree, neto do cacique, M\u00e1rio Juruna &#8211; primeiro ind\u00edgena a ocupar um cargo de deputado federal -, a situa\u00e7\u00e3o est\u00e1 ca\u00f3tica por omiss\u00e3o do governo federal, que n\u00e3o promove o suporte necess\u00e1rio nas aldeias. Ele citou, como exemplo, o \u00faltimo relat\u00f3rio divulgado pelo Minist\u00e9rio da Sa\u00fade, na quinta-feira (24), onde a taxa de letalidade entre xavantes alcan\u00e7ou 11,7%, \u00edndice 160% maior que a atual m\u00e9dia da popula\u00e7\u00e3o brasileira (4,5%). No documento, constam, oficialmente, 12 \u00f3bitos entre os 102 casos confirmados de coronav\u00edrus, desde maio deste ano, entre os cerca de 22 mil \u00edndios.<\/p>\n<p>Segundo o pedetista, a popula\u00e7\u00e3o ind\u00edgena n\u00e3o conta com o atendimento m\u00e9dico adequado, bem como sofre com invas\u00f5es e contatos indevidos.<\/p>\n<p>\u201cOs n\u00fameros s\u00e3o alarmantes, mesmo sem considerar os resultados dos casos suspeitos e a evidente falta de testagem em toda a popula\u00e7\u00e3o. Tudo isso gera ainda mais apreens\u00e3o sobre a real situa\u00e7\u00e3o de cont\u00e1gio nas aldeias. \u00c9 devastador ver tantos familiares morrendo por inatividade do poder p\u00fablico\u201d, criticou, ao citar a campanha SOS Xavante, que busca reunir donativos.<\/p>\n<p><strong>Repercuss\u00e3o<\/strong><\/p>\n<p>Diante de uma s\u00e9rie de mobiliza\u00e7\u00f5es na sociedade, o reflexo foi imediato no Congresso Nacional e na Justi\u00e7a. Com o apoio do PDT, o Senado Federal aprovou, em junho, o Projeto de Lei (PL) 1.142\/2020 que tratada da cria\u00e7\u00e3o de um pacote de a\u00e7\u00f5es para combater o avan\u00e7o da Covid-19 entre ind\u00edgenas, quilombolas e comunidades tradicionais.<\/p>\n<p>Outro ponto foi a apresenta\u00e7\u00e3o, em conjunto com a Articula\u00e7\u00e3o dos Povos Ind\u00edgenas do Brasil (APIB), e demais partidos de oposi\u00e7\u00e3o, da A\u00e7\u00e3o de Descumprimento de Preceito Fundamental (ADPF) n\u00ba 709\/2020) no Supremo Tribunal Federal (STF). A solicita\u00e7\u00e3o, que ser\u00e1 relatada pelo ministro Lu\u00eds Roberto Barroso, pleiteia a execu\u00e7\u00e3o imediata de medidas para proteger as popula\u00e7\u00f5es espalhadas por todos as regi\u00f5es brasileiras.<\/p>\n<p>J\u00e1 nesta quinta-feira (2\/7), Weree estar\u00e1 reunido ainda com membros da Frente Parlamentar em Defesa dos Povos Ind\u00edgenas, da C\u00e2mara dos Deputados, para intensificar a cobran\u00e7a aos gestores da pasta da Sa\u00fade.<\/p>\n<p>\u201cO Legislativo e o Judici\u00e1rio s\u00e3o caminhos vi\u00e1veis para mitigar o preju\u00edzo j\u00e1 acumulado e evitar um futuro ainda mais cruel. Com esse movimento, vamos obrigar o Executivo a sair da in\u00e9rcia e cumprir com suas obriga\u00e7\u00f5es\u201d, avaliou.<\/p>\n<p>Realidade<\/p>\n<p>Ao saudar os presentes na l\u00edngua Xavante, Clarencio Tsuwate exaltou a import\u00e2ncia da tecnologia como ferramenta de interc\u00e2mbio para contar a hist\u00f3ria dos seus ancestrais, bem como de divulga\u00e7\u00e3o das crises sanit\u00e1rias nos territ\u00f3rios. Indignado, ele relatou que os ind\u00edgenas est\u00e3o servindo de cobaias para o curr\u00edculo de representantes do governo sem qualifica\u00e7\u00e3o.<\/p>\n<p>\u201cAs nossas vidas n\u00e3o s\u00e3o produtos e muito menos devem ser negociadas. Os protestos, principalmente na pandemia, est\u00e3o expondo a m\u00e1 gest\u00e3o dos servi\u00e7os p\u00fablicos ofertados. N\u00e3o existe preocupa\u00e7\u00e3o, na aten\u00e7\u00e3o b\u00e1sica, para impedir que doen\u00e7as se alastrem. N\u00e3o \u00e9 s\u00f3 o Covid, mas tamb\u00e9m enfermidades cr\u00f4nicas, como a tuberculose\u201d, pontuou.<\/p>\n<p>Para Lucio Wayne Terowa\u2019a, a falta de di\u00e1logo com os \u00f3rg\u00e3os p\u00fablicos impediu a cria\u00e7\u00e3o de um planejamento preventivo de sa\u00fade. \u201cN\u00e3o existe espa\u00e7o. Por isso, estamos nessa situa\u00e7\u00e3o cr\u00edtica. Os \u00edndios est\u00e3o cercados sem qualquer tipo de barreira sanit\u00e1ria\u201d, disse.<\/p>\n<p>\u201cA palavra gripezinha, usada pelo Bolsonaro, \u00e9 uma amea\u00e7a a todos os brasileiros, n\u00e3o s\u00f3 contra os \u00edndios. O presidente \u00e9 um propagador do v\u00edrus, pois quebra protocolos e atenta ao Estado brasileiro\u201d, acrescentou.<\/p>\n<!-- AddThis Advanced Settings generic via filter on the_content --><!-- AddThis Share Buttons generic via filter on the_content -->","protected":false},"excerpt":{"rendered":"<p>Segundo Rafael Weree, 29 \u00edndios Xavantes j\u00e1 morreram por falta de assist\u00eancia do Minist\u00e9rio da Sa\u00fade O presidente nacional do Movimento Ind\u00edgena do PDT, Rafael Weree, fez nova den\u00fancia sobre o aumento dos \u00f3bitos de \u00edndios em todo o pa\u00eds, com \u00eanfase \u00e0 etnia Xavante, no Mato Grosso. \u201cO governo Bolsonaro perdeu o controle da&#8230;<!-- AddThis Advanced Settings generic via filter on wp_trim_excerpt --><!-- AddThis Share Buttons generic via filter on wp_trim_excerpt --><\/p>\n","protected":false},"author":17,"featured_media":72250,"comment_status":"closed","ping_status":"closed","sticky":false,"template":"","format":"standard","meta":{"_monsterinsights_skip_tracking":false,"_monsterinsights_sitenote_active":false,"_monsterinsights_sitenote_note":"","_monsterinsights_sitenote_category":0,"_uf_show_specific_survey":0,"_uf_disable_surveys":false,"footnotes":""},"categories":[1390,1397,1401],"tags":[],"class_list":["post-72249","post","type-post","status-publish","format-standard","has-post-thumbnail","hentry","category-editorias","category-movimentos","category-nacional"],"acf":[],"_links":{"self":[{"href":"https:\/\/pdt-rj.org.br\/index.php\/wp-json\/wp\/v2\/posts\/72249","targetHints":{"allow":["GET"]}}],"collection":[{"href":"https:\/\/pdt-rj.org.br\/index.php\/wp-json\/wp\/v2\/posts"}],"about":[{"href":"https:\/\/pdt-rj.org.br\/index.php\/wp-json\/wp\/v2\/types\/post"}],"author":[{"embeddable":true,"href":"https:\/\/pdt-rj.org.br\/index.php\/wp-json\/wp\/v2\/users\/17"}],"replies":[{"embeddable":true,"href":"https:\/\/pdt-rj.org.br\/index.php\/wp-json\/wp\/v2\/comments?post=72249"}],"version-history":[{"count":3,"href":"https:\/\/pdt-rj.org.br\/index.php\/wp-json\/wp\/v2\/posts\/72249\/revisions"}],"predecessor-version":[{"id":72316,"href":"https:\/\/pdt-rj.org.br\/index.php\/wp-json\/wp\/v2\/posts\/72249\/revisions\/72316"}],"wp:featuredmedia":[{"embeddable":true,"href":"https:\/\/pdt-rj.org.br\/index.php\/wp-json\/wp\/v2\/media\/72250"}],"wp:attachment":[{"href":"https:\/\/pdt-rj.org.br\/index.php\/wp-json\/wp\/v2\/media?parent=72249"}],"wp:term":[{"taxonomy":"category","embeddable":true,"href":"https:\/\/pdt-rj.org.br\/index.php\/wp-json\/wp\/v2\/categories?post=72249"},{"taxonomy":"post_tag","embeddable":true,"href":"https:\/\/pdt-rj.org.br\/index.php\/wp-json\/wp\/v2\/tags?post=72249"}],"curies":[{"name":"wp","href":"https:\/\/api.w.org\/{rel}","templated":true}]}}