{"id":72238,"date":"2020-07-01T20:23:32","date_gmt":"2020-07-01T23:23:32","guid":{"rendered":"http:\/\/pdt-rj.org.br\/?p=72238"},"modified":"2020-07-03T18:30:36","modified_gmt":"2020-07-03T21:30:36","slug":"vida-e-obra-de-celso-furtado-foi-tema-de-seminario-em-homenagem-ao-seu-centenario","status":"publish","type":"post","link":"https:\/\/pdt-rj.org.br\/index.php\/vida-e-obra-de-celso-furtado-foi-tema-de-seminario-em-homenagem-ao-seu-centenario\/","title":{"rendered":"&#8220;Vida e obra de Celso Furtado&#8221; foi tema de semin\u00e1rio em homenagem ao seu centen\u00e1rio"},"content":{"rendered":"<p>O PDT e o Centro de Mem\u00f3ria Trabalhista (CMT) da Funda\u00e7\u00e3o Leonel Brizola &#8211; Alberto Pasqualini (FLB-AP) realizou, nesta quarta-feira (1) o primeiro painel do Semin\u00e1rio on-line em comemora\u00e7\u00e3o ao centen\u00e1rio de nascimento de Celso Furtado. Com a media\u00e7\u00e3o de Henrique Matthiesen, substituindo o presidente da FLB-AP, Manoel Dias, estiveram participando a jornalista, tradutora e s\u00f3cia fundadora do Centro Internacional Celso Furtado e vi\u00fava de Celso Furtado, Rosa Freire, junto com o presidente da institui\u00e7\u00e3o e ex-senador, Roberto Saturnino, e o professor Cidoval Morais de Sousa, Ph.D pela UFSCAR em Sociologia da Ci\u00eancia e da Tecnologia e um dos organizadores da trilogia Celso Furtado: a esperan\u00e7a militante.<\/p>\n<p>Em sua primeira fala, Rosa Freire destacou a amplitude da obra de Celso Furtado, onde enfatizou quatro eixos predominantes: o primeiro, a posi\u00e7\u00e3o de Celso Furtado como te\u00f3rico da quest\u00e3o do desenvolvimento e do subdesenvolvimento; o segundo, como economista historiador frisando o livro &#8220;A forma\u00e7\u00e3o econ\u00f4mica do Brasil&#8221;, como pioneirismo, onde ele parte do contexto hist\u00f3rico para explicar a quest\u00e3o econ\u00f4mica; o terceiro eixo sobre regionalidade, em especial, do Nordeste na cria\u00e7\u00e3o da Sudene; e por \u00faltimo, a rela\u00e7\u00e3o de Celso Furtado com a cultura.<\/p>\n<p>Roberto Saturnino destacou a dimens\u00e3o hist\u00f3rica do homenageado e seu papel no debate econ\u00f4mico e desenvolvimentista do Brasil e da Am\u00e9rica Latina. Salientou tamb\u00e9m a completude da sua obra, em especial, no debate entre os cientistas sociais e os economistas. Para ele, &#8220;Celso Furtado era um farol que iluminava as gera\u00e7\u00f5es de economistas.&#8221;<\/p>\n<p>O professor Cidoval Morais falou sobre a organiza\u00e7\u00e3o da trilogia, da qual \u00e9 um dos organizadores, e destacou que a obra \u00e9 uma contribui\u00e7\u00e3o de in\u00fameros autores que discorrem sobre os v\u00e1rios legados deixados por Furtado.<\/p>\n<p>&#8220;Nossas obras s\u00e3o agendas abertas para que possamos contar as hist\u00f3rias que faltam ser contadas de Celso Furtado&#8221;, ressaltou o professor.<\/p>\n<p>J\u00e1 na segunda rodada de conversa, Rosa Freire afirmou que Celso Furtado &#8220;n\u00e3o era nem um pessimista, nem um otimista ing\u00eanuo, mas tinha muita no\u00e7\u00e3o da realidade brasileira e latino-americana e que a hist\u00f3ria \u00e9 aberta e cabe ser feita por n\u00f3s&#8221;, completou ainda dizendo Celso Furtado era um homem de esquerda.<\/p>\n<p>&#8220;Ele morreu sendo de esquerda no sentido mais profundo. De esquerda no sentido de que a gente tem que mudar a sociedade em que vive para melhor. Um pa\u00eds com menos desigualdades, que era a ideia mestre dele&#8221;, afirmou Rosa.<\/p>\n<p>Roberto Saturnino Braga discorreu, em sua \u00faltima fala, sobre a amplitude do conceito de desenvolvimento compreendido por Celso Furtado como uma quest\u00e3o nacional e cultural.<\/p>\n<p>&#8220;Celso tem outras dimens\u00f5es de pensador e de transformador, n\u00e3o foi apenas um grande economista, mas foi um pensador no sentido mais geral e um transformador, um revolucion\u00e1rio&#8221;, frisou Saturnino.<\/p>\n<p>J\u00e1 no encerramento, Cidoval Morais destacou algumas caracter\u00edsticas marcantes de Celso Furtado como: o pertencimento ao Nordeste, uma vez que ele era paraibano; a ideia de fazer \u00e9 uma forma de ser; a caracter\u00edstica da capacidade de negocia\u00e7\u00e3o pol\u00edtica e dom da articula\u00e7\u00e3o e da realiza\u00e7\u00e3o dos projetos idealizados.<\/p>\n<p>O segundo painel do semin\u00e1rio ser\u00e1 realizado amanh\u00e3 (02), com o tema: &#8220;Atualidade do pensamento de Celso Furtado\u201d. Evento ter\u00e1 a media\u00e7\u00e3o de Ant\u00f4nio Neto, presidente licenciado da CSB e membro da Executiva Nacional do PDT e os debatedores: Mauro Filho, Ph.D. em Economia pela Universidade Vanderrilt, Nashville, TN e Deputado Federal (PDT-CE); Luiz Gonzaga Belluzzo, Doutor em Economia e Professor na Unicamp e Nelson Marconi, Doutor em Economia , professor na FGV\/SP e vice-presidente da FLB-AP\/SP.<\/p>\n<p>Confira o semin\u00e1rio na \u00edntegra:<\/p>\n<p><iframe loading=\"lazy\" title=\"Semin\u00e1rio 100 Anos de Nascimento de CELSO FURTADO - Painel 1\" width=\"640\" height=\"360\" src=\"https:\/\/www.youtube.com\/embed\/hrcz5d-HfEE?feature=oembed\" frameborder=\"0\" allow=\"accelerometer; autoplay; clipboard-write; encrypted-media; gyroscope; picture-in-picture; web-share\" referrerpolicy=\"strict-origin-when-cross-origin\" allowfullscreen><\/iframe><\/p>\n<!-- AddThis Advanced Settings generic via filter on the_content --><!-- AddThis Share Buttons generic via filter on the_content -->","protected":false},"excerpt":{"rendered":"<p>O PDT e o Centro de Mem\u00f3ria Trabalhista (CMT) da Funda\u00e7\u00e3o Leonel Brizola &#8211; Alberto Pasqualini (FLB-AP) realizou, nesta quarta-feira (1) o primeiro painel do Semin\u00e1rio on-line em comemora\u00e7\u00e3o ao centen\u00e1rio de nascimento de Celso Furtado. Com a media\u00e7\u00e3o de Henrique Matthiesen, substituindo o presidente da FLB-AP, Manoel Dias, estiveram participando a jornalista, tradutora e&#8230;<!-- AddThis Advanced Settings generic via filter on wp_trim_excerpt --><!-- AddThis Share Buttons generic via filter on wp_trim_excerpt --><\/p>\n","protected":false},"author":17,"featured_media":72243,"comment_status":"closed","ping_status":"closed","sticky":false,"template":"","format":"standard","meta":{"_monsterinsights_skip_tracking":false,"_monsterinsights_sitenote_active":false,"_monsterinsights_sitenote_note":"","_monsterinsights_sitenote_category":0,"_uf_show_specific_survey":0,"_uf_disable_surveys":false,"footnotes":""},"categories":[1390,3328],"tags":[],"class_list":["post-72238","post","type-post","status-publish","format-standard","has-post-thumbnail","hentry","category-editorias","category-flb-ap"],"acf":[],"_links":{"self":[{"href":"https:\/\/pdt-rj.org.br\/index.php\/wp-json\/wp\/v2\/posts\/72238","targetHints":{"allow":["GET"]}}],"collection":[{"href":"https:\/\/pdt-rj.org.br\/index.php\/wp-json\/wp\/v2\/posts"}],"about":[{"href":"https:\/\/pdt-rj.org.br\/index.php\/wp-json\/wp\/v2\/types\/post"}],"author":[{"embeddable":true,"href":"https:\/\/pdt-rj.org.br\/index.php\/wp-json\/wp\/v2\/users\/17"}],"replies":[{"embeddable":true,"href":"https:\/\/pdt-rj.org.br\/index.php\/wp-json\/wp\/v2\/comments?post=72238"}],"version-history":[{"count":8,"href":"https:\/\/pdt-rj.org.br\/index.php\/wp-json\/wp\/v2\/posts\/72238\/revisions"}],"predecessor-version":[{"id":72296,"href":"https:\/\/pdt-rj.org.br\/index.php\/wp-json\/wp\/v2\/posts\/72238\/revisions\/72296"}],"wp:featuredmedia":[{"embeddable":true,"href":"https:\/\/pdt-rj.org.br\/index.php\/wp-json\/wp\/v2\/media\/72243"}],"wp:attachment":[{"href":"https:\/\/pdt-rj.org.br\/index.php\/wp-json\/wp\/v2\/media?parent=72238"}],"wp:term":[{"taxonomy":"category","embeddable":true,"href":"https:\/\/pdt-rj.org.br\/index.php\/wp-json\/wp\/v2\/categories?post=72238"},{"taxonomy":"post_tag","embeddable":true,"href":"https:\/\/pdt-rj.org.br\/index.php\/wp-json\/wp\/v2\/tags?post=72238"}],"curies":[{"name":"wp","href":"https:\/\/api.w.org\/{rel}","templated":true}]}}