{"id":72188,"date":"2020-06-30T17:57:58","date_gmt":"2020-06-30T20:57:58","guid":{"rendered":"http:\/\/pdt-rj.org.br\/?p=72188"},"modified":"2020-06-30T17:57:58","modified_gmt":"2020-06-30T20:57:58","slug":"pl-de-mario-heringer-exige-teste-de-covid-19-em-municipios-nao-atingidos-pelo-virus","status":"publish","type":"post","link":"https:\/\/pdt-rj.org.br\/index.php\/pl-de-mario-heringer-exige-teste-de-covid-19-em-municipios-nao-atingidos-pelo-virus\/","title":{"rendered":"PL de M\u00e1rio Heringer exige teste de Covid-19 em munic\u00edpios n\u00e3o atingidos pelo v\u00edrus"},"content":{"rendered":"<p>Com objetivo de evitar a interioriza\u00e7\u00e3o e a dissemina\u00e7\u00e3o do novo coronav\u00edrus em regi\u00f5es ainda n\u00e3o atingidas pela pandemia, o pedetista M\u00e1rio Heringer (MG) apresentou o Projeto de Lei 3517\/20 para obrigar a testagem ou a apresenta\u00e7\u00e3o de atestado m\u00e9dico nos trechos rodovi\u00e1rios de acesso aos munic\u00edpios sem casos registrados de Covid-19.<\/p>\n<p>Para M\u00e1rio Heringer, \u201ca medida \u00e9 razoavelmente simples, mas pode assumir grande efici\u00eancia, se por meio dela pudermos impedir a interioriza\u00e7\u00e3o do v\u00edrus, de forma a concentrar esfor\u00e7os nas \u00e1reas mais afetadas e permitir o pleno retorno de atividades econ\u00f4micas em \u00e1reas menos afetadas\u201d, defende o parlamentar.<\/p>\n<p>O parlamentar acredita que a falta de mecanismos integrados de gest\u00e3o territorial da doen\u00e7a tem contribu\u00eddo para seu amplo alastramento em territ\u00f3rio nacional.<\/p>\n<p>O projeto acrescenta a medida \u00e0 Lei 13.979\/20, que trata do enfrentamento da Covid-19 no Brasil.<\/p>\n<!-- AddThis Advanced Settings generic via filter on the_content --><!-- AddThis Share Buttons generic via filter on the_content -->","protected":false},"excerpt":{"rendered":"<p>Com objetivo de evitar a interioriza\u00e7\u00e3o e a dissemina\u00e7\u00e3o do novo coronav\u00edrus em regi\u00f5es ainda n\u00e3o atingidas pela pandemia, o pedetista M\u00e1rio Heringer (MG) apresentou o Projeto de Lei 3517\/20 para obrigar a testagem ou a apresenta\u00e7\u00e3o de atestado m\u00e9dico nos trechos rodovi\u00e1rios de acesso aos munic\u00edpios sem casos registrados de Covid-19. Para M\u00e1rio Heringer,&#8230;<!-- AddThis Advanced Settings generic via filter on wp_trim_excerpt --><!-- AddThis Share Buttons generic via filter on wp_trim_excerpt --><\/p>\n","protected":false},"author":17,"featured_media":72189,"comment_status":"closed","ping_status":"closed","sticky":false,"template":"","format":"standard","meta":{"_monsterinsights_skip_tracking":false,"_monsterinsights_sitenote_active":false,"_monsterinsights_sitenote_note":"","_monsterinsights_sitenote_category":0,"_uf_show_specific_survey":0,"_uf_disable_surveys":false,"footnotes":""},"categories":[1390,1459],"tags":[],"class_list":["post-72188","post","type-post","status-publish","format-standard","has-post-thumbnail","hentry","category-editorias","category-congresso"],"acf":[],"_links":{"self":[{"href":"https:\/\/pdt-rj.org.br\/index.php\/wp-json\/wp\/v2\/posts\/72188","targetHints":{"allow":["GET"]}}],"collection":[{"href":"https:\/\/pdt-rj.org.br\/index.php\/wp-json\/wp\/v2\/posts"}],"about":[{"href":"https:\/\/pdt-rj.org.br\/index.php\/wp-json\/wp\/v2\/types\/post"}],"author":[{"embeddable":true,"href":"https:\/\/pdt-rj.org.br\/index.php\/wp-json\/wp\/v2\/users\/17"}],"replies":[{"embeddable":true,"href":"https:\/\/pdt-rj.org.br\/index.php\/wp-json\/wp\/v2\/comments?post=72188"}],"version-history":[{"count":1,"href":"https:\/\/pdt-rj.org.br\/index.php\/wp-json\/wp\/v2\/posts\/72188\/revisions"}],"predecessor-version":[{"id":72190,"href":"https:\/\/pdt-rj.org.br\/index.php\/wp-json\/wp\/v2\/posts\/72188\/revisions\/72190"}],"wp:featuredmedia":[{"embeddable":true,"href":"https:\/\/pdt-rj.org.br\/index.php\/wp-json\/wp\/v2\/media\/72189"}],"wp:attachment":[{"href":"https:\/\/pdt-rj.org.br\/index.php\/wp-json\/wp\/v2\/media?parent=72188"}],"wp:term":[{"taxonomy":"category","embeddable":true,"href":"https:\/\/pdt-rj.org.br\/index.php\/wp-json\/wp\/v2\/categories?post=72188"},{"taxonomy":"post_tag","embeddable":true,"href":"https:\/\/pdt-rj.org.br\/index.php\/wp-json\/wp\/v2\/tags?post=72188"}],"curies":[{"name":"wp","href":"https:\/\/api.w.org\/{rel}","templated":true}]}}