{"id":72173,"date":"2020-06-30T14:40:43","date_gmt":"2020-06-30T17:40:43","guid":{"rendered":"http:\/\/pdt-rj.org.br\/?p=72173"},"modified":"2020-07-02T19:52:11","modified_gmt":"2020-07-02T22:52:11","slug":"planalto-sanciona-acoes-emergenciais-para-setor-cultural","status":"publish","type":"post","link":"https:\/\/pdt-rj.org.br\/index.php\/planalto-sanciona-acoes-emergenciais-para-setor-cultural\/","title":{"rendered":"Planalto sanciona a\u00e7\u00f5es emergenciais para setor cultural"},"content":{"rendered":"<p>O Pal\u00e1cio do Planalto sancionou, nesta segunda-feira (29), a Lei 14.017, de 2020, que \u201cDisp\u00f5e sobre a\u00e7\u00f5es emergenciais destinadas ao setor cultural a serem adotadas durante o estado de calamidade p\u00fablica reconhecida pelo Decreto Legislativo n\u00ba 6, de 20 de mar\u00e7o de 2020\u201d.<\/p>\n<p>A lei surgiu a partir do Projeto de Lei 1075\/20, de coautoria dos pedetistas Chico D\u2019Angelo (RJ) e T\u00falio Gadelha (PE).<\/p>\n<p>A lei prev\u00ea que a Uni\u00e3o deve dispor aos Estados, ao Distrito Federal e aos Munic\u00edpios, em parcela \u00fanica, no exerc\u00edcio de 2020, o valor de R$ 3.000.000.000,00 (tr\u00eas bilh\u00f5es de reais) a serem usados pelos Executivos locais, em a\u00e7\u00f5es emergenciais de apoio ao setor cultural.<\/p>\n<p>Este valor ser\u00e1 empregado na ajuda aos trabalhadores da cultura; manuten\u00e7\u00e3o de espa\u00e7os art\u00edsticos e culturais, microempresas e pequenas empresas culturais, cooperativas, institui\u00e7\u00f5es e organiza\u00e7\u00f5es culturais comunit\u00e1rias que tiveram as suas atividades interrompidas por for\u00e7a das medidas de isolamento social.<\/p>\n<p>Al\u00e9m disso, 20% desse valor ser\u00e1 destinado \u00e0 promo\u00e7\u00e3o de editais, chamadas p\u00fablicas, pr\u00eamios, aquisi\u00e7\u00e3o de bens e servi\u00e7os vinculados ao setor cultural e outros instrumentos destinados \u00e0 manuten\u00e7\u00e3o de agentes, de espa\u00e7os, de iniciativas, de cursos, de produ\u00e7\u00f5es, e outras a\u00e7\u00f5es emergenciais.<\/p>\n<p>Os recursos ser\u00e3o executados de forma descentralizada, mediante transfer\u00eancias da Uni\u00e3o aos Estados, aos Munic\u00edpios e ao Distrito Federal, preferencialmente por meio dos fundos estaduais, municipais e distrital de cultura ou, quando n\u00e3o houver, de outros \u00f3rg\u00e3os ou entidades respons\u00e1veis pela gest\u00e3o desses recursos.<\/p>\n<p>A Uni\u00e3o destinar\u00e1 50% (cinquenta por cento) aos Estados e ao Distrito Federal, dos quais 20% (vinte por cento) de acordo com os crit\u00e9rios de rateio do Fundo de Participa\u00e7\u00e3o dos Estados e do Distrito Federal (FPE) e 80% (oitenta por cento) proporcionalmente \u00e0 popula\u00e7\u00e3o. 50% (cinquenta por cento) aos Munic\u00edpios e ao Distrito Federal, dos quais 20% (vinte por cento) de acordo com os crit\u00e9rios de rateio do Fundo de Participa\u00e7\u00e3o dos Munic\u00edpios (FPM) e 80% (oitenta por cento) proporcionalmente \u00e0 popula\u00e7\u00e3o.<\/p>\n<!-- AddThis Advanced Settings generic via filter on the_content --><!-- AddThis Share Buttons generic via filter on the_content -->","protected":false},"excerpt":{"rendered":"<p>O Pal\u00e1cio do Planalto sancionou, nesta segunda-feira (29), a Lei 14.017, de 2020, que \u201cDisp\u00f5e sobre a\u00e7\u00f5es emergenciais destinadas ao setor cultural a serem adotadas durante o estado de calamidade p\u00fablica reconhecida pelo Decreto Legislativo n\u00ba 6, de 20 de mar\u00e7o de 2020\u201d. A lei surgiu a partir do Projeto de Lei 1075\/20, de coautoria&#8230;<!-- AddThis Advanced Settings generic via filter on wp_trim_excerpt --><!-- AddThis Share Buttons generic via filter on wp_trim_excerpt --><\/p>\n","protected":false},"author":17,"featured_media":72174,"comment_status":"closed","ping_status":"closed","sticky":false,"template":"","format":"standard","meta":{"_monsterinsights_skip_tracking":false,"_monsterinsights_sitenote_active":false,"_monsterinsights_sitenote_note":"","_monsterinsights_sitenote_category":0,"_uf_show_specific_survey":0,"_uf_disable_surveys":false,"footnotes":""},"categories":[1390,1459,976],"tags":[],"class_list":["post-72173","post","type-post","status-publish","format-standard","has-post-thumbnail","hentry","category-editorias","category-congresso","category-noticias-em-destaque"],"acf":[],"_links":{"self":[{"href":"https:\/\/pdt-rj.org.br\/index.php\/wp-json\/wp\/v2\/posts\/72173","targetHints":{"allow":["GET"]}}],"collection":[{"href":"https:\/\/pdt-rj.org.br\/index.php\/wp-json\/wp\/v2\/posts"}],"about":[{"href":"https:\/\/pdt-rj.org.br\/index.php\/wp-json\/wp\/v2\/types\/post"}],"author":[{"embeddable":true,"href":"https:\/\/pdt-rj.org.br\/index.php\/wp-json\/wp\/v2\/users\/17"}],"replies":[{"embeddable":true,"href":"https:\/\/pdt-rj.org.br\/index.php\/wp-json\/wp\/v2\/comments?post=72173"}],"version-history":[{"count":4,"href":"https:\/\/pdt-rj.org.br\/index.php\/wp-json\/wp\/v2\/posts\/72173\/revisions"}],"predecessor-version":[{"id":72284,"href":"https:\/\/pdt-rj.org.br\/index.php\/wp-json\/wp\/v2\/posts\/72173\/revisions\/72284"}],"wp:featuredmedia":[{"embeddable":true,"href":"https:\/\/pdt-rj.org.br\/index.php\/wp-json\/wp\/v2\/media\/72174"}],"wp:attachment":[{"href":"https:\/\/pdt-rj.org.br\/index.php\/wp-json\/wp\/v2\/media?parent=72173"}],"wp:term":[{"taxonomy":"category","embeddable":true,"href":"https:\/\/pdt-rj.org.br\/index.php\/wp-json\/wp\/v2\/categories?post=72173"},{"taxonomy":"post_tag","embeddable":true,"href":"https:\/\/pdt-rj.org.br\/index.php\/wp-json\/wp\/v2\/tags?post=72173"}],"curies":[{"name":"wp","href":"https:\/\/api.w.org\/{rel}","templated":true}]}}