{"id":72172,"date":"2020-06-30T14:48:50","date_gmt":"2020-06-30T17:48:50","guid":{"rendered":"http:\/\/pdt-rj.org.br\/?p=72172"},"modified":"2020-06-30T15:31:13","modified_gmt":"2020-06-30T18:31:13","slug":"sus-democracia-e-estado-de-excecao","status":"publish","type":"post","link":"https:\/\/pdt-rj.org.br\/index.php\/sus-democracia-e-estado-de-excecao\/","title":{"rendered":"SUS, democracia e Estado de exce\u00e7\u00e3o"},"content":{"rendered":"<p>Recentemente, assistimos o presidente da Rep\u00fablica, Jair Bolsonaro, l\u00edder maior da Na\u00e7\u00e3o brasileira, estimular a invas\u00e3o dos Hospitais de Campanha pelo Brasil, al\u00e9m do completo desrespeito com profissionais de sa\u00fade, pacientes e familiares que lutam pela sobreviv\u00eancia, em meio \u00e0 pandemia da Covid-19. Batalha perdida por mais de 50 mil brasileiros e acometendo mais de um milh\u00e3o de infectados, em territ\u00f3rio nacional. Esse fato, demonstra claramente a falta de empatia do \u201cbolsonarismo\u201d \u00e0s institui\u00e7\u00f5es constru\u00eddas ao longo de d\u00e9cadas no pa\u00eds.<\/p>\n<p>O papel do Minist\u00e9rio da Sa\u00fade, al\u00e9m de construir e definir a pol\u00edtica p\u00fablica da pasta, tem o dever de fiscalizar a\u00e7\u00f5es de estados e munic\u00edpios. Portanto, se h\u00e1 alguma desconfian\u00e7a por parte do Governo Federal no trabalho exercido pelas equipes m\u00e9dicas dos Hospitais de Campanha, o mais prudente a ser feito, seria o envio de equipes t\u00e9cnicas do pr\u00f3prio Minist\u00e9rio, para acompanhar, fiscalizar e apontar poss\u00edveis erros.<\/p>\n<p>No entanto, vivemos em tempos de uma \u201cguerrilha psicol\u00f3gica\u201d, onde apoiadores radicais do presidente Bolsonaro s\u00e3o estimulados por teses e ideias nada republicanas e antidemocr\u00e1ticas. O intuito desse movimento \u00e9 arregimentar uma milit\u00e2ncia radical que ataca \u00e0s institui\u00e7\u00f5es e destr\u00f3i reputa\u00e7\u00f5es, com objetivo de construir um Estado de exce\u00e7\u00e3o (situa\u00e7\u00e3o oposta ao Estado democr\u00e1tico de direito), onde os poderes sejam concentrados nas m\u00e3os do Presidente e seus filhos. Quanto a isso, resistiremos at\u00e9 o fim, no intuito de consolidar nossa jovem democracia, objetivada na constru\u00e7\u00e3o de um Sistema \u00danico de Sa\u00fade (SUS) cada vez mais p\u00fablico e universal, que valorize os trabalhadores e respeite os usu\u00e1rios.<\/p>\n<p>A hora \u00e9 de \u201cabra\u00e7ar\u201d os profissionais da sa\u00fade, que se apresentam como verdadeiros her\u00f3is, arriscando suas pr\u00f3prias vidas e de familiares, muitas vezes adoecendo e morrendo, mas exercendo seus deveres e se colocando na linha de frente para salvar a vida do povo brasileiro.<\/p>\n<p>&nbsp;<\/p>\n<p><em><strong>*Gardel Rolim \u00e9 vereador pelo PDT do Cear\u00e1.<\/strong><\/em><\/p>\n<!-- AddThis Advanced Settings generic via filter on the_content --><!-- AddThis Share Buttons generic via filter on the_content -->","protected":false},"excerpt":{"rendered":"<p>Recentemente, assistimos o presidente da Rep\u00fablica, Jair Bolsonaro, l\u00edder maior da Na\u00e7\u00e3o brasileira, estimular a invas\u00e3o dos Hospitais de Campanha pelo Brasil, al\u00e9m do completo desrespeito com profissionais de sa\u00fade, pacientes e familiares que lutam pela sobreviv\u00eancia, em meio \u00e0 pandemia da Covid-19. Batalha perdida por mais de 50 mil brasileiros e acometendo mais de&#8230;<!-- AddThis Advanced Settings generic via filter on wp_trim_excerpt --><!-- AddThis Share Buttons generic via filter on wp_trim_excerpt --><\/p>\n","protected":false},"author":17,"featured_media":72183,"comment_status":"closed","ping_status":"closed","sticky":false,"template":"","format":"standard","meta":{"_monsterinsights_skip_tracking":false,"_monsterinsights_sitenote_active":false,"_monsterinsights_sitenote_note":"","_monsterinsights_sitenote_category":0,"_uf_show_specific_survey":0,"_uf_disable_surveys":false,"footnotes":""},"categories":[1584,1390],"tags":[3348,3349,3700,3701,3378,857,1340,900],"class_list":["post-72172","post","type-post","status-publish","format-standard","has-post-thumbnail","hentry","category-artigos","category-editorias","tag-covid-19","tag-estado-de-emergencia","tag-gardel-rolim","tag-hospitais-de-campanha","tag-pandemia","tag-saude","tag-sistema-unico-de-saude","tag-sus"],"acf":[],"_links":{"self":[{"href":"https:\/\/pdt-rj.org.br\/index.php\/wp-json\/wp\/v2\/posts\/72172","targetHints":{"allow":["GET"]}}],"collection":[{"href":"https:\/\/pdt-rj.org.br\/index.php\/wp-json\/wp\/v2\/posts"}],"about":[{"href":"https:\/\/pdt-rj.org.br\/index.php\/wp-json\/wp\/v2\/types\/post"}],"author":[{"embeddable":true,"href":"https:\/\/pdt-rj.org.br\/index.php\/wp-json\/wp\/v2\/users\/17"}],"replies":[{"embeddable":true,"href":"https:\/\/pdt-rj.org.br\/index.php\/wp-json\/wp\/v2\/comments?post=72172"}],"version-history":[{"count":5,"href":"https:\/\/pdt-rj.org.br\/index.php\/wp-json\/wp\/v2\/posts\/72172\/revisions"}],"predecessor-version":[{"id":72186,"href":"https:\/\/pdt-rj.org.br\/index.php\/wp-json\/wp\/v2\/posts\/72172\/revisions\/72186"}],"wp:featuredmedia":[{"embeddable":true,"href":"https:\/\/pdt-rj.org.br\/index.php\/wp-json\/wp\/v2\/media\/72183"}],"wp:attachment":[{"href":"https:\/\/pdt-rj.org.br\/index.php\/wp-json\/wp\/v2\/media?parent=72172"}],"wp:term":[{"taxonomy":"category","embeddable":true,"href":"https:\/\/pdt-rj.org.br\/index.php\/wp-json\/wp\/v2\/categories?post=72172"},{"taxonomy":"post_tag","embeddable":true,"href":"https:\/\/pdt-rj.org.br\/index.php\/wp-json\/wp\/v2\/tags?post=72172"}],"curies":[{"name":"wp","href":"https:\/\/api.w.org\/{rel}","templated":true}]}}