{"id":72154,"date":"2020-06-29T17:23:39","date_gmt":"2020-06-29T20:23:39","guid":{"rendered":"http:\/\/pdt-rj.org.br\/?p=72154"},"modified":"2020-06-30T10:42:53","modified_gmt":"2020-06-30T13:42:53","slug":"centro-de-memoria-realizara-seminario-em-homenagem-ao-centenario-de-celso-furtado","status":"publish","type":"post","link":"https:\/\/pdt-rj.org.br\/index.php\/centro-de-memoria-realizara-seminario-em-homenagem-ao-centenario-de-celso-furtado\/","title":{"rendered":"Centro de Mem\u00f3ria realizar\u00e1 semin\u00e1rio em homenagem ao centen\u00e1rio de Celso Furtado"},"content":{"rendered":"<p>O PDT e a Funda\u00e7\u00e3o Leonel Brizola- Alberto Pasqualini (FLB-AP) em conjunto com o Centro de Mem\u00f3ria Trabalhista ir\u00e3o promover o Semin\u00e1rio Nacional em comemora\u00e7\u00e3o ao centen\u00e1rio de nascimento do economista Celso Furtado. O evento, que ser\u00e1 transmitido pelo Youtube, acontecer\u00e1 nos dias 1,2,6 e 7 de julho e ter\u00e1 participa\u00e7\u00e3o de Manoel Dias, presidente nacional da FLB-AP, Carlos Lupi e Ciro Gomes, presidente e vice-presidente nacional do partido, al\u00e9m de grandes nomes de refer\u00eancia nacional que ir\u00e3o debater o legado e a obra de Celso Furtado.<\/p>\n<p><strong>Hist\u00f3ria\u00a0<\/strong><\/p>\n<p>Oriundo do alto sert\u00e3o da Para\u00edba, Pombal, Celso Monteiro Furtado nasceu no dia 26 de julho de 1920. No final da d\u00e9cada de 1930, muda-se para o Rio de Janeiro e come\u00e7a a estudar Direito. Em 1945, retorna da It\u00e1lia onde serviu como aspirante a oficial da FEB e decide ser economista, ao inv\u00e9s de advogado, como seu pai.<\/p>\n<p>Muda-se para Paris, Fran\u00e7a, para estudar Doutorado em Economia e retorna ao Brasil, novamente, de onde parte para o Chile, para integrar-se \u00e0 Comiss\u00e3o Econ\u00f4mica para a Am\u00e9rica Latina (CEPAL), \u00f3rg\u00e3o da rec\u00e9m-criada Na\u00e7\u00f5es Unidas. Seu primeiro livro: &#8220;A economia brasileira&#8221; \u00e9 publicado em 1954, e tr\u00eas anos depois, em 1957, a obra &#8220;Forma\u00e7\u00e3o econ\u00f4mica do Brasil&#8221;, seu livro mais difundido no Brasil e traduzido em nove l\u00ednguas.<\/p>\n<p>Em 1958, de volta ao Brasil, assume uma diretoria do Banco Nacional de Desenvolvimento (BNDE) e \u00e9 nomeado pelo presidente JK interventor no Grupo de Trabalho do Desenvolvimento do Nordeste (GTDN). Em 1960 o Congresso Nacional aprova a lei que cria a Superintend\u00eancia de Desenvolvimento do Nordeste (SUDENE) sediada em Recife-PE, e Celso Furtado \u00e9 nomeado seu superintendente, onde foi reconfirmado no cargo do governo do presidente J\u00e2nio Quadros, e posteriormente, no governo trabalhista de Jo\u00e3o Goulart.<\/p>\n<p>Se tornou, em 1962, o primeiro titular do Minist\u00e9rio do Planejamento no governo Jango e elabora o Plano Trienal, com o objetivo de combater a infla\u00e7\u00e3o vigente na \u00e9poca.<\/p>\n<p>Com o golpe civil-militar de 1964 que levou os militares ao poder at\u00e9 1985, Celso Furtado exila-se nos Estados Unidos, e depois na Fran\u00e7a onde leciona na Sorbonne durante vinte anos. Visita o Brasil pela primeira vez depois do ex\u00edlio, em 1968, e durante a d\u00e9cada de 1970 viaja, como membro das Na\u00e7\u00f5es Unidas, por diversos pa\u00edses da \u00c1frica, \u00c1sia e Am\u00e9rica Latina.<\/p>\n<p>Ap\u00f3s 1979, com a lei da anistia, retorna ao Brasil com frequ\u00eancia e, em 1985, Tancredo Neves convida-o para colaborar com o novo governo que est\u00e1 para se formar. Nomeado embaixador do Brasil, em Bruxelas, em 1988 volta ao Brasil.<\/p>\n<p>Durante a d\u00e9cada de 1990, a carreira de Celso Furtado divide-se em diversos organismos internacionais, sempre ligados ao desenvolvimento econ\u00f4mico dos pa\u00edses subdesenvolvidos.<\/p>\n<p>Em 1997 \u00e9 eleito para a Academia Brasileira de Letras (ABL) e ocupa a cadeira deixada por Darcy Ribeiro, em decorr\u00eancia do seu falecimento naquele ano.<\/p>\n<p>Marca registrada de Celso Furtado \u00e9 o desenvolvimentismo nacional e a sua vis\u00e3o das desigualdades do Brasil, o que o elevou a um dos maiores pensadores e economistas do s\u00e9culo XX.<\/p>\n<p><strong>Programa\u00e7\u00e3o do Semin\u00e1rio\u00a0<\/strong><\/p>\n<p>Dias: 1,2,6 e 7 de julho de 2020.<\/p>\n<p>Painel I \u2013 14h<br \/>\nDia: 01<br \/>\nTema: Vida e Obra.<br \/>\nMedia\u00e7\u00e3o: Manoel Dias \u2013 Presidente da Funda\u00e7\u00e3o Leonel Brizola-Alberto Pasqualini.<br \/>\n\u2022 Rosa Freire D\u00b4Aguiar<br \/>\nJornalista, Tradutora e S\u00f3cia fundadora do Centro Internacional Celso Furtado de Pol\u00edticas para o Desenvolvimento.<br \/>\n\u2022 Roberto Saturnino Braga<br \/>\nEx-Senador da Rep\u00fablica e Presidente do Centro Internacional Celso Furtado de Pol\u00edticas para o Desenvolvimento.<br \/>\n\u2022 Cidoval Morais de Sousa<br \/>\nPh.D pela UFSCAR em Sociologia da Ci\u00eancia e da Tecnologia e um dos organizadores da trilogia \u201cCelso Furtado- A esperan\u00e7a Militante\u201d<\/p>\n<p>Painel II \u2013 19h<br \/>\nDia: 02<br \/>\nTema: Atualidade do Pensamento de Celso Furtado.<br \/>\nMedia\u00e7\u00e3o: Ant\u00f4nio Neto \u2013 Presidente licenciado da CSB e Membro da Executiva Nacional do PDT<br \/>\n\u2022 Mauro Filho<br \/>\nPh.D em Economia pela Universidade Vanderrilt, Nashville, TN e Deputado Federal (PDT-CE).<br \/>\n\u2022 Luiz Gonzaga Belluzzo<br \/>\nDoutor em Economia e Professor na Unicamp.<br \/>\n\u2022 Nelson Marconi<br \/>\nDoutor em Economia e professor na FGV\/SP e Vice-Presidente da FLB-AP\/SP<\/p>\n<p>Painel III \u2013 19h<br \/>\nDia: 06<br \/>\nTema: Desenvolvimentismo de Celso Furtado<br \/>\nMedia\u00e7\u00e3o: Deputado Federal Wolney Queiroz (PDT-PE)<br \/>\n\u2022 Flavio Ataliba<br \/>\nDoutor pela FGV\/RJ, P\u00f3s-Doutor pela Universidade de Harvard, Professor da Universidade Federal do Cear\u00e1 e Secret\u00e1rio Executivo de Planejamento e Or\u00e7amento do Cear\u00e1.<br \/>\n\u2022 Ricardo Bielschowsky<br \/>\nDoutor em Economia pela Universidade de Leicester, Inglaterra, e Professor na UFRJ.<br \/>\n\u2022 Jos\u00e9 Augusto Ribeiro<br \/>\nJornalista e escritor. Autor da Trilogia \u201cA Era Vargas\u201d.<\/p>\n<p>Painel IV \u2013 19h<br \/>\nDia 07<br \/>\nTema: O papel de Celso Furtado no desenvolvimento do Nordeste.<br \/>\nMedia\u00e7\u00e3o: Carlos Lupi \u2013 Presidente Nacional do PDT<br \/>\n\u2022 T\u00e2nia Bacelar<br \/>\nDoutora em Economia pela Universidade de Paris, Parthenon- Sorbonne e Professora Em\u00e9rita da Universidade Federal de Pernambuco.<br \/>\n\u2022 Fl\u00e1vio Dino<br \/>\nGovernador do Maranh\u00e3o.<br \/>\n\u2022 Ciro Gomes<br \/>\nEx-Ministro da Fazenda e da Integra\u00e7\u00e3o Nacional e Vice-Presidente Nacional do PDT<\/p>\n<!-- AddThis Advanced Settings generic via filter on the_content --><!-- AddThis Share Buttons generic via filter on the_content -->","protected":false},"excerpt":{"rendered":"<p>O PDT e a Funda\u00e7\u00e3o Leonel Brizola- Alberto Pasqualini (FLB-AP) em conjunto com o Centro de Mem\u00f3ria Trabalhista ir\u00e3o promover o Semin\u00e1rio Nacional em comemora\u00e7\u00e3o ao centen\u00e1rio de nascimento do economista Celso Furtado. O evento, que ser\u00e1 transmitido pelo Youtube, acontecer\u00e1 nos dias 1,2,6 e 7 de julho e ter\u00e1 participa\u00e7\u00e3o de Manoel Dias, presidente&#8230;<!-- AddThis Advanced Settings generic via filter on wp_trim_excerpt --><!-- AddThis Share Buttons generic via filter on wp_trim_excerpt --><\/p>\n","protected":false},"author":17,"featured_media":72161,"comment_status":"closed","ping_status":"closed","sticky":false,"template":"","format":"standard","meta":{"_monsterinsights_skip_tracking":false,"_monsterinsights_sitenote_active":false,"_monsterinsights_sitenote_note":"","_monsterinsights_sitenote_category":0,"_uf_show_specific_survey":0,"_uf_disable_surveys":false,"footnotes":""},"categories":[1390,3328],"tags":[],"class_list":["post-72154","post","type-post","status-publish","format-standard","has-post-thumbnail","hentry","category-editorias","category-flb-ap"],"acf":[],"_links":{"self":[{"href":"https:\/\/pdt-rj.org.br\/index.php\/wp-json\/wp\/v2\/posts\/72154","targetHints":{"allow":["GET"]}}],"collection":[{"href":"https:\/\/pdt-rj.org.br\/index.php\/wp-json\/wp\/v2\/posts"}],"about":[{"href":"https:\/\/pdt-rj.org.br\/index.php\/wp-json\/wp\/v2\/types\/post"}],"author":[{"embeddable":true,"href":"https:\/\/pdt-rj.org.br\/index.php\/wp-json\/wp\/v2\/users\/17"}],"replies":[{"embeddable":true,"href":"https:\/\/pdt-rj.org.br\/index.php\/wp-json\/wp\/v2\/comments?post=72154"}],"version-history":[{"count":6,"href":"https:\/\/pdt-rj.org.br\/index.php\/wp-json\/wp\/v2\/posts\/72154\/revisions"}],"predecessor-version":[{"id":72171,"href":"https:\/\/pdt-rj.org.br\/index.php\/wp-json\/wp\/v2\/posts\/72154\/revisions\/72171"}],"wp:featuredmedia":[{"embeddable":true,"href":"https:\/\/pdt-rj.org.br\/index.php\/wp-json\/wp\/v2\/media\/72161"}],"wp:attachment":[{"href":"https:\/\/pdt-rj.org.br\/index.php\/wp-json\/wp\/v2\/media?parent=72154"}],"wp:term":[{"taxonomy":"category","embeddable":true,"href":"https:\/\/pdt-rj.org.br\/index.php\/wp-json\/wp\/v2\/categories?post=72154"},{"taxonomy":"post_tag","embeddable":true,"href":"https:\/\/pdt-rj.org.br\/index.php\/wp-json\/wp\/v2\/tags?post=72154"}],"curies":[{"name":"wp","href":"https:\/\/api.w.org\/{rel}","templated":true}]}}