{"id":72146,"date":"2020-06-26T19:55:01","date_gmt":"2020-06-26T22:55:01","guid":{"rendered":"http:\/\/pdt-rj.org.br\/?p=72146"},"modified":"2020-07-01T17:06:41","modified_gmt":"2020-07-01T20:06:41","slug":"covid-19-letalidade-entre-indios-xavantes-e-160-maior-que-a-media-nacional","status":"publish","type":"post","link":"https:\/\/pdt-rj.org.br\/index.php\/covid-19-letalidade-entre-indios-xavantes-e-160-maior-que-a-media-nacional\/","title":{"rendered":"Covid-19: letalidade entre \u00edndios Xavantes \u00e9 160% maior que a m\u00e9dia nacional"},"content":{"rendered":"<p><em><strong>Entre os mortos nas aldeias de Mato Grosso, quatro s\u00e3o familiares do ex-deputado Cacique M\u00e1rio Juruna<\/strong><\/em><\/p>\n<p>O impacto do Covid-19 segue cada vez mais intenso entre os ind\u00edgenas, principalmente os de Mato Grosso. A taxa de letalidade na popula\u00e7\u00e3o Xavante alcan\u00e7ou 11,7%, \u00edndice 160% maior que a atual m\u00e9dia da popula\u00e7\u00e3o brasileira (4,5%), segundo dados do Minist\u00e9rio da Sa\u00fade e do Conselho Nacional de Secret\u00e1rios de Sa\u00fade atualizados at\u00e9 a \u00faltima quinta-feira (25).<\/p>\n<p>A taxa, que reflete os 12 \u00f3bitos entre os 102 casos confirmados de coronav\u00edrus desde maio deste ano, mostra a alta dissemina\u00e7\u00e3o na tribo de cerca de 22 mil \u00edndios, realidade que ainda pode ser ainda mais grave em fun\u00e7\u00e3o dos casos assintom\u00e1ticos e da falta de testagem em massa.<\/p>\n<p>Se comparado com o n\u00famero de \u00edndios mortos em todo o pa\u00eds, o \u00edndice com Xavantes mostra um cen\u00e1rio ainda mais preocupante. De acordo com o Instituto de Pesquisa Ambiental da Amaz\u00f4nia (Ipam) e a Coordena\u00e7\u00e3o das Organiza\u00e7\u00f5es Ind\u00edgenas da Amaz\u00f4nia Brasileira (Coiab), a taxa de letalidade com ind\u00edgenas, no Brasil, \u00e9 de 6.8%. Os valores mostram, portanto, uma varia\u00e7\u00e3o de 72%.<\/p>\n<p>Para o presidente nacional do Movimento Ind\u00edgena do PDT, Rafael Weree, a situa\u00e7\u00e3o ca\u00f3tica foi potencializada pela falta de assist\u00eancia do governo federal.<\/p>\n<p>\u201cBolsonaro sempre deixou claro que deseja a destrui\u00e7\u00e3o das minorias vulner\u00e1veis. Ele persegue os ind\u00edgenas e o seu descaso est\u00e1 custando ainda mais vidas em aldeias de todo o Brasil. \u00c9 um genocida\u201d, criticou.<\/p>\n<p>Como tentativa de reverter o quadro, Weree cita a aprova\u00e7\u00e3o no Senado Federal, neste m\u00eas, do Projeto de Lei 1.142\/2020, que cria um pacote de a\u00e7\u00f5es de vigil\u00e2ncia sanit\u00e1ria e epidemiol\u00f3gicas para proteger n\u00e3o s\u00f3 ind\u00edgenas, mas tamb\u00e9m quilombolas e comunidades tradicionais. Para ele, a medida, que contou com o apoio do PDT, \u201c\u00e9 um paliativo diante da desordem instalada\u201d.<\/p>\n<p>\u201cO resultado negativo entre os Xavantes \u00e9 potencializado pela fragilidade da imunidade, falta de assist\u00eancia m\u00e9dica nas aldeias, consequente dificuldade de locomo\u00e7\u00e3o at\u00e9 as cidades com leitos de UTI, al\u00e9m das invas\u00f5es e desmatamentos nas reservas\u201d, pontuou.<\/p>\n<p>\u201cEm fun\u00e7\u00e3o desses pontos, ele alega que muitos est\u00e3o se recusando a sair das suas terras pelo p\u00e2nico gerado pelas sucessivas perdas\u201d, acrescentou.<\/p>\n<p><strong>Vidas<\/strong><\/p>\n<p>Entre as 12 perdas registradas pelos Xavantes, est\u00e3o crian\u00e7as, jovens e caciques mais idosos, incluindo quatro familiares de M\u00e1rio Juruna, primeiro ind\u00edgena a ocupar uma cadeira na C\u00e2mara dos Deputados.<\/p>\n<p>Nascido na aldeia Namurunj\u00e1, em Barra do Gar\u00e7a (MT), o tamb\u00e9m cacique foi eleito, em 1982, pelo PDT do Rio de Janeiro na composi\u00e7\u00e3o da chapa de Leonel Brizola, que venceu a disputa pelo governo do estado.<\/p>\n<p>Neto de Juruna, Weree pondera que os seus ensinamentos propagados servem de exemplo para \u201cmanter os Xavantes cada vez mais aguerridos\u201d.<\/p>\n<p>\u201cS\u00e3o fam\u00edlias destru\u00eddas e um povo constantemente amea\u00e7ado. A realidade j\u00e1 era dif\u00edcil e piorou. Precisaremos de muita for\u00e7a para superar estes novos problemas na luta pela vida. Nossa hist\u00f3ria sempre foi marcada por resist\u00eancia e uni\u00e3o. N\u00e3o vamos desistir jamais\u201d, concluiu.<\/p>\n<!-- AddThis Advanced Settings generic via filter on the_content --><!-- AddThis Share Buttons generic via filter on the_content -->","protected":false},"excerpt":{"rendered":"<p>Entre os mortos nas aldeias de Mato Grosso, quatro s\u00e3o familiares do ex-deputado Cacique M\u00e1rio Juruna O impacto do Covid-19 segue cada vez mais intenso entre os ind\u00edgenas, principalmente os de Mato Grosso. A taxa de letalidade na popula\u00e7\u00e3o Xavante alcan\u00e7ou 11,7%, \u00edndice 160% maior que a atual m\u00e9dia da popula\u00e7\u00e3o brasileira (4,5%), segundo dados&#8230;<!-- AddThis Advanced Settings generic via filter on wp_trim_excerpt --><!-- AddThis Share Buttons generic via filter on wp_trim_excerpt --><\/p>\n","protected":false},"author":17,"featured_media":72147,"comment_status":"closed","ping_status":"closed","sticky":false,"template":"","format":"standard","meta":{"_monsterinsights_skip_tracking":false,"_monsterinsights_sitenote_active":false,"_monsterinsights_sitenote_note":"","_monsterinsights_sitenote_category":0,"_uf_show_specific_survey":0,"_uf_disable_surveys":false,"footnotes":""},"categories":[1390],"tags":[3697,3698,3348,3696,2147],"class_list":["post-72146","post","type-post","status-publish","format-standard","has-post-thumbnail","hentry","category-editorias","tag-aldeia-namurunja","tag-barra-do-garca-mt","tag-covid-19","tag-indios-xavantes","tag-rafael-weree"],"acf":[],"_links":{"self":[{"href":"https:\/\/pdt-rj.org.br\/index.php\/wp-json\/wp\/v2\/posts\/72146","targetHints":{"allow":["GET"]}}],"collection":[{"href":"https:\/\/pdt-rj.org.br\/index.php\/wp-json\/wp\/v2\/posts"}],"about":[{"href":"https:\/\/pdt-rj.org.br\/index.php\/wp-json\/wp\/v2\/types\/post"}],"author":[{"embeddable":true,"href":"https:\/\/pdt-rj.org.br\/index.php\/wp-json\/wp\/v2\/users\/17"}],"replies":[{"embeddable":true,"href":"https:\/\/pdt-rj.org.br\/index.php\/wp-json\/wp\/v2\/comments?post=72146"}],"version-history":[{"count":3,"href":"https:\/\/pdt-rj.org.br\/index.php\/wp-json\/wp\/v2\/posts\/72146\/revisions"}],"predecessor-version":[{"id":72223,"href":"https:\/\/pdt-rj.org.br\/index.php\/wp-json\/wp\/v2\/posts\/72146\/revisions\/72223"}],"wp:featuredmedia":[{"embeddable":true,"href":"https:\/\/pdt-rj.org.br\/index.php\/wp-json\/wp\/v2\/media\/72147"}],"wp:attachment":[{"href":"https:\/\/pdt-rj.org.br\/index.php\/wp-json\/wp\/v2\/media?parent=72146"}],"wp:term":[{"taxonomy":"category","embeddable":true,"href":"https:\/\/pdt-rj.org.br\/index.php\/wp-json\/wp\/v2\/categories?post=72146"},{"taxonomy":"post_tag","embeddable":true,"href":"https:\/\/pdt-rj.org.br\/index.php\/wp-json\/wp\/v2\/tags?post=72146"}],"curies":[{"name":"wp","href":"https:\/\/api.w.org\/{rel}","templated":true}]}}