{"id":72104,"date":"2020-06-24T23:51:51","date_gmt":"2020-06-25T02:51:51","guid":{"rendered":"http:\/\/pdt-rj.org.br\/?p=72104"},"modified":"2020-06-25T14:20:56","modified_gmt":"2020-06-25T17:20:56","slug":"cid-gomes-avalia-que-sucesso-do-marco-legal-do-saneamento-depende-de-investimento-publico","status":"publish","type":"post","link":"https:\/\/pdt-rj.org.br\/index.php\/cid-gomes-avalia-que-sucesso-do-marco-legal-do-saneamento-depende-de-investimento-publico\/","title":{"rendered":"Cid Gomes avalia que sucesso do marco legal do saneamento depende de investimento p\u00fablico"},"content":{"rendered":"<p>O senador Cid Gomes (PDT-CE) afirmou hoje que a universaliza\u00e7\u00e3o do saneamento b\u00e1sico no Pa\u00eds s\u00f3 ser\u00e1 poss\u00edvel com investimento p\u00fablico. Foi durante a vota\u00e7\u00e3o no Senado Federal que aprovou o novo marco legal do saneamento, que prev\u00ea a participa\u00e7\u00e3o da iniciativa privada na presta\u00e7\u00e3o do servi\u00e7o. A meta \u00e9 levar a coleta de esgoto para 90% da popula\u00e7\u00e3o at\u00e9 o fim de 2033.<\/p>\n<p>Cid Gomes votou a favor da proposta, mas avaliou que, sem subsidio p\u00fablico e financiamento do Governo Federal, o objetivo n\u00e3o vai ser atingido e o acesso \u00e0 \u00e1gua e ao esgotamento sanit\u00e1rio n\u00e3o chegar\u00e1 aos mais pobres. \u201cO caminho \u00e9 a cria\u00e7\u00e3o de uma tarifa social. Sem subs\u00eddios n\u00e3o daremos aos pobres \u00e1gua e esgoto. Esse \u00e9 o grande desafio que nosso Pa\u00eds vai enfrentar. Sem o isso poderemos ficar s\u00e9culos sem resolver o problema\u201d, defendeu.<\/p>\n<p>Cid Gomes destacou ainda que o Cear\u00e1 \u00e9 100% atendido por empresas p\u00fablicas. E que setor privado sozinho n\u00e3o tem como resolver o problema. Para finalizar, o Senador cobrou um esfor\u00e7o coletivo para garantir a participa\u00e7\u00e3o do Governo Federal no financiamento e o esfor\u00e7o de levar saneamento aos brasileiros. Agora, o texto segue para a san\u00e7\u00e3o presidencial.<\/p>\n<!-- AddThis Advanced Settings generic via filter on the_content --><!-- AddThis Share Buttons generic via filter on the_content -->","protected":false},"excerpt":{"rendered":"<p>O senador Cid Gomes (PDT-CE) afirmou hoje que a universaliza\u00e7\u00e3o do saneamento b\u00e1sico no Pa\u00eds s\u00f3 ser\u00e1 poss\u00edvel com investimento p\u00fablico. Foi durante a vota\u00e7\u00e3o no Senado Federal que aprovou o novo marco legal do saneamento, que prev\u00ea a participa\u00e7\u00e3o da iniciativa privada na presta\u00e7\u00e3o do servi\u00e7o. A meta \u00e9 levar a coleta de esgoto&#8230;<!-- AddThis Advanced Settings generic via filter on wp_trim_excerpt --><!-- AddThis Share Buttons generic via filter on wp_trim_excerpt --><\/p>\n","protected":false},"author":17,"featured_media":72106,"comment_status":"closed","ping_status":"closed","sticky":false,"template":"","format":"standard","meta":{"_monsterinsights_skip_tracking":false,"_monsterinsights_sitenote_active":false,"_monsterinsights_sitenote_note":"","_monsterinsights_sitenote_category":0,"_uf_show_specific_survey":0,"_uf_disable_surveys":false,"footnotes":""},"categories":[1390],"tags":[],"class_list":["post-72104","post","type-post","status-publish","format-standard","has-post-thumbnail","hentry","category-editorias"],"acf":[],"_links":{"self":[{"href":"https:\/\/pdt-rj.org.br\/index.php\/wp-json\/wp\/v2\/posts\/72104","targetHints":{"allow":["GET"]}}],"collection":[{"href":"https:\/\/pdt-rj.org.br\/index.php\/wp-json\/wp\/v2\/posts"}],"about":[{"href":"https:\/\/pdt-rj.org.br\/index.php\/wp-json\/wp\/v2\/types\/post"}],"author":[{"embeddable":true,"href":"https:\/\/pdt-rj.org.br\/index.php\/wp-json\/wp\/v2\/users\/17"}],"replies":[{"embeddable":true,"href":"https:\/\/pdt-rj.org.br\/index.php\/wp-json\/wp\/v2\/comments?post=72104"}],"version-history":[{"count":3,"href":"https:\/\/pdt-rj.org.br\/index.php\/wp-json\/wp\/v2\/posts\/72104\/revisions"}],"predecessor-version":[{"id":72113,"href":"https:\/\/pdt-rj.org.br\/index.php\/wp-json\/wp\/v2\/posts\/72104\/revisions\/72113"}],"wp:featuredmedia":[{"embeddable":true,"href":"https:\/\/pdt-rj.org.br\/index.php\/wp-json\/wp\/v2\/media\/72106"}],"wp:attachment":[{"href":"https:\/\/pdt-rj.org.br\/index.php\/wp-json\/wp\/v2\/media?parent=72104"}],"wp:term":[{"taxonomy":"category","embeddable":true,"href":"https:\/\/pdt-rj.org.br\/index.php\/wp-json\/wp\/v2\/categories?post=72104"},{"taxonomy":"post_tag","embeddable":true,"href":"https:\/\/pdt-rj.org.br\/index.php\/wp-json\/wp\/v2\/tags?post=72104"}],"curies":[{"name":"wp","href":"https:\/\/api.w.org\/{rel}","templated":true}]}}