{"id":72041,"date":"2020-06-23T16:02:11","date_gmt":"2020-06-23T19:02:11","guid":{"rendered":"http:\/\/pdt-rj.org.br\/?p=72041"},"modified":"2020-06-23T16:30:42","modified_gmt":"2020-06-23T19:30:42","slug":"politicas-publicas-em-prol-da-sustentabilidade-foi-tema-de-debate-do-ecotrabalhismo","status":"publish","type":"post","link":"https:\/\/pdt-rj.org.br\/index.php\/politicas-publicas-em-prol-da-sustentabilidade-foi-tema-de-debate-do-ecotrabalhismo\/","title":{"rendered":"Pol\u00edticas p\u00fablicas em prol da sustentabilidade foi tema de debate do Ecotrabalhismo"},"content":{"rendered":"<p>No \u00faltimo s\u00e1bado (20), o movimento Ecotrabalhismo realizou uma webconfer\u00eancia para debater acerca da atual conjuntura ambiental no Brasil. Conduzido pela presidente nacional do movimento, Ivana Groff, o debate teve a contribui\u00e7\u00e3o de v\u00e1rias lideran\u00e7as nacionais e estaduais do partido, dentre elas, o presidente nacional da Funda\u00e7\u00e3o Leonel Brizola \u2013 Alberto Pasqualini (FLB-AP) e secret\u00e1rio-geral nacional do PDT, Manoel Dias. A situa\u00e7\u00e3o do Minist\u00e9rio do Meio Ambiente, a quest\u00e3o do desmatamento e das queimadas na Amaz\u00f4nia, a Medida Provis\u00f3ria da Grilagem e as elei\u00e7\u00f5es municipais foram os principais temas abordados.<\/p>\n<p>Ao inciar o debate, Manoel Dias, falou sobre o governo de Bolsonaro e alertou para o perigo de o meio ambiente vir a ser a \u00e1rea mais afetada pela crise que o Pa\u00eds travessa.<\/p>\n<p>\u201cA pr\u00f3xima crise pode ser a do meio ambiente. Se nossos netos, bisnetos, a popula\u00e7\u00e3o, o mundo continuarem desprestigiando o meio ambiente ser\u00e1 irrevers\u00edvel. Iremos comprar uma grande calamidade\u201d, prev\u00ea o secret\u00e1rio-geral.<\/p>\n<p>Manoel Dias tamb\u00e9m falou sobre a gest\u00e3o desorientada do ministro do Meio Ambiente, Ricardo Salles, e ressaltou a necessidade de cria\u00e7\u00e3o de n\u00facleos de bases para fortalecimento do Ecotrabalhismo em todo Brasil.<\/p>\n<p>\u201cVamos organizar n\u00facleos de bases do meio ambiente. As pessoas das reservas ind\u00edgenas n\u00e3o sabem como se defender. Criminosamente esse ministro do meio ambiente quer acabar com as pol\u00edticas p\u00fablicas em defesa da natureza. Com isso, n\u00f3s estamos criando diante do p\u00fablico uma antipatia. Quem vai querer investir no pa\u00eds com um presidente e um ministro desse?\u201d, indagou o presidente da FLB-AP.<\/p>\n<p>O professor da Universidade do Amazonas David Spencer abordou, em sua participa\u00e7\u00e3o, o cen\u00e1rio de devasta\u00e7\u00e3o na Amaz\u00f4nia. Ele afirma que o mundo est\u00e1 vivenciando um processo de intensa produ\u00e7\u00e3o de morte com perda de centenas de pessoas.<\/p>\n<p>\u201cNos \u00faltimos 10 anos, n\u00f3s tivemos o maior \u00edndice de desmatamento na regi\u00e3o. Isso foi registrado no m\u00eas de abril deste ano com 529 Km\u00b2 de floresta derrubada, quantidade equivalente ao munic\u00edpio de Porto Alegre&#8221;, afirma o professor.<\/p>\n<p>Sobre os povos ind\u00edgenas, David ressaltou que, al\u00e9m do problema de desmatamento na Amaz\u00f4nia, existe ainda o coronav\u00edrus, que est\u00e1 agravando ainda mais a situa\u00e7\u00e3o de sa\u00fade dos povos que vivem na regi\u00e3o.<\/p>\n<p>\u201cA grilagem, a minera\u00e7\u00e3o e o roubo de madeiras em terras ind\u00edgenas tem promovido a aproxima\u00e7\u00e3o e a infec\u00e7\u00e3o dos povos ind\u00edgenas com a Covid-19 que \u00e9 levada para esses territ\u00f3rios por esses agentes da barb\u00e1rie\u201d, afirmou David Spencer.<\/p>\n<p>J\u00e1 Nelton Friedrich, vice-presidente do PDT no Paran\u00e1, iniciou sua participa\u00e7\u00e3o fazendo uma retrospectiva do partido e a luta de suas lideran\u00e7as em rela\u00e7\u00e3o a sustentabilidade e ao cuidado com a preserva\u00e7\u00e3o da Amaz\u00f4nia. Logo ap\u00f3s ele abordou tamb\u00e9m a situa\u00e7\u00e3o do atual gestor da pasta do meio ambiente.<\/p>\n<p>\u201cEstamos vivendo um governo que \u00e9 genocida e ecoc\u00eddio. As agress\u00f5es ao meio ambiente, h\u00e1 muito tempo deixaram de ser agress\u00f5es simplesmente falando de conserva\u00e7\u00e3o, sobre as matas, sobre as \u00e1rvores, sobre a quest\u00e3o da \u00e1gua. Quando falamos sobre agress\u00e3o ao meio ambiente, estamos falando de agress\u00e3o a vida, n\u00e3o s\u00f3 animal, vegetal, mas humana&#8221;, afirmou Friedrich.<\/p>\n<p>Sobre as elei\u00e7\u00f5es municipais deste ano, o vice-presidente da FLB-AP no Rio de Janeiro, Everton Gomes, destacou a import\u00e2ncia de identificar os candidatos que est\u00e3o comprometidos com o modelo de desenvolvimento sustent\u00e1vel, defendido pelo PDT, para crescimento do movimento em cada cidade brasileira.<\/p>\n<p>\u201c\u00c9 muito importante que n\u00f3s identifiquemos as candidaturas que s\u00e3o comprometidas com esse modelo de desenvolvimento que n\u00f3s defendemos no PDT. Vamos procurar quem tem interesse em defender a bandeira ambiental\u201d, destacou Everton Gomes que tamb\u00e9m \u00e9 secret\u00e1rio Nacional de assuntos econ\u00f4micos do PDT.<\/p>\n<!-- AddThis Advanced Settings generic via filter on the_content --><!-- AddThis Share Buttons generic via filter on the_content -->","protected":false},"excerpt":{"rendered":"<p>No \u00faltimo s\u00e1bado (20), o movimento Ecotrabalhismo realizou uma webconfer\u00eancia para debater acerca da atual conjuntura ambiental no Brasil. Conduzido pela presidente nacional do movimento, Ivana Groff, o debate teve a contribui\u00e7\u00e3o de v\u00e1rias lideran\u00e7as nacionais e estaduais do partido, dentre elas, o presidente nacional da Funda\u00e7\u00e3o Leonel Brizola \u2013 Alberto Pasqualini (FLB-AP) e secret\u00e1rio-geral&#8230;<!-- AddThis Advanced Settings generic via filter on wp_trim_excerpt --><!-- AddThis Share Buttons generic via filter on wp_trim_excerpt --><\/p>\n","protected":false},"author":17,"featured_media":72046,"comment_status":"closed","ping_status":"closed","sticky":false,"template":"","format":"standard","meta":{"_monsterinsights_skip_tracking":false,"_monsterinsights_sitenote_active":false,"_monsterinsights_sitenote_note":"","_monsterinsights_sitenote_category":0,"_uf_show_specific_survey":0,"_uf_disable_surveys":false,"footnotes":""},"categories":[1390,1397],"tags":[],"class_list":["post-72041","post","type-post","status-publish","format-standard","has-post-thumbnail","hentry","category-editorias","category-movimentos"],"acf":[],"_links":{"self":[{"href":"https:\/\/pdt-rj.org.br\/index.php\/wp-json\/wp\/v2\/posts\/72041","targetHints":{"allow":["GET"]}}],"collection":[{"href":"https:\/\/pdt-rj.org.br\/index.php\/wp-json\/wp\/v2\/posts"}],"about":[{"href":"https:\/\/pdt-rj.org.br\/index.php\/wp-json\/wp\/v2\/types\/post"}],"author":[{"embeddable":true,"href":"https:\/\/pdt-rj.org.br\/index.php\/wp-json\/wp\/v2\/users\/17"}],"replies":[{"embeddable":true,"href":"https:\/\/pdt-rj.org.br\/index.php\/wp-json\/wp\/v2\/comments?post=72041"}],"version-history":[{"count":16,"href":"https:\/\/pdt-rj.org.br\/index.php\/wp-json\/wp\/v2\/posts\/72041\/revisions"}],"predecessor-version":[{"id":72068,"href":"https:\/\/pdt-rj.org.br\/index.php\/wp-json\/wp\/v2\/posts\/72041\/revisions\/72068"}],"wp:featuredmedia":[{"embeddable":true,"href":"https:\/\/pdt-rj.org.br\/index.php\/wp-json\/wp\/v2\/media\/72046"}],"wp:attachment":[{"href":"https:\/\/pdt-rj.org.br\/index.php\/wp-json\/wp\/v2\/media?parent=72041"}],"wp:term":[{"taxonomy":"category","embeddable":true,"href":"https:\/\/pdt-rj.org.br\/index.php\/wp-json\/wp\/v2\/categories?post=72041"},{"taxonomy":"post_tag","embeddable":true,"href":"https:\/\/pdt-rj.org.br\/index.php\/wp-json\/wp\/v2\/tags?post=72041"}],"curies":[{"name":"wp","href":"https:\/\/api.w.org\/{rel}","templated":true}]}}