{"id":72013,"date":"2020-06-21T01:54:22","date_gmt":"2020-06-21T04:54:22","guid":{"rendered":"http:\/\/pdt-rj.org.br\/?p=72013"},"modified":"2021-02-25T14:08:21","modified_gmt":"2021-02-25T17:08:21","slug":"brizola-vive","status":"publish","type":"post","link":"https:\/\/pdt-rj.org.br\/index.php\/brizola-vive\/","title":{"rendered":"Brizola Vive!"},"content":{"rendered":"<p>Neste 21 de junho, h\u00e1 16 anos, perdemos a nossa mais aut\u00eantica e expressiva lideran\u00e7a e o Brasil ficou privado da sua maior refer\u00eancia pol\u00edtica.<\/p>\n<p>O jornalista Petr\u00f4nio Souza, t\u00e3o logo soube da morte de Brizola, assim definiu o grande l\u00edder:<br \/>\n\u201cFoi g\u00eanio e genial, homem raro, que nasceu l\u00e1 para as bandas dos pampas do olhar reto, direto, Engenheiro por forma\u00e7\u00e3o, queria reconstruir o Pa\u00eds, e estruturado em valores solidificados na pedra preciosa do nacionalismo aut\u00eantico. N\u00e3o enxergava limites nem divisas, para ele a Na\u00e7\u00e3o era o todo, sem barreiras no amor incorporado.<\/p>\n<p>Agora, ficamos n\u00f3s com o cora\u00e7\u00e3o vazio. Muitos n\u00e3o concordavam, mas ouviam. Por autoridade nacional, ele repetia, repercutia. Agora, fica faltando um bravo no c\u00e9u anil do Brasil. Fica faltando as s\u00e1bias palavras do grande pai nacional que, sempre, para o bem geral da Na\u00e7\u00e3o, ponderava.<\/p>\n<p>Fica faltando Leonel Brizola, o homem que fez desabrochar uma Rosa Vermelha brasileira, dentro do peito dos verdadeiros filhos da P\u00e1tria\u201d.<\/p>\n<!-- AddThis Advanced Settings generic via filter on the_content --><!-- AddThis Share Buttons generic via filter on the_content -->","protected":false},"excerpt":{"rendered":"<p>Neste 21 de junho, h\u00e1 16 anos, perdemos a nossa mais aut\u00eantica e expressiva lideran\u00e7a e o Brasil ficou privado da sua maior refer\u00eancia pol\u00edtica. O jornalista Petr\u00f4nio Souza, t\u00e3o logo soube da morte de Brizola, assim definiu o grande l\u00edder: \u201cFoi g\u00eanio e genial, homem raro, que nasceu l\u00e1 para as bandas dos pampas&#8230;<!-- AddThis Advanced Settings generic via filter on wp_trim_excerpt --><!-- AddThis Share Buttons generic via filter on wp_trim_excerpt --><\/p>\n","protected":false},"author":17,"featured_media":72017,"comment_status":"closed","ping_status":"closed","sticky":false,"template":"","format":"standard","meta":{"_monsterinsights_skip_tracking":false,"_monsterinsights_sitenote_active":false,"_monsterinsights_sitenote_note":"","_monsterinsights_sitenote_category":0,"_uf_show_specific_survey":0,"_uf_disable_surveys":false,"footnotes":""},"categories":[1584,976],"tags":[1935,1855,565],"class_list":["post-72013","post","type-post","status-publish","format-standard","has-post-thumbnail","hentry","category-artigos","category-noticias-em-destaque","tag-brizola-vive","tag-hari-alexandre-brust","tag-leonel-brizola"],"acf":[],"_links":{"self":[{"href":"https:\/\/pdt-rj.org.br\/index.php\/wp-json\/wp\/v2\/posts\/72013","targetHints":{"allow":["GET"]}}],"collection":[{"href":"https:\/\/pdt-rj.org.br\/index.php\/wp-json\/wp\/v2\/posts"}],"about":[{"href":"https:\/\/pdt-rj.org.br\/index.php\/wp-json\/wp\/v2\/types\/post"}],"author":[{"embeddable":true,"href":"https:\/\/pdt-rj.org.br\/index.php\/wp-json\/wp\/v2\/users\/17"}],"replies":[{"embeddable":true,"href":"https:\/\/pdt-rj.org.br\/index.php\/wp-json\/wp\/v2\/comments?post=72013"}],"version-history":[{"count":3,"href":"https:\/\/pdt-rj.org.br\/index.php\/wp-json\/wp\/v2\/posts\/72013\/revisions"}],"predecessor-version":[{"id":76326,"href":"https:\/\/pdt-rj.org.br\/index.php\/wp-json\/wp\/v2\/posts\/72013\/revisions\/76326"}],"wp:featuredmedia":[{"embeddable":true,"href":"https:\/\/pdt-rj.org.br\/index.php\/wp-json\/wp\/v2\/media\/72017"}],"wp:attachment":[{"href":"https:\/\/pdt-rj.org.br\/index.php\/wp-json\/wp\/v2\/media?parent=72013"}],"wp:term":[{"taxonomy":"category","embeddable":true,"href":"https:\/\/pdt-rj.org.br\/index.php\/wp-json\/wp\/v2\/categories?post=72013"},{"taxonomy":"post_tag","embeddable":true,"href":"https:\/\/pdt-rj.org.br\/index.php\/wp-json\/wp\/v2\/tags?post=72013"}],"curies":[{"name":"wp","href":"https:\/\/api.w.org\/{rel}","templated":true}]}}