{"id":72005,"date":"2020-06-20T18:02:41","date_gmt":"2020-06-20T21:02:41","guid":{"rendered":"http:\/\/pdt-rj.org.br\/?p=72005"},"modified":"2020-06-21T02:00:36","modified_gmt":"2020-06-21T05:00:36","slug":"manoel-dias-defende-conscientizacao-e-organizacao-popular-na-defesa-democratica-dos-direitos-sociais","status":"publish","type":"post","link":"https:\/\/pdt-rj.org.br\/index.php\/manoel-dias-defende-conscientizacao-e-organizacao-popular-na-defesa-democratica-dos-direitos-sociais\/","title":{"rendered":"Manoel Dias defende conscientiza\u00e7\u00e3o e organiza\u00e7\u00e3o popular na defesa democr\u00e1tica dos direitos sociais"},"content":{"rendered":"<p><strong><em>Encontro do Movimento Comunit\u00e1rio Trabalhista mobilizou lideran\u00e7as de todo o pa\u00eds<\/em><\/strong><\/p>\n<p>\u201cCom os movimentos sociais, o PDT busca transformar o Brasil a partir de um povo consciente e organizado dentro do processo democr\u00e1tico\u201d, afirmou o secret\u00e1rio-geral nacional do partido, Manoel Dias, ao participar da reuni\u00e3o ampliada do diret\u00f3rio nacional do Movimento Comunit\u00e1rio Trabalhista (MCT). Liderada pelo presidente nacional, Jordaci Matos, o encontro mobilizou mais de 40 lideran\u00e7as de todas as regi\u00f5es do pa\u00eds, al\u00e9m de representantes da dire\u00e7\u00e3o da Funda\u00e7\u00e3o Leonel Brizola \u2013 Alberto Pasqualini (FLB-AP).<\/p>\n<p>\u201cO MCT \u00e9 fundamental nas lutas do PDT. Os movimentos traduzem o diferencial que a nossa sigla de esquerda tem na sua ess\u00eancia: o preparo das massas para garantir direitos e combater a opress\u00e3o das elites\u201d, comentou Dias, que tamb\u00e9m \u00e9 presidente da FLB-AP.<\/p>\n<p>Ao indicar que o caminho para consolida\u00e7\u00e3o das propostas citadas passa pelo desenvolvimento cont\u00ednuo da milit\u00e2ncia, Dias valorizou o suporte oferecido pela Funda\u00e7\u00e3o a partir dos seus setores, como a Universidade Leonel Brizola (ULB).<\/p>\n<p>\u201cCom a ULB, estamos levando a forma\u00e7\u00e3o pol\u00edtica, pela internet, a todos em um padr\u00e3o mais pr\u00e1tico e r\u00e1pido. E, de forma integrada, a nuclea\u00e7\u00e3o ser\u00e1 o elo que tornar\u00e1 a revolu\u00e7\u00e3o do pa\u00eds poss\u00edvel\u201d, comentou, exaltando o novo projeto de nuclea\u00e7\u00e3o. Segundo ele, ocorrer\u00e1 uma expans\u00e3o representativa a partir da contribui\u00e7\u00e3o dos pr\u00f3ximos processos eleitorais.<\/p>\n<p>\u201cCada pr\u00e9-candidato ter\u00e1 a obrigatoriedade de construir tr\u00eas n\u00facleos de base. A nossa proje\u00e7\u00e3o \u00e9 ter cerca de 30 mil postulantes aos cargos de prefeito e vereadores em todo o pa\u00eds. Assim, poderemos ter mais de 100 mil c\u00e9lulas ativas e dando resultado a longo prazo\u201d, complementou Dias, ao citar a participa\u00e7\u00e3o do secret\u00e1rio-executivo, Ades Oliveira.<\/p>\n<p>Detalhando os procedimentos para formaliza\u00e7\u00e3o e atua\u00e7\u00e3o das c\u00e9lulas, o secret\u00e1rio nacional de Nuclea\u00e7\u00e3o, Leonardo Zumpichiati, explicou que o formato, seguindo as novas tend\u00eancias tecnol\u00f3gicas, pode ser at\u00e9 virtual, bem como a tem\u00e1tica de cada unidade deve atender aos anseios da comunidade ou regi\u00e3o em que est\u00e1 presente.<\/p>\n<p>\u201cO n\u00facleo de base \u00e9 uma ferramenta para fazer a realiza\u00e7\u00e3o trabalhista a partir da milit\u00e2ncia dos pedetistas na sociedade. Para isso, todos devem ser registrados na dire\u00e7\u00e3o nacional da Funda\u00e7\u00e3o, atrav\u00e9s do WhatsApp: (61) 98455-1212. Formalizados, poder\u00e3o receber conte\u00fados e orienta\u00e7\u00f5es atrav\u00e9s de canais diretos de suporte\u201d, pontuou Zumpichiati.<\/p>\n<p>Ao valorizar o apoio da dire\u00e7\u00e3o nacional do PDT e da Funda\u00e7\u00e3o, Jordaci Matos relatou o processo de estrutura\u00e7\u00e3o e formaliza\u00e7\u00e3o das dire\u00e7\u00f5es do movimento nos estados.<\/p>\n<p>\u201cO nosso MCT tem um grande desafio: ratificar as caracter\u00edsticas org\u00e2nicas e combater o fisiologismo para lutar pelas causas do nosso povo. Temos, na nossa ess\u00eancia, a busca pelos direitos humanos, pois temos o olhar do cidad\u00e3o humilde que est\u00e1 nas periferias. Por isso, estaremos sempre com nossas bandeiras presentes\u201d, concluiu.<\/p>\n<!-- AddThis Advanced Settings generic via filter on the_content --><!-- AddThis Share Buttons generic via filter on the_content -->","protected":false},"excerpt":{"rendered":"<p>Encontro do Movimento Comunit\u00e1rio Trabalhista mobilizou lideran\u00e7as de todo o pa\u00eds \u201cCom os movimentos sociais, o PDT busca transformar o Brasil a partir de um povo consciente e organizado dentro do processo democr\u00e1tico\u201d, afirmou o secret\u00e1rio-geral nacional do partido, Manoel Dias, ao participar da reuni\u00e3o ampliada do diret\u00f3rio nacional do Movimento Comunit\u00e1rio Trabalhista (MCT). Liderada&#8230;<!-- AddThis Advanced Settings generic via filter on wp_trim_excerpt --><!-- AddThis Share Buttons generic via filter on wp_trim_excerpt --><\/p>\n","protected":false},"author":17,"featured_media":72006,"comment_status":"closed","ping_status":"closed","sticky":false,"template":"","format":"standard","meta":{"_monsterinsights_skip_tracking":false,"_monsterinsights_sitenote_active":false,"_monsterinsights_sitenote_note":"","_monsterinsights_sitenote_category":0,"_uf_show_specific_survey":0,"_uf_disable_surveys":false,"footnotes":""},"categories":[1390,2605,1397],"tags":[408,426,591,2592,2577,931,942],"class_list":["post-72005","post","type-post","status-publish","format-standard","has-post-thumbnail","hentry","category-editorias","category-movimento-comunitario-trabalhista","category-movimentos","tag-flb-ap","tag-fundacao-leonel-brizola-alberto-pasqualini","tag-manoel-dias","tag-mct","tag-movimento-comunitario-trabalhista","tag-ulb","tag-universidade-leonel-brizola"],"acf":[],"_links":{"self":[{"href":"https:\/\/pdt-rj.org.br\/index.php\/wp-json\/wp\/v2\/posts\/72005","targetHints":{"allow":["GET"]}}],"collection":[{"href":"https:\/\/pdt-rj.org.br\/index.php\/wp-json\/wp\/v2\/posts"}],"about":[{"href":"https:\/\/pdt-rj.org.br\/index.php\/wp-json\/wp\/v2\/types\/post"}],"author":[{"embeddable":true,"href":"https:\/\/pdt-rj.org.br\/index.php\/wp-json\/wp\/v2\/users\/17"}],"replies":[{"embeddable":true,"href":"https:\/\/pdt-rj.org.br\/index.php\/wp-json\/wp\/v2\/comments?post=72005"}],"version-history":[{"count":3,"href":"https:\/\/pdt-rj.org.br\/index.php\/wp-json\/wp\/v2\/posts\/72005\/revisions"}],"predecessor-version":[{"id":72019,"href":"https:\/\/pdt-rj.org.br\/index.php\/wp-json\/wp\/v2\/posts\/72005\/revisions\/72019"}],"wp:featuredmedia":[{"embeddable":true,"href":"https:\/\/pdt-rj.org.br\/index.php\/wp-json\/wp\/v2\/media\/72006"}],"wp:attachment":[{"href":"https:\/\/pdt-rj.org.br\/index.php\/wp-json\/wp\/v2\/media?parent=72005"}],"wp:term":[{"taxonomy":"category","embeddable":true,"href":"https:\/\/pdt-rj.org.br\/index.php\/wp-json\/wp\/v2\/categories?post=72005"},{"taxonomy":"post_tag","embeddable":true,"href":"https:\/\/pdt-rj.org.br\/index.php\/wp-json\/wp\/v2\/tags?post=72005"}],"curies":[{"name":"wp","href":"https:\/\/api.w.org\/{rel}","templated":true}]}}