{"id":71999,"date":"2020-06-19T20:28:31","date_gmt":"2020-06-19T23:28:31","guid":{"rendered":"http:\/\/pdt-rj.org.br\/?p=71999"},"modified":"2020-06-28T15:59:59","modified_gmt":"2020-06-28T18:59:59","slug":"carlos-lupi-o-trabalhismo-e-a-voz-do-povo-brasileiro","status":"publish","type":"post","link":"https:\/\/pdt-rj.org.br\/index.php\/carlos-lupi-o-trabalhismo-e-a-voz-do-povo-brasileiro\/","title":{"rendered":"Carlos Lupi: \u201cO Trabalhismo \u00e9 a voz do povo brasileiro\u201d"},"content":{"rendered":"<p><em>O presidente nacional do PDT participou da aula inaugural do curso de forma\u00e7\u00e3o da JS<\/em><\/p>\n<p>O presidente nacional do PDT, Carlos Lupi, participou, nesta sexta-feira (19), da aula inaugural do curso de forma\u00e7\u00e3o virtual da Juventude Socialista (JS). Intitulado \u201cO Dever da Esperan\u00e7a \u2013 a hist\u00f3ria e a atualidade do trabalhismo\u201d, o curso gratuito \u00e9 dividido em dois m\u00f3dulos e reunir\u00e1 palestrantes, ao longo dos pr\u00f3ximos meses, para abordar as tem\u00e1ticas da corrente de pensamento.<\/p>\n<p>Ao valorizar o legado constru\u00eddo a partir de lideran\u00e7as hist\u00f3ricas, como Get\u00falio Vargas, Jo\u00e3o Goulart, Alberto Pasqualini e Leonel Brizola, Lupi debateu com o presidente nacional da JS, William Rodrigues, a import\u00e2ncia da atua\u00e7\u00e3o combativa do trabalhismo na defesa dos interesses populares e nacionalistas.<\/p>\n<p>\u201cN\u00f3s temos a liga\u00e7\u00e3o popular enraizada desde a alma de Get\u00falio Vargas e constru\u00edda pelos bra\u00e7os de Leonel Brizola. Isso \u00e9 o trabalhismo, com sua vertente corajosa e transparente para transformar a sociedade brasileira. Com muita luta, estamos cumprindo nosso papel\u201d, afirmou o ex-ministro do Trabalho e Emprego.<\/p>\n<p>Para o presidente da sigla, Get\u00falio \u00e9 a s\u00edntese \u201cde um povo que quer sua liberta\u00e7\u00e3o\u201d e, diante da sua import\u00e2ncia, considera que o Brasil \u201cse discute antes e depois da Era Vargas\u201d.<\/p>\n<p>\u201cTemos uma trajet\u00f3ria focada na realidade do povo. Nossa vis\u00e3o \u00e9 humanista. Get\u00falio criou as leis trabalhistas e fortaleceu o processo sindical, al\u00e9m de ter colocado Jo\u00e3o Goulart no Minist\u00e9rio do Trabalho, que ofereceu um aumento de 100% do sal\u00e1rio m\u00ednimo\u201d, acrescentou.<\/p>\n<p>Depois de relatar todo o processo trabalhista de prote\u00e7\u00e3o dos princ\u00edpios democr\u00e1ticos, considerando marcos como o suic\u00eddio de Vargas, em 1954, e a campanha da legalidade desencadeada por Brizola, em 1961, Lupi ratifica todo o simbolismo defendido pelo ex-governador pedetista no fortalecimento da bandeira considerada primordial: a educa\u00e7\u00e3o.<\/p>\n<p>\u201cForam 6 mil escolas, no Rio Grande do Sul, e 503 CIEPs, no Rio. No formato de tempo integral, os \u2018brizol\u00f5es\u2019 eram bonitos, amplos e completos para permitir consci\u00eancias independentes\u201d, recordou, indicando os 16 anos do falecimento de Brizola, no pr\u00f3ximo domingo (21): \u201cAs ideias n\u00e3o morrem, pois germinam nos nossos cora\u00e7\u00f5es.\u201d<\/p>\n<p><strong>Conex\u00e3o<\/strong><\/p>\n<p>Para William Rodrigues, n\u00e3o \u00e9 poss\u00edvel contar a hist\u00f3ria brasileira sem falar da representatividade do trabalhismo e da juventude no processo de evolu\u00e7\u00e3o nacional.<\/p>\n<p>\u201cEstamos disputando a narrativa para mostrar todo nosso legado. O Ciro Gomes consegue fazer essa conex\u00e3o com o novo momento da na\u00e7\u00e3o. E o curso se encaixa como ferramenta para mostrar as estruturas da nossa linha ideol\u00f3gica, que se origina em Vargas e Pasqualini, at\u00e9 o projeto de desenvolvimento atual\u201d, relatou, ao ser confirmado por Lupi: \u201cCiro est\u00e1 mostrando o mesmo amor \u00e0 causa do trabalhismo, tanto que est\u00e1 at\u00e9 parecido fisicamente com Brizola. \u00c9 instrumento corajoso da nossa causa\u201d.<\/p>\n<p>Sobre a representatividade eleitoral, William explica que a JS est\u00e1 mobilizando os quadros para ter cada vez mais presen\u00e7a em todos as disputas, inclusive com a contribui\u00e7\u00e3o da plataforma \u201cJuventude na Urna\u201d.<\/p>\n<p>\u201cVamos disputar cora\u00e7\u00f5es, mentes e territ\u00f3rios em cada canto do nosso pa\u00eds. \u00c9 a face do trabalhismo na quest\u00e3o eleitoral para ampliar nossas bancadas representativas. Assim, conseguiremos construir solu\u00e7\u00f5es de resist\u00eancia para os problemas reais do povo\u201d, valorizou, ao citar o apoio da dire\u00e7\u00e3o nacional da sigla.<\/p>\n<p>\u201cNesse tempo de pandemia, n\u00f3s precisamos nos reinventar. As crises agravadas pelo genocida do presidente Bolsonaro est\u00e3o sendo combatidas a partir de muita milit\u00e2ncia\u201d, completou.<\/p>\n<p>Neste enfrentamento ao governo federal, o protagonismo pedetista foi valorizado a partir da atua\u00e7\u00e3o nas medidas judiciais para frear abusos na condu\u00e7\u00e3o, principalmente, do combate ao Covid-19.<\/p>\n<p>\u201cNenhum partido obteve mais vit\u00f3rias, no STF, como o PDT, com destaque para a A\u00e7\u00e3o Direta de Inconstitucionalidade que confirmou a compet\u00eancia e autonomia de estados, Distrito Federal e munic\u00edpios nas a\u00e7\u00f5es contra o coronav\u00edrus. N\u00f3s estamos, portanto, lutando com as nossas armas, como a verdade\u201d, indicou Lupi.<\/p>\n<p>Sobre o futuro, Lupi projeta a evolu\u00e7\u00e3o do trabalhismo em um formato que \u201catenda ao trabalhador e entenda o processo tecnol\u00f3gico\u201d.<\/p>\n<p>\u201c\u00c9 a gera\u00e7\u00e3o que vai entender o equil\u00edbrio da ecologia com o progresso econ\u00f4mico. O Brasil precisa de todos voc\u00eas, jovens. Nos ajudem nessa caminhada\u201d, conclamou.<\/p>\n<p><strong>Curso<\/strong><\/p>\n<p>Desenvolvido no formato EAD (ensino a dist\u00e2ncia), o novo produto da JS busca intensificar o processo de qualifica\u00e7\u00e3o da milit\u00e2ncia pedetista durante o per\u00edodo de isolamento social gerado pela pandemia do coronav\u00edrus.<\/p>\n<p>Com a possibilidade de ser acessado por computador, tablet ou celular, o p\u00fablico contar\u00e1 com uma programa\u00e7\u00e3o diversificada semanalmente, que inclui an\u00e1lises hist\u00f3ricas, pol\u00edticas, econ\u00f4micas e sociais a partir dos contextos nacional e mundial. Para se inscrever e conferir a programa\u00e7\u00e3o, na \u00edntegra, acesse: jsbrasil.org\/formacao.<\/p>\n<p>Ao concluir, o estudante receber\u00e1 ainda um diploma fornecido pela Universidade Aberta Leonel Brizola (ULB), al\u00e9m de j\u00e1 poder usufruir, sem custo, de todo o acervo dispon\u00edvel na plataforma da organiza\u00e7\u00e3o (ulb.org.br), que \u00e9 vinculada \u00e0 Funda\u00e7\u00e3o Leonel Brizola \u2013 Alberto Pasqualini (FLB-AP).<\/p>\n<!-- AddThis Advanced Settings generic via filter on the_content --><!-- AddThis Share Buttons generic via filter on the_content -->","protected":false},"excerpt":{"rendered":"<p>O presidente nacional do PDT participou da aula inaugural do curso de forma\u00e7\u00e3o da JS O presidente nacional do PDT, Carlos Lupi, participou, nesta sexta-feira (19), da aula inaugural do curso de forma\u00e7\u00e3o virtual da Juventude Socialista (JS). Intitulado \u201cO Dever da Esperan\u00e7a \u2013 a hist\u00f3ria e a atualidade do trabalhismo\u201d, o curso gratuito \u00e9&#8230;<!-- AddThis Advanced Settings generic via filter on wp_trim_excerpt --><!-- AddThis Share Buttons generic via filter on wp_trim_excerpt --><\/p>\n","protected":false},"author":17,"featured_media":72000,"comment_status":"closed","ping_status":"closed","sticky":false,"template":"","format":"standard","meta":{"_monsterinsights_skip_tracking":false,"_monsterinsights_sitenote_active":false,"_monsterinsights_sitenote_note":"","_monsterinsights_sitenote_category":0,"_uf_show_specific_survey":0,"_uf_disable_surveys":false,"footnotes":""},"categories":[1390],"tags":[],"class_list":["post-71999","post","type-post","status-publish","format-standard","has-post-thumbnail","hentry","category-editorias"],"acf":[],"_links":{"self":[{"href":"https:\/\/pdt-rj.org.br\/index.php\/wp-json\/wp\/v2\/posts\/71999","targetHints":{"allow":["GET"]}}],"collection":[{"href":"https:\/\/pdt-rj.org.br\/index.php\/wp-json\/wp\/v2\/posts"}],"about":[{"href":"https:\/\/pdt-rj.org.br\/index.php\/wp-json\/wp\/v2\/types\/post"}],"author":[{"embeddable":true,"href":"https:\/\/pdt-rj.org.br\/index.php\/wp-json\/wp\/v2\/users\/17"}],"replies":[{"embeddable":true,"href":"https:\/\/pdt-rj.org.br\/index.php\/wp-json\/wp\/v2\/comments?post=71999"}],"version-history":[{"count":5,"href":"https:\/\/pdt-rj.org.br\/index.php\/wp-json\/wp\/v2\/posts\/71999\/revisions"}],"predecessor-version":[{"id":72152,"href":"https:\/\/pdt-rj.org.br\/index.php\/wp-json\/wp\/v2\/posts\/71999\/revisions\/72152"}],"wp:featuredmedia":[{"embeddable":true,"href":"https:\/\/pdt-rj.org.br\/index.php\/wp-json\/wp\/v2\/media\/72000"}],"wp:attachment":[{"href":"https:\/\/pdt-rj.org.br\/index.php\/wp-json\/wp\/v2\/media?parent=71999"}],"wp:term":[{"taxonomy":"category","embeddable":true,"href":"https:\/\/pdt-rj.org.br\/index.php\/wp-json\/wp\/v2\/categories?post=71999"},{"taxonomy":"post_tag","embeddable":true,"href":"https:\/\/pdt-rj.org.br\/index.php\/wp-json\/wp\/v2\/tags?post=71999"}],"curies":[{"name":"wp","href":"https:\/\/api.w.org\/{rel}","templated":true}]}}