{"id":71981,"date":"2020-06-19T12:12:27","date_gmt":"2020-06-19T15:12:27","guid":{"rendered":"http:\/\/pdt-rj.org.br\/?p=71981"},"modified":"2020-06-19T15:56:20","modified_gmt":"2020-06-19T18:56:20","slug":"sem-poder-visitar-tumulo-de-brizola-lideres-do-pdt-farao-homenagem-online","status":"publish","type":"post","link":"https:\/\/pdt-rj.org.br\/index.php\/sem-poder-visitar-tumulo-de-brizola-lideres-do-pdt-farao-homenagem-online\/","title":{"rendered":"Sem poder visitar t\u00famulo de Brizola, l\u00edderes do PDT far\u00e3o homenagem online"},"content":{"rendered":"<p>Fundador e maior l\u00edder da hist\u00f3ria do PDT, Leonel Brizola ser\u00e1 homenageado em um ato online no pr\u00f3ximo domingo (21), dia que marca os 16 anos de falecimento do ex-governador. A celebra\u00e7\u00e3o substituir\u00e1 a visita que os trabalhistas fazem todos os anos ao jazigo de Brizola em S\u00e3o Borja, suspensa em raz\u00e3o da pandemia de coronav\u00edrus.<\/p>\n<p>O ato ser\u00e1 conduzido pelo presidente nacional do PDT, Carlos Lupi, pelo ex-ministro Ciro Gomes, atualmente o maior expoente nacional da sigla, e pela deputada estadual Juliana Brizola, neta do ex-governador. Al\u00e9m de senadores e deputados, participar\u00e3o da homenagem, artistas, jornalistas, escritores, cantores e outros familiares de Brizola.<\/p>\n<p>A celebra\u00e7\u00e3o, intitulada &#8220;Obrigado, Brizola&#8221;, ser\u00e1 transmitida pelas redes sociais. De acordo com Juliana Brizola, que todos os anos vai a S\u00e3o Borja com a comitiva do PDT, o ato online foi a maneira encontrada para n\u00e3o deixar a data passar em branco.<\/p>\n<p>&#8220;Todos os anos, vou a S\u00e3o Borja realizar minha homenagem e fazer a minha prece. Sempre volto de l\u00e1 motivada e reenergizada. Neste momento de crise, precisamos seguir as recomenda\u00e7\u00f5es dos \u00f3rg\u00e3os de sa\u00fade, evitar aglomera\u00e7\u00f5es e defender a vida das pessoas. Mas n\u00e3o poder\u00edamos deixar essa data passar em branco, ainda mais no atual momento em que todos evocam seu nome e seus ensinamentos. O ato promete ser muito emocionante e trar\u00e1 consigo v\u00e1rias surpresas&#8221;, afirma a deputada.<\/p>\n<p>Falecido em 21 de junho de 2004, Leonel de Moura Brizola foi governador do Rio Grande do Sul de 1959 a 1963, duas vezes governador do Rio de Janeiro (1983 a 1987 e 1991 a 1994), prefeito de Porto Alegre e deputado federal e estadual. Concorreu \u00e0 presid\u00eancia da Rep\u00fablica pelo PDT em 1989 e em 1994, tirando o terceiro e o quinto lugar, respectivamente.<\/p>\n<!-- AddThis Advanced Settings generic via filter on the_content --><!-- AddThis Share Buttons generic via filter on the_content -->","protected":false},"excerpt":{"rendered":"<p>Fundador e maior l\u00edder da hist\u00f3ria do PDT, Leonel Brizola ser\u00e1 homenageado em um ato online no pr\u00f3ximo domingo (21), dia que marca os 16 anos de falecimento do ex-governador. A celebra\u00e7\u00e3o substituir\u00e1 a visita que os trabalhistas fazem todos os anos ao jazigo de Brizola em S\u00e3o Borja, suspensa em raz\u00e3o da pandemia de&#8230;<!-- AddThis Advanced Settings generic via filter on wp_trim_excerpt --><!-- AddThis Share Buttons generic via filter on wp_trim_excerpt --><\/p>\n","protected":false},"author":17,"featured_media":71983,"comment_status":"closed","ping_status":"closed","sticky":false,"template":"","format":"standard","meta":{"_monsterinsights_skip_tracking":false,"_monsterinsights_sitenote_active":false,"_monsterinsights_sitenote_note":"","_monsterinsights_sitenote_category":0,"_uf_show_specific_survey":0,"_uf_disable_surveys":false,"footnotes":""},"categories":[1390,1401],"tags":[],"class_list":["post-71981","post","type-post","status-publish","format-standard","has-post-thumbnail","hentry","category-editorias","category-nacional"],"acf":[],"_links":{"self":[{"href":"https:\/\/pdt-rj.org.br\/index.php\/wp-json\/wp\/v2\/posts\/71981","targetHints":{"allow":["GET"]}}],"collection":[{"href":"https:\/\/pdt-rj.org.br\/index.php\/wp-json\/wp\/v2\/posts"}],"about":[{"href":"https:\/\/pdt-rj.org.br\/index.php\/wp-json\/wp\/v2\/types\/post"}],"author":[{"embeddable":true,"href":"https:\/\/pdt-rj.org.br\/index.php\/wp-json\/wp\/v2\/users\/17"}],"replies":[{"embeddable":true,"href":"https:\/\/pdt-rj.org.br\/index.php\/wp-json\/wp\/v2\/comments?post=71981"}],"version-history":[{"count":5,"href":"https:\/\/pdt-rj.org.br\/index.php\/wp-json\/wp\/v2\/posts\/71981\/revisions"}],"predecessor-version":[{"id":71998,"href":"https:\/\/pdt-rj.org.br\/index.php\/wp-json\/wp\/v2\/posts\/71981\/revisions\/71998"}],"wp:featuredmedia":[{"embeddable":true,"href":"https:\/\/pdt-rj.org.br\/index.php\/wp-json\/wp\/v2\/media\/71983"}],"wp:attachment":[{"href":"https:\/\/pdt-rj.org.br\/index.php\/wp-json\/wp\/v2\/media?parent=71981"}],"wp:term":[{"taxonomy":"category","embeddable":true,"href":"https:\/\/pdt-rj.org.br\/index.php\/wp-json\/wp\/v2\/categories?post=71981"},{"taxonomy":"post_tag","embeddable":true,"href":"https:\/\/pdt-rj.org.br\/index.php\/wp-json\/wp\/v2\/tags?post=71981"}],"curies":[{"name":"wp","href":"https:\/\/api.w.org\/{rel}","templated":true}]}}