{"id":71938,"date":"2020-06-17T14:28:58","date_gmt":"2020-06-17T17:28:58","guid":{"rendered":"http:\/\/pdt-rj.org.br\/?p=71938"},"modified":"2020-06-17T14:28:58","modified_gmt":"2020-06-17T17:28:58","slug":"o-pdt-tem-historia-presente-e-futuro-diz-goura-em-entrevista","status":"publish","type":"post","link":"https:\/\/pdt-rj.org.br\/index.php\/o-pdt-tem-historia-presente-e-futuro-diz-goura-em-entrevista\/","title":{"rendered":"&#8220;O PDT tem hist\u00f3ria, presente e futuro\u201d, diz Goura em entrevista"},"content":{"rendered":"<p>Eleito vereador e depois deputado estadual pelo Partido Democr\u00e1tico Trabalhista do Paran\u00e1 (PDT-PR), Goura Nataraj \u00e9 um pol\u00edtico que tem compromisso com a coer\u00eancia partid\u00e1ria. A op\u00e7\u00e3o pelo partido n\u00e3o se deu por simples conveni\u00eancia.<\/p>\n<p>Depois de deixar o PV, que, segundo ele, abandonou a luta em defesa do meio ambiente, Goura encontrou no PDT um partido que tem hist\u00f3ria, com milit\u00e2ncia e compromissos \u00e9ticos.<\/p>\n<p>Para ele, o PDT tem um presente comprometido com as pautas relacionadas ao bem comum e a um futuro com uma proposta de desenvolvimento diferente do que vivemos hoje no Brasil.<\/p>\n<p>Nesta entrevista, o l\u00edder da bancada do PDT na Assembleia Legislativa do Paran\u00e1 conta um pouco dessa rela\u00e7\u00e3o com a legenda, faz algumas considera\u00e7\u00f5es relevantes e garante que o PDT estar\u00e1 na disputa pela prefeitura em Curitiba.<\/p>\n<p>Voc\u00ea \u00e9, antes do vereador e do deputado, um ativista do meio ambiente, da bicicleta e das causas do bem comum. J\u00e1 foi filiado ao Partido Verde, que teoricamente faria todo sentido, mas n\u00e3o se \u201cencaixou\u201d na sigla. Pelo PDT, foi eleito vereador e deputado estadual, sendo o mais votado da legenda. O que lhe fez escolher o PDT?<\/p>\n<p><strong>Goura \u2013<\/strong> Recebi o convite para me filiar ao PDT do ent\u00e3o prefeito Gustavo Fruet. Primeiro fui convidado para atuar como assessor, na Secretaria de Tr\u00e2nsito, na \u00e1rea de mobilidade, onde pudemos fazer muitas a\u00e7\u00f5es em prol da bicicleta, dos pedestres, da redu\u00e7\u00e3o das mortes no tr\u00e2nsito.<br \/>\n\u00c9poca em que foram criadas as vias calmas de Curitiba. Ent\u00e3o veio o convite para eu me filiar ao PDT. Tinha sa\u00eddo de uma candidatura a deputado federal pelo PV e entendi que faltava um pouco mais de compromisso verde naquele partido.<\/p>\n<p>Ent\u00e3o, pedi a minha desfilia\u00e7\u00e3o e, com o convite do Fruet, me senti \u00e0 vontade para me filiar num projeto de constru\u00e7\u00e3o partid\u00e1ria, baseada nos compromissos com os direitos sociais, com a educa\u00e7\u00e3o, que s\u00e3o bandeiras hist\u00f3ricas do PDT.<\/p>\n<p>Fui candidato a vereador e me elegi com mais de 6,5 mil votos e me tornei l\u00edder do PDT e l\u00edder da oposi\u00e7\u00e3o na C\u00e2mara Municipal de Curitiba. Foi um processo natural a partir de afinidades ideol\u00f3gicas e de constru\u00e7\u00e3o coletiva.<\/p>\n<p><em><strong>E qual \u00e9, na sua opini\u00e3o, o grande diferencial do Partido Democr\u00e1tico Trabalhista, se comparado com outros partidos do campo progressista?<\/strong><\/em><\/p>\n<p><strong>Goura \u2013<\/strong> Primeiro o PDT tem uma hist\u00f3ria. Uma hist\u00f3ria rica, plena de bons exemplos de vida p\u00fablica, de compromissos \u00e9ticos, desde Darcy Ribeiro, desde Brizola. Atualmente a gente v\u00ea o PDT como um partido que consegue fazer um di\u00e1logo com alguns campos. \u00c9, no meu entendimento, um partido de centro esquerda, comprometido com os direitos humanos, com o meio ambiente, com o direito dos trabalhadores, comprometido com pol\u00edticas p\u00fablicas. Ent\u00e3o, a gente tem essa hist\u00f3ria, e esse \u00e9 o grande diferencial. A gente tem um presente, temos muitos parlamentares no Brasil inteiro comprometidos e avan\u00e7ando nessas tem\u00e1ticas de forma coerente.<br \/>\nE a gente tem um futuro, na figura do ex-deputado, ex-governador e ex-ministro Ciro Gomes, que apresenta um projeto de desenvolvimento diferente desse que est\u00e1 posto.<\/p>\n<p><strong>Quais seriam as principais diferen\u00e7as?<\/strong><\/p>\n<p><strong>Goura \u2013<\/strong> \u00c9 uma proposta de desenvolvimento baseado no respeito \u00e0 dignidade humana, com uma no\u00e7\u00e3o muito sensata sobre a economia e o papel do Estado. Acho que s\u00e3o diferenciais que refletem essa coer\u00eancia do partido.<br \/>\nObviamente estamos falando de um partido presente no Brasil inteiro e a gente vai ter problemas na constru\u00e7\u00e3o de um programa nacional. Mas acho que \u00e9 no processo que se coloca, de se construir cada vez mais a democracia dentro do partido, a escuta atenta aos movimentos sociais. Acho que o PDT est\u00e1 caminhando nesse sentido, est\u00e1 reafirmando os seus compromissos.<\/p>\n<p>Falando em constru\u00e7\u00e3o, sabemos que todos os partidos, independente do campo em que atuam, possuem contradi\u00e7\u00f5es. Nesse sentido, na sua opini\u00e3o o que merece ser revisto no PDT?<\/p>\n<p><strong>Goura \u2013<\/strong> Por ser um partido com muita hist\u00f3ria, \u00e0s vezes falta espa\u00e7o para a gente trazer uma oxigena\u00e7\u00e3o. Mas \u00e9 um processo dial\u00e9tico, \u00e9 um processo da pol\u00edtica e naturalmente os novos quadros t\u00eam que vir, t\u00eam que fazer a cr\u00edtica, t\u00eam que se posicionar e eu espero estar contribuindo nesse processo.<br \/>\nVejo no deputado federal T\u00falio Gadelha, no Wellington Gomes, pr\u00e9-candidato a vereador no Rio de Janeiro, toda uma gera\u00e7\u00e3o de jovens lideran\u00e7as dentro do PDT que est\u00e1 comprometida com essa vis\u00e3o.<br \/>\nQue entendem que o partido deve, sim, ser preservado, mas que a gente tem que estar o tempo todo otimizando, dinamizando, fazendo essa escuta atenta e respeitosa aos movimentos sociais e as demandas da sociedade.<\/p>\n<p>No Paran\u00e1, o PDT j\u00e1 foi governo e j\u00e1 administrou a prefeitura da Capital, al\u00e9m de muitos outros munic\u00edpios. Qual \u00e9, na sua avalia\u00e7\u00e3o, o grande legado do partido no estado at\u00e9 agora?<\/p>\n<p><strong>Goura \u2013<\/strong> O PDT tem uma hist\u00f3ria no Paran\u00e1, mas quero me ater \u00e0 hist\u00f3ria recente na figura do deputado federal Gustavo Fruet, ex-prefeito de Curitiba, que teve uma gest\u00e3o comprometida com uma agenda urbana, com uma agenda ambiental e uma agenda social.<br \/>\nFoi o exemplo de uma boa gest\u00e3o, uma gest\u00e3o s\u00e9ria e que foi boicotada pelo ex-governador Beto Richa, que se aproveitou da sua posi\u00e7\u00e3o como governador para prejudicar sua gest\u00e3o da Prefeitura de Curitiba.<br \/>\nCom isso, Richa prejudicou a vida dos curitibanos e dos moradores da Regi\u00e3o Metropolitana. E eu lembro que o atual governador Ratinho Junior esteve o tempo todo na gest\u00e3o do Beto Richa.<br \/>\nComo secret\u00e1rio de Desenvolvimento Urbano, ele foi um dos respons\u00e1veis pelo desmantelamento da integra\u00e7\u00e3o metropolitana para priorizar um jogo pol\u00edtico, um jogo para favorecer os seus aliados e criar empecilhos para a boa gest\u00e3o dos seus advers\u00e1rios.<\/p>\n<p>Mas apesar desse boicote, a gest\u00e3o Gustavo Fruet conseguiu grandes avan\u00e7os, n\u00e3o \u00e9?<\/p>\n<p><strong>Goura \u2013 <\/strong>Acho que o legado da gest\u00e3o Gustavo Fruet tem que ser visto nesta perspectiva, de uma atua\u00e7\u00e3o corret\u00edssima, baseada na \u00e9tica, na transpar\u00eancia, no investimento pesado em educa\u00e7\u00e3o, em sa\u00fade p\u00fablica e com muitos avan\u00e7os significativos na \u00e1rea de mobilidade.<br \/>\nA gente teve um come\u00e7o de uma pol\u00edtica ciclovi\u00e1ria sendo implantada em Curitiba. As \u00e1reas ambientais, as unidades de conserva\u00e7\u00e3o, o tratamento da moradia como um direito social.<\/p>\n<p>Muitas das quest\u00f5es que foram colocadas pelo Gustavo, nos seus quatro anos de gest\u00e3o, devem ser reafirmadas pelo PDT. Temos que assumir esse protagonismo da boa gest\u00e3o dos munic\u00edpios brasileiros.<\/p>\n<p><em><strong>Com essa perspectiva, voc\u00ea j\u00e1 se colocou como pr\u00e9-candidato a prefeito de Curitiba. Na sua opini\u00e3o, quais seriam as prioridades do PDT para a Capital, caso o partido assuma novamente a administra\u00e7\u00e3o municipal?<\/strong><\/em><\/p>\n<p><strong>Goura \u2013<\/strong> Eu fui o \u00fanico vereador de Curitiba que se elegeu deputado estadual. Estou como l\u00edder da bancada do PDT na Assembleia e entendo que, como cidad\u00e3o curitibano, como pai de crian\u00e7as curitibanas, preocupado com o desenvolvimento da cidade, \u00e9 minha obriga\u00e7\u00e3o colocar o meu nome \u00e0 disposi\u00e7\u00e3o do partido e da cidade para uma eventual gest\u00e3o frente \u00e0 prefeitura. O PDT vai estar presente na disputa majorit\u00e1ria, seja comigo ou com o ex-prefeito Gustavo Fruet, que tem meu total apoio. A gente tem um di\u00e1logo plenamente harmonioso nesse sentido.<\/p>\n<p><em><strong>E qual \u00e9 o modelo de cidade que o PDT defende?<\/strong><\/em><\/p>\n<p><strong>Goura \u2013<\/strong> O PDT defende uma vis\u00e3o de cidade diferente, de cidade menos desigual, uma vis\u00e3o com real inova\u00e7\u00e3o na \u00e1rea de mobilidade, na \u00e1rea ambiental e na social. O contr\u00e1rio acontece com a gest\u00e3o Greca. A gente v\u00ea o atual prefeito comprometido com o lucro e com os grandes contratos dos empres\u00e1rios que prestam servi\u00e7os \u00e0 prefeitura de Curitiba.<\/p>\n<p>H\u00e1 uma completa falta de inova\u00e7\u00e3o na \u00e1rea de mobilidade. Faz quase quatro anos que n\u00e3o temos uma pol\u00edtica para estimular e aumentar o uso da bicicleta.<\/p>\n<p>Na \u00e1rea ambiental, o que se v\u00ea \u00e9 um descaso, uma cidade que est\u00e1 parada no tempo, vivendo do eco do que foi nos anos 70 e 80.<\/p>\n<p>H\u00e1 tamb\u00e9m um desmantelamento da sa\u00fade p\u00fablica e da educa\u00e7\u00e3o p\u00fablica. Ent\u00e3o, acho que o PDT vem para reafirmar a import\u00e2ncia da educa\u00e7\u00e3o, das pol\u00edticas p\u00fablicas de educa\u00e7\u00e3o, da valoriza\u00e7\u00e3o dos professores, das escolas p\u00fablicas da rede municipal.<\/p>\n<p>Vem para valorizar o atendimento \u00e0 sa\u00fade p\u00fablica, os profissionais, os equipamentos. A gente viu agora durante a pandemia mais de 30 Upas fechadas pelo atual prefeito.<\/p>\n<p>Tamb\u00e9m queremos promover essa vis\u00e3o de cidade menos desigual. Temos que ter cada vez mais esse conceito de cidade metropolitana, de uma cidade que precisa inovar.<br \/>\nInfelizmente a atual gest\u00e3o n\u00e3o tem priorizado a fun\u00e7\u00e3o social do transporte, da educa\u00e7\u00e3o, da sa\u00fade p\u00fablica, mas tem sim priorizado a manuten\u00e7\u00e3o de um sistema que favorece o lucro de poucos em detrimento da qualidade de vida para todos.<\/p>\n<p>O PDT est\u00e1 firme, est\u00e1 forte, est\u00e1 com um projeto de cidade baseado na ci\u00eancia, baseado na escuta e baseado na justi\u00e7a social acima de tudo.<\/p>\n<!-- AddThis Advanced Settings generic via filter on the_content --><!-- AddThis Share Buttons generic via filter on the_content -->","protected":false},"excerpt":{"rendered":"<p>Eleito vereador e depois deputado estadual pelo Partido Democr\u00e1tico Trabalhista do Paran\u00e1 (PDT-PR), Goura Nataraj \u00e9 um pol\u00edtico que tem compromisso com a coer\u00eancia partid\u00e1ria. A op\u00e7\u00e3o pelo partido n\u00e3o se deu por simples conveni\u00eancia. Depois de deixar o PV, que, segundo ele, abandonou a luta em defesa do meio ambiente, Goura encontrou no PDT&#8230;<!-- AddThis Advanced Settings generic via filter on wp_trim_excerpt --><!-- AddThis Share Buttons generic via filter on wp_trim_excerpt --><\/p>\n","protected":false},"author":17,"featured_media":71939,"comment_status":"closed","ping_status":"closed","sticky":false,"template":"","format":"standard","meta":{"_monsterinsights_skip_tracking":false,"_monsterinsights_sitenote_active":false,"_monsterinsights_sitenote_note":"","_monsterinsights_sitenote_category":0,"_uf_show_specific_survey":0,"_uf_disable_surveys":false,"footnotes":""},"categories":[1390],"tags":[220,3285,464,38,3121],"class_list":["post-71938","post","type-post","status-publish","format-standard","has-post-thumbnail","hentry","category-editorias","tag-ciro-gomes","tag-goura","tag-historia","tag-pdt","tag-projeto-de-desenvolvimento"],"acf":[],"_links":{"self":[{"href":"https:\/\/pdt-rj.org.br\/index.php\/wp-json\/wp\/v2\/posts\/71938","targetHints":{"allow":["GET"]}}],"collection":[{"href":"https:\/\/pdt-rj.org.br\/index.php\/wp-json\/wp\/v2\/posts"}],"about":[{"href":"https:\/\/pdt-rj.org.br\/index.php\/wp-json\/wp\/v2\/types\/post"}],"author":[{"embeddable":true,"href":"https:\/\/pdt-rj.org.br\/index.php\/wp-json\/wp\/v2\/users\/17"}],"replies":[{"embeddable":true,"href":"https:\/\/pdt-rj.org.br\/index.php\/wp-json\/wp\/v2\/comments?post=71938"}],"version-history":[{"count":1,"href":"https:\/\/pdt-rj.org.br\/index.php\/wp-json\/wp\/v2\/posts\/71938\/revisions"}],"predecessor-version":[{"id":71940,"href":"https:\/\/pdt-rj.org.br\/index.php\/wp-json\/wp\/v2\/posts\/71938\/revisions\/71940"}],"wp:featuredmedia":[{"embeddable":true,"href":"https:\/\/pdt-rj.org.br\/index.php\/wp-json\/wp\/v2\/media\/71939"}],"wp:attachment":[{"href":"https:\/\/pdt-rj.org.br\/index.php\/wp-json\/wp\/v2\/media?parent=71938"}],"wp:term":[{"taxonomy":"category","embeddable":true,"href":"https:\/\/pdt-rj.org.br\/index.php\/wp-json\/wp\/v2\/categories?post=71938"},{"taxonomy":"post_tag","embeddable":true,"href":"https:\/\/pdt-rj.org.br\/index.php\/wp-json\/wp\/v2\/tags?post=71938"}],"curies":[{"name":"wp","href":"https:\/\/api.w.org\/{rel}","templated":true}]}}