{"id":71916,"date":"2020-06-16T20:50:32","date_gmt":"2020-06-16T23:50:32","guid":{"rendered":"http:\/\/pdt-rj.org.br\/?p=71916"},"modified":"2020-06-20T18:06:59","modified_gmt":"2020-06-20T21:06:59","slug":"livro-el-caudillo-brizola-tem-reedicao-2020-ampliada-e-atualizada","status":"publish","type":"post","link":"https:\/\/pdt-rj.org.br\/index.php\/livro-el-caudillo-brizola-tem-reedicao-2020-ampliada-e-atualizada\/","title":{"rendered":"Livro &#8220;El Caudillo Brizola&#8221; tem reedi\u00e7\u00e3o 2020 ampliada e atualizada"},"content":{"rendered":"<p>Leonel Brizola morreu h\u00e1 16 anos e, em 2022, ter\u00e1 seu centen\u00e1rio de nascimento. Que Brasil temos hoje para confrontar com a mensagem esfuziante do l\u00edder trabalhista que fez as escolas integrais e arrebatou a pol\u00edtica brasileira com sua prega\u00e7\u00e3o nacionalista? Bolsonaro? A volta dos militares? A ascens\u00e3o dos milicianos junto com o recrudescimento do neoliberalismo?<\/p>\n<p>A reedi\u00e7\u00e3o digital de 2020 do livro &#8220;El Caudillo Leonel Brizola&#8221;, de autoria do jornalista FC Leite Filho, pela Editora Aquariana, de S\u00e3o Paulo, vem com a amplia\u00e7\u00e3o de nove cap\u00edtulos e outros acr\u00e9scimos atualizados aos originais, pretendendo colocar estes questionamentos. E isto ocorre no exato momento em que o pa\u00eds experimenta sua mais aguda crise de lideran\u00e7a e em que a pandemia e o consequente descalabro social e econ\u00f4mico nos remete a repensar nossos rumos e no Brasil que desperdi\u00e7amos.<\/p>\n<p>Publicado em papel, em 2008, o livro ser\u00e1 relan\u00e7ado, em sua vers\u00e3o digital, a partir do pr\u00f3ximo domingo (21), \u00e0s 17h, com o ex-governador Nilo Batista e a deputada Juliana Brizola. Est\u00e3o previstas outras lives com o ex-presidente Fernando Collor, o ex-ministro Manoel Dias, o vereador Leonel Brizola Neto e outros.<\/p>\n<p>\u00c0 disposi\u00e7\u00e3o nos sites <a href=\"https:\/\/www.amazon.com.br\/CAUDILLO-LEONEL-BRIZOLA-Leite-Filho-ebook\/dp\/B08B6DQ3V8\">amazon.com.br<\/a>, <a href=\"https:\/\/editoraoka.com.br\/produto\/el-caudillo-leonel-brizola-um-perfil-biografico\/\">editoraoka.com.br<\/a> e outras lojas digitais, o livro questiona como a incapacidade \u2013 ou a mentalidade \u2013 dominante limita e degrada a educa\u00e7\u00e3o. E a tal ponto, que o presidente da Rep\u00fablica, para construir um \u00fanico col\u00e9gio militar, em S\u00e3o Paulo, avisa que vai passar o pires entre seus amigos empres\u00e1rios, caso haja car\u00eancia or\u00e7ament\u00e1ria. Para onde foi o dinheiro?<\/p>\n<p>Leia o texto completo:<\/p>\n<p><a href=\"https:\/\/www.brasilpopular.com\/livro-el-caudillo-brizola-tem-reedicao-2020-ampliada-e-atualizada\/\">Livro &#8220;El Caudillo Brizola&#8221; tem reedi\u00e7\u00e3o 2020 ampliada e atualizada<\/a><\/p>\n<!-- AddThis Advanced Settings generic via filter on the_content --><!-- AddThis Share Buttons generic via filter on the_content -->","protected":false},"excerpt":{"rendered":"<p>Leonel Brizola morreu h\u00e1 16 anos e, em 2022, ter\u00e1 seu centen\u00e1rio de nascimento. Que Brasil temos hoje para confrontar com a mensagem esfuziante do l\u00edder trabalhista que fez as escolas integrais e arrebatou a pol\u00edtica brasileira com sua prega\u00e7\u00e3o nacionalista? Bolsonaro? A volta dos militares? A ascens\u00e3o dos milicianos junto com o recrudescimento do&#8230;<!-- AddThis Advanced Settings generic via filter on wp_trim_excerpt --><!-- AddThis Share Buttons generic via filter on wp_trim_excerpt --><\/p>\n","protected":false},"author":17,"featured_media":71920,"comment_status":"closed","ping_status":"closed","sticky":false,"template":"","format":"standard","meta":{"_monsterinsights_skip_tracking":false,"_monsterinsights_sitenote_active":false,"_monsterinsights_sitenote_note":"","_monsterinsights_sitenote_category":0,"_uf_show_specific_survey":0,"_uf_disable_surveys":false,"footnotes":""},"categories":[1390,976],"tags":[3667,565],"class_list":["post-71916","post","type-post","status-publish","format-standard","has-post-thumbnail","hentry","category-editorias","category-noticias-em-destaque","tag-el-caudillo-brizola","tag-leonel-brizola"],"acf":[],"_links":{"self":[{"href":"https:\/\/pdt-rj.org.br\/index.php\/wp-json\/wp\/v2\/posts\/71916","targetHints":{"allow":["GET"]}}],"collection":[{"href":"https:\/\/pdt-rj.org.br\/index.php\/wp-json\/wp\/v2\/posts"}],"about":[{"href":"https:\/\/pdt-rj.org.br\/index.php\/wp-json\/wp\/v2\/types\/post"}],"author":[{"embeddable":true,"href":"https:\/\/pdt-rj.org.br\/index.php\/wp-json\/wp\/v2\/users\/17"}],"replies":[{"embeddable":true,"href":"https:\/\/pdt-rj.org.br\/index.php\/wp-json\/wp\/v2\/comments?post=71916"}],"version-history":[{"count":2,"href":"https:\/\/pdt-rj.org.br\/index.php\/wp-json\/wp\/v2\/posts\/71916\/revisions"}],"predecessor-version":[{"id":72008,"href":"https:\/\/pdt-rj.org.br\/index.php\/wp-json\/wp\/v2\/posts\/71916\/revisions\/72008"}],"wp:featuredmedia":[{"embeddable":true,"href":"https:\/\/pdt-rj.org.br\/index.php\/wp-json\/wp\/v2\/media\/71920"}],"wp:attachment":[{"href":"https:\/\/pdt-rj.org.br\/index.php\/wp-json\/wp\/v2\/media?parent=71916"}],"wp:term":[{"taxonomy":"category","embeddable":true,"href":"https:\/\/pdt-rj.org.br\/index.php\/wp-json\/wp\/v2\/categories?post=71916"},{"taxonomy":"post_tag","embeddable":true,"href":"https:\/\/pdt-rj.org.br\/index.php\/wp-json\/wp\/v2\/tags?post=71916"}],"curies":[{"name":"wp","href":"https:\/\/api.w.org\/{rel}","templated":true}]}}