{"id":71865,"date":"2020-06-11T16:43:15","date_gmt":"2020-06-11T19:43:15","guid":{"rendered":"http:\/\/pdt-rj.org.br\/?p=71865"},"modified":"2020-06-11T16:43:15","modified_gmt":"2020-06-11T19:43:15","slug":"movimento-negro-fortalece-manifestacoes-antirracistas-e-prega-uniao-contra-retrocessos","status":"publish","type":"post","link":"https:\/\/pdt-rj.org.br\/index.php\/movimento-negro-fortalece-manifestacoes-antirracistas-e-prega-uniao-contra-retrocessos\/","title":{"rendered":"Movimento Negro fortalece manifesta\u00e7\u00f5es antirracistas e prega uni\u00e3o contra retrocessos"},"content":{"rendered":"<p>O Movimento Negro do PDT promoveu, na \u00faltima ter\u00e7a-feira (9), um debate virtual com o tema &#8220;Manifesta\u00e7\u00f5es antirracistas: vidas negras importam!&#8221;. O encontro, mediado pelo presidente nacional, Ivaldo Paix\u00e3o, abordou a import\u00e2ncia da mobiliza\u00e7\u00e3o da popula\u00e7\u00e3o em prol do combate aos abusos historicamente praticados no Brasil e pelo mundo.<\/p>\n<p>O evento recebeu, como convidados, o deputado federal do PDT, Dami\u00e3o Feliciano, a advogada do movimento pedetista e ex-secret\u00e1ria especial de Promo\u00e7\u00e3o da Igualdade Racial do Distrito Federal, Josefina dos Santos, o ex-comandante-geral da Pol\u00edcia Militar do Estado do Rio de Janeiro, coronel Ubiratan \u00c2ngelo, e a coordenadora do Movimento Negro Unificado em Pernambuco, Marta Almeida.<\/p>\n<p>Ao iniciar sua fala lembrando de lideran\u00e7as, como Abdias Nascimento &#8211; primeiro negro a ocupar o cargo de parlamentar federal -, Ivaldo Paix\u00e3o, remeteu para a realidade exposta a partir da s\u00e9rie de protestos, em todo mundo, que foi desencadeada pela morte por asfixia de George Floyd, nos Estados Unidos, durante abordagem policial. No Brasil, ganhou ainda mais for\u00e7a com os casos do jovem Jo\u00e3o Pedro, v\u00edtima durante a\u00e7\u00e3o da Pol\u00edcia Militar em S\u00e3o Gon\u00e7alo, na Regi\u00e3o Metropolitana do Rio, e do menino Miguel Ot\u00e1vio, que perdeu a vida, em um pr\u00e9dio no Recife (PE), pelo descaso da respons\u00e1vel branca, ent\u00e3o patroa de sua m\u00e3e, empregada dom\u00e9stica.<\/p>\n<p>\u201cCeifam vidas no genoc\u00eddio da popula\u00e7\u00e3o negra. Precisamos falar do desgoverno do Jair Bolsonaro, que estimula a extrema-direita v\u00e1 para cima dos direitos humanos, onde as minorias est\u00e3o sendo atropeladas\u201d, comenta, citando a escolha de S\u00e9rgio Camargo para a presid\u00eancia da Funda\u00e7\u00e3o Palmares: \u201cDe forma provocativa, ele (Bolsonaro) nomeia um racista de pele negra.\u201d<\/p>\n<p>Josefina dos Santos encaminhou a cr\u00edtica ao governo federal diante da impossibilidade de acesso aos benef\u00edcios sociais, principalmente durante a pandemia do coronav\u00edrus, o que gera um impacto na sa\u00fade.<\/p>\n<p>\u201cO aux\u00edlio emergencial n\u00e3o chega ao nosso povo. Primeiro, a maioria n\u00e3o tem nem CPF, mas s\u00f3 a certid\u00e3o de nascimento. E ainda \u00e9 exigido um smartphone, ent\u00e3o nem telefone comum serve. Ent\u00e3o, como vai conseguir? O governo fez tudo planejado para dificultar\u201d, condenou. \u201cO nosso povo n\u00e3o sabe o que est\u00e1 acontecendo, pois est\u00e1 desassistido. Eles est\u00e3o correndo atr\u00e1s de uma cesta b\u00e1sica\u201d, acrescentou.<\/p>\n<p><strong>Uni\u00e3o<\/strong><\/p>\n<p>Coautor, na \u00faltima semana, do pedido para que o Minist\u00e9rio P\u00fablico Federal (MPF) instaure inqu\u00e9rito para investigar as afirma\u00e7\u00f5es de S\u00e9rgio Camargo, que classificou o movimento negro de &#8220;esc\u00f3ria maldita&#8221;, o deputado federal do PDT pela Para\u00edba, Dami\u00e3o Feliciano relatou que \u201co principal ponto \u00e9 a uni\u00e3o da negritude\u201d para alterar paradigmas sociais.<\/p>\n<p>\u201cEu sou, at\u00e9 hoje, ap\u00f3s seis mandatos, o \u00fanico deputado federal negro da Para\u00edba. Na legislatura passada, fizemos a primeira exposi\u00e7\u00e3o em homenagem aos negros no corredor principal da C\u00e2mara\u201d, pontou, ao mostrar a necessidade de rompimentos de barreiras para ampliar, de forma consolidada, a presen\u00e7a em posi\u00e7\u00f5es de destaque. \u201cN\u00f3s precisamos nos erguer para ocupar os espa\u00e7os na sociedade brasileira. O negro n\u00e3o \u00e9 s\u00f3 bom para jogar futebol ou dan\u00e7ar samba. E isso passa pelas oportunidades\u201d, completou.<\/p>\n<p>\u201cO Brasil foi o \u00faltimo pa\u00eds a abolir a escravid\u00e3o. Nessa sequ\u00eancia, o negro foi tirado da senzala e posto na favela. Hoje, temos os bols\u00f5es de pobreza nas periferias das cidades, onde est\u00e3o, justamente, a maioria dos negros\u201d, argumentou, colocando sua inten\u00e7\u00e3o de refor\u00e7ar a constru\u00e7\u00e3o de pol\u00edticas p\u00fablicas a partir do parlamento.<\/p>\n<p>No caminho da integra\u00e7\u00e3o, Marta Almeida valoriza a necessidade de troca de experi\u00eancias para fortalecimento em tempos de guerra. Segundo ela, \u00e9 preciso tamb\u00e9m criar estrat\u00e9gias de sobreviv\u00eancia e articula\u00e7\u00f5es para \u201cenfrentamento do fascismo, neoliberalismo e capital, que est\u00e1 se alimentando do racismo.\u201d<\/p>\n<p>\u201cO Brasil volta para a pobreza, para o bols\u00e3o da inseguran\u00e7a alimentar em meio \u00e0s crises pol\u00edtica e sanit\u00e1ria. E n\u00f3s, povo preto, pagamos com a nossa vida. Nessa pandemia, a gente observa a limpeza \u00e9tnica, o negacionismo e o quanto o racismo est\u00e1 latente para alimentar o grande sistema de capital e o genoc\u00eddio do povo preto\u201d, afirma.<\/p>\n<p>\u201cCada vez que o capital se reinventa, as formas de racismo tamb\u00e9m se reinventam. E n\u00f3s, como militantes pretos e pretas, que somos da luta, precisamos sempre ter esses momentos de articula\u00e7\u00e3o pol\u00edtica\u201d, acrescenta, relatando a relev\u00e2ncia da educa\u00e7\u00e3o como ferramenta de transforma\u00e7\u00e3o.<\/p>\n<p>Sobre a import\u00e2ncia da representatividade nas elei\u00e7\u00f5es municipais, ponderou sobre a necessidade de fortalecer a mobiliza\u00e7\u00e3o pelo impeachment do presidente da Rep\u00fablica.<\/p>\n<p>\u201cFazer do \u2018Fora Bolsonaro\u2019 nossa bandeira de luta unificada para dizer que a vida negra importa\u201d, disse, correlacionando com a mudan\u00e7a da pol\u00edtica externa brasileira e a influ\u00eancia do governo americano no desmonte e sucateamento das a\u00e7\u00f5es afirmativas na Am\u00e9rica Latina.<\/p>\n<p>Seguran\u00e7a p\u00fablica<\/p>\n<p>No detalhamento das caracter\u00edsticas do brasileiro mais \u00e9 impactado pela morte violenta, Ubiratan \u00c2ngelo lista cinco pontos: homem, jovem, pobre, morador de periferia e negro. Diante dessa realidade, o ex-policial resgata a mudan\u00e7a da \u00f3tica do enfrentamento a partir das escolhas poss\u00edveis diante da realidade existente.<\/p>\n<p>A partir da sua trajet\u00f3ria como policial, o coronel mostra que o risco sempre esteve presente no seu dia a dia.<\/p>\n<p>\u201cEu nasci na favela e fiquei at\u00e9 os 22 anos. Aos 18, eu entrei para a pol\u00edcia, profiss\u00e3o que mais morrem profissionais por morte violenta, e n\u00e3o de doen\u00e7a. Portanto, eu sa\u00ed do perfil da v\u00edtima do homic\u00eddio e fui pro profissional. E quando fui para a reserva, percebi que o n\u00famero de policiais inativos, que morrem desta forma j\u00e1 relatada, \u00e9 o mesmo dos que est\u00e3o na ativa.<\/p>\n<p>Lembrando a relev\u00e2ncia do coronel Carlos Cerqueira, primeiro comandante-geral da PM no Rio e nomeado por Leonel Brizola durante seu governo, a partir de 1983, Ubiratan tamb\u00e9m resgatou o progresso da pol\u00edcia comunit\u00e1ria e da defesa da pol\u00edtica de respeito ao morador durante as opera\u00e7\u00f5es nas favelas.<\/p>\n<p>\u201cA gente tem que repensar a posi\u00e7\u00e3o de toda a milit\u00e2ncia negra, porque somos muito bons de fala, mas p\u00e9ssimos de atitudes. Tanto \u00e9 que a nossa representatividade pol\u00edtica, em um pa\u00eds com mais de 60% de negros, n\u00e3o chega a 30%. H\u00e1 um desequil\u00edbrio, que \u00e9 consequ\u00eancia da posi\u00e7\u00e3o e do reconhecimento dos parceiros de luta dentro dos espa\u00e7os de poder\u201d, finalizou.<\/p>\n<!-- AddThis Advanced Settings generic via filter on the_content --><!-- AddThis Share Buttons generic via filter on the_content -->","protected":false},"excerpt":{"rendered":"<p>O Movimento Negro do PDT promoveu, na \u00faltima ter\u00e7a-feira (9), um debate virtual com o tema &#8220;Manifesta\u00e7\u00f5es antirracistas: vidas negras importam!&#8221;. O encontro, mediado pelo presidente nacional, Ivaldo Paix\u00e3o, abordou a import\u00e2ncia da mobiliza\u00e7\u00e3o da popula\u00e7\u00e3o em prol do combate aos abusos historicamente praticados no Brasil e pelo mundo. O evento recebeu, como convidados, o&#8230;<!-- AddThis Advanced Settings generic via filter on wp_trim_excerpt --><!-- AddThis Share Buttons generic via filter on wp_trim_excerpt --><\/p>\n","protected":false},"author":17,"featured_media":71866,"comment_status":"closed","ping_status":"closed","sticky":false,"template":"","format":"standard","meta":{"_monsterinsights_skip_tracking":false,"_monsterinsights_sitenote_active":false,"_monsterinsights_sitenote_note":"","_monsterinsights_sitenote_category":0,"_uf_show_specific_survey":0,"_uf_disable_surveys":false,"footnotes":""},"categories":[1390,1397,1587],"tags":[275,1133,3662],"class_list":["post-71865","post","type-post","status-publish","format-standard","has-post-thumbnail","hentry","category-editorias","category-movimentos","category-negro","tag-damiao-feliciano","tag-ivaldo-paixao","tag-manifestacoes-antirracistas-vidas-negras-importam"],"acf":[],"_links":{"self":[{"href":"https:\/\/pdt-rj.org.br\/index.php\/wp-json\/wp\/v2\/posts\/71865","targetHints":{"allow":["GET"]}}],"collection":[{"href":"https:\/\/pdt-rj.org.br\/index.php\/wp-json\/wp\/v2\/posts"}],"about":[{"href":"https:\/\/pdt-rj.org.br\/index.php\/wp-json\/wp\/v2\/types\/post"}],"author":[{"embeddable":true,"href":"https:\/\/pdt-rj.org.br\/index.php\/wp-json\/wp\/v2\/users\/17"}],"replies":[{"embeddable":true,"href":"https:\/\/pdt-rj.org.br\/index.php\/wp-json\/wp\/v2\/comments?post=71865"}],"version-history":[{"count":1,"href":"https:\/\/pdt-rj.org.br\/index.php\/wp-json\/wp\/v2\/posts\/71865\/revisions"}],"predecessor-version":[{"id":71867,"href":"https:\/\/pdt-rj.org.br\/index.php\/wp-json\/wp\/v2\/posts\/71865\/revisions\/71867"}],"wp:featuredmedia":[{"embeddable":true,"href":"https:\/\/pdt-rj.org.br\/index.php\/wp-json\/wp\/v2\/media\/71866"}],"wp:attachment":[{"href":"https:\/\/pdt-rj.org.br\/index.php\/wp-json\/wp\/v2\/media?parent=71865"}],"wp:term":[{"taxonomy":"category","embeddable":true,"href":"https:\/\/pdt-rj.org.br\/index.php\/wp-json\/wp\/v2\/categories?post=71865"},{"taxonomy":"post_tag","embeddable":true,"href":"https:\/\/pdt-rj.org.br\/index.php\/wp-json\/wp\/v2\/tags?post=71865"}],"curies":[{"name":"wp","href":"https:\/\/api.w.org\/{rel}","templated":true}]}}