{"id":71855,"date":"2020-06-11T00:07:03","date_gmt":"2020-06-11T03:07:03","guid":{"rendered":"http:\/\/pdt-rj.org.br\/?p=71855"},"modified":"2020-06-17T00:20:28","modified_gmt":"2020-06-17T03:20:28","slug":"pdt-vai-ao-stf-contra-a-mp-979","status":"publish","type":"post","link":"https:\/\/pdt-rj.org.br\/index.php\/pdt-vai-ao-stf-contra-a-mp-979\/","title":{"rendered":"PDT vai ao STF contra a MP 979"},"content":{"rendered":"<p><em>Medida que determina nomea\u00e7\u00e3o de interventores em universidades federais \u00e9 inconstitucional<\/em><\/p>\n<p>O PDT protocolou, hoje (10), uma A\u00e7\u00e3o Direta de Inconstitucionalidade (ADI) contra a MP 979\/2020, no Supremo Tribunal Federal (STF). A medida editada pelo governo Bolsonaro autoriza que o ministro da Educa\u00e7\u00e3o nomeie reitores e vice-reitores nas institui\u00e7\u00f5es federais de ensino, sem consulta \u00e0 comunidade acad\u00eamica, durante a pandemia do Covid-19.<\/p>\n<p>A a\u00e7\u00e3o do governo fere a gest\u00e3o democr\u00e1tica do ensino, imposta pela Constitui\u00e7\u00e3o Federal de 1988. \u201cO art. 2\u00ba da MP n\u00ba 979\/2020 subtrai da comunidade acad\u00eamica o direito constitucional de participar da delibera\u00e7\u00e3o de escolha do seu dirigente, o que evidencia o car\u00e1ter nitidamente autorit\u00e1rio do ato normativo impugnado\u201d, discorre o documento enviado \u00e0 suprema corte.<\/p>\n<p>Com vasto hist\u00f3rico na luta pela democracia e pela educa\u00e7\u00e3o no Brasil \u2013 do CIEP de Brizola e Darcy \u00e0 milit\u00e2ncia pela valoriza\u00e7\u00e3o da \u00e1rea no parlamento nacional \u2013, o PDT afirma que a medida provis\u00f3ria \u00e9 mais um passo no projeto de destrui\u00e7\u00e3o do ensino no pa\u00eds.<\/p>\n<p>\u201cA referida norma ostenta o escopo de interferir na autonomia das universidades e institutos federais, em ordem a estorvar o pluralismo de ideias e de concep\u00e7\u00f5es, com a introje\u00e7\u00e3o for\u00e7ada de um prot\u00f3tipo enviesado de patrulhamento ideol\u00f3gico. \u00c9 que n\u00e3o \u00e9 de hoje que o Governo Federal lan\u00e7a m\u00e3o de duras investidas contra o ensino superior p\u00fablico federal, no que evidencia o desapre\u00e7o \u00e0 educa\u00e7\u00e3o e ao desenvolvimento dos cidad\u00e3os para que possam desenvolver suas potencialidades\u201d, exp\u00f5e a ADI.<\/p>\n<!-- AddThis Advanced Settings generic via filter on the_content --><!-- AddThis Share Buttons generic via filter on the_content -->","protected":false},"excerpt":{"rendered":"<p>Medida que determina nomea\u00e7\u00e3o de interventores em universidades federais \u00e9 inconstitucional O PDT protocolou, hoje (10), uma A\u00e7\u00e3o Direta de Inconstitucionalidade (ADI) contra a MP 979\/2020, no Supremo Tribunal Federal (STF). A medida editada pelo governo Bolsonaro autoriza que o ministro da Educa\u00e7\u00e3o nomeie reitores e vice-reitores nas institui\u00e7\u00f5es federais de ensino, sem consulta \u00e0&#8230;<!-- AddThis Advanced Settings generic via filter on wp_trim_excerpt --><!-- AddThis Share Buttons generic via filter on wp_trim_excerpt --><\/p>\n","protected":false},"author":17,"featured_media":71856,"comment_status":"closed","ping_status":"closed","sticky":false,"template":"","format":"standard","meta":{"_monsterinsights_skip_tracking":false,"_monsterinsights_sitenote_active":false,"_monsterinsights_sitenote_note":"","_monsterinsights_sitenote_category":0,"_uf_show_specific_survey":0,"_uf_disable_surveys":false,"footnotes":""},"categories":[1390,1401],"tags":[338,3372,3658,3659,28],"class_list":["post-71855","post","type-post","status-publish","format-standard","has-post-thumbnail","hentry","category-editorias","category-nacional","tag-educacao","tag-mec","tag-mp-9","tag-mp-979","tag-stf"],"acf":[],"_links":{"self":[{"href":"https:\/\/pdt-rj.org.br\/index.php\/wp-json\/wp\/v2\/posts\/71855","targetHints":{"allow":["GET"]}}],"collection":[{"href":"https:\/\/pdt-rj.org.br\/index.php\/wp-json\/wp\/v2\/posts"}],"about":[{"href":"https:\/\/pdt-rj.org.br\/index.php\/wp-json\/wp\/v2\/types\/post"}],"author":[{"embeddable":true,"href":"https:\/\/pdt-rj.org.br\/index.php\/wp-json\/wp\/v2\/users\/17"}],"replies":[{"embeddable":true,"href":"https:\/\/pdt-rj.org.br\/index.php\/wp-json\/wp\/v2\/comments?post=71855"}],"version-history":[{"count":3,"href":"https:\/\/pdt-rj.org.br\/index.php\/wp-json\/wp\/v2\/posts\/71855\/revisions"}],"predecessor-version":[{"id":71882,"href":"https:\/\/pdt-rj.org.br\/index.php\/wp-json\/wp\/v2\/posts\/71855\/revisions\/71882"}],"wp:featuredmedia":[{"embeddable":true,"href":"https:\/\/pdt-rj.org.br\/index.php\/wp-json\/wp\/v2\/media\/71856"}],"wp:attachment":[{"href":"https:\/\/pdt-rj.org.br\/index.php\/wp-json\/wp\/v2\/media?parent=71855"}],"wp:term":[{"taxonomy":"category","embeddable":true,"href":"https:\/\/pdt-rj.org.br\/index.php\/wp-json\/wp\/v2\/categories?post=71855"},{"taxonomy":"post_tag","embeddable":true,"href":"https:\/\/pdt-rj.org.br\/index.php\/wp-json\/wp\/v2\/tags?post=71855"}],"curies":[{"name":"wp","href":"https:\/\/api.w.org\/{rel}","templated":true}]}}