{"id":71788,"date":"2020-06-09T13:53:06","date_gmt":"2020-06-09T16:53:06","guid":{"rendered":"http:\/\/pdt-rj.org.br\/?p=71788"},"modified":"2020-06-09T13:53:06","modified_gmt":"2020-06-09T16:53:06","slug":"tulio-gadelha-busca-impedir-desvios-do-bolsa-familia-para-secom-da-presidencia","status":"publish","type":"post","link":"https:\/\/pdt-rj.org.br\/index.php\/tulio-gadelha-busca-impedir-desvios-do-bolsa-familia-para-secom-da-presidencia\/","title":{"rendered":"T\u00falio Gad\u00ealha busca impedir desvios do Bolsa Fam\u00edlia para Secom da Presid\u00eancia"},"content":{"rendered":"<p>O deputado federal T\u00falio Gad\u00ealha (PDT-PE) \u00e9 autor do Projeto de Decreto Legislativo (<strong><a href=\"https:\/\/www.camara.leg.br\/proposicoesWeb\/fichadetramitacao?idProposicao=2254706\">PDL\u00a0<\/a><\/strong><span class=\"nomeProposicao\"><strong><a href=\"https:\/\/www.camara.leg.br\/proposicoesWeb\/fichadetramitacao?idProposicao=2254706\">260\/2020)<\/a><\/strong><\/span> para susta a portaria <a href=\"http:\/\/www.in.gov.br\/en\/web\/dou\/-\/portaria-n-13.474-de-2-de-junho-de-2020-260078555\">13.474\/20<\/a> que abriu o cr\u00e9dito suplementar e remanejou R$ 83,9 milh\u00f5es previstos para o programa Bolsa Fam\u00edlia, para recursos da Secretaria Especial de Comunica\u00e7\u00e3o Social (Secom) da Presid\u00eancia da Rep\u00fablica.<\/p>\n<p>Segundo o parlamentar, \u00e9 inadmiss\u00edvel desviar recursos destinados ao combate \u00e0 extrema pobreza para o servi\u00e7o de comunica\u00e7\u00e3o e propaganda. \u201cPrecisamos nos levantar e impedir que o descolamento da realidade vivido no Pal\u00e1cio do Planalto atinja in\u00fameras fam\u00edlias brasileiras\u201d, justificou.<\/p>\n<p>O governo argumenta que \u201ca maioria dos benefici\u00e1rios do Bolsa Fam\u00edlia preferiu receber o aux\u00edlio emergencial de R$ 600 durante, por ser maior o valor e que a mudan\u00e7a foi apenas \u201cum ajustes rotineiro\u201d na gest\u00e3o econ\u00f4mica.<\/p>\n<!-- AddThis Advanced Settings generic via filter on the_content --><!-- AddThis Share Buttons generic via filter on the_content -->","protected":false},"excerpt":{"rendered":"<p>O deputado federal T\u00falio Gad\u00ealha (PDT-PE) \u00e9 autor do Projeto de Decreto Legislativo (PDL\u00a0260\/2020) para susta a portaria 13.474\/20 que abriu o cr\u00e9dito suplementar e remanejou R$ 83,9 milh\u00f5es previstos para o programa Bolsa Fam\u00edlia, para recursos da Secretaria Especial de Comunica\u00e7\u00e3o Social (Secom) da Presid\u00eancia da Rep\u00fablica. Segundo o parlamentar, \u00e9 inadmiss\u00edvel desviar recursos&#8230;<!-- AddThis Advanced Settings generic via filter on wp_trim_excerpt --><!-- AddThis Share Buttons generic via filter on wp_trim_excerpt --><\/p>\n","protected":false},"author":17,"featured_media":71789,"comment_status":"closed","ping_status":"closed","sticky":false,"template":"","format":"standard","meta":{"_monsterinsights_skip_tracking":false,"_monsterinsights_sitenote_active":false,"_monsterinsights_sitenote_note":"","_monsterinsights_sitenote_category":0,"_uf_show_specific_survey":0,"_uf_disable_surveys":false,"footnotes":""},"categories":[1390,1459],"tags":[172,3642,2491],"class_list":["post-71788","post","type-post","status-publish","format-standard","has-post-thumbnail","hentry","category-editorias","category-congresso","tag-bolsa-familia","tag-projeto-de-decreto-legislativo","tag-tulio-gadelha"],"acf":[],"_links":{"self":[{"href":"https:\/\/pdt-rj.org.br\/index.php\/wp-json\/wp\/v2\/posts\/71788","targetHints":{"allow":["GET"]}}],"collection":[{"href":"https:\/\/pdt-rj.org.br\/index.php\/wp-json\/wp\/v2\/posts"}],"about":[{"href":"https:\/\/pdt-rj.org.br\/index.php\/wp-json\/wp\/v2\/types\/post"}],"author":[{"embeddable":true,"href":"https:\/\/pdt-rj.org.br\/index.php\/wp-json\/wp\/v2\/users\/17"}],"replies":[{"embeddable":true,"href":"https:\/\/pdt-rj.org.br\/index.php\/wp-json\/wp\/v2\/comments?post=71788"}],"version-history":[{"count":1,"href":"https:\/\/pdt-rj.org.br\/index.php\/wp-json\/wp\/v2\/posts\/71788\/revisions"}],"predecessor-version":[{"id":71790,"href":"https:\/\/pdt-rj.org.br\/index.php\/wp-json\/wp\/v2\/posts\/71788\/revisions\/71790"}],"wp:featuredmedia":[{"embeddable":true,"href":"https:\/\/pdt-rj.org.br\/index.php\/wp-json\/wp\/v2\/media\/71789"}],"wp:attachment":[{"href":"https:\/\/pdt-rj.org.br\/index.php\/wp-json\/wp\/v2\/media?parent=71788"}],"wp:term":[{"taxonomy":"category","embeddable":true,"href":"https:\/\/pdt-rj.org.br\/index.php\/wp-json\/wp\/v2\/categories?post=71788"},{"taxonomy":"post_tag","embeddable":true,"href":"https:\/\/pdt-rj.org.br\/index.php\/wp-json\/wp\/v2\/tags?post=71788"}],"curies":[{"name":"wp","href":"https:\/\/api.w.org\/{rel}","templated":true}]}}