{"id":71774,"date":"2020-06-08T18:53:52","date_gmt":"2020-06-08T21:53:52","guid":{"rendered":"http:\/\/pdt-rj.org.br\/?p=71774"},"modified":"2020-06-08T20:09:09","modified_gmt":"2020-06-08T23:09:09","slug":"tribunal-penal-internacional-atende-pedido-do-pdt-e-analisa-denuncia-contra-bolsonaro","status":"publish","type":"post","link":"https:\/\/pdt-rj.org.br\/index.php\/tribunal-penal-internacional-atende-pedido-do-pdt-e-analisa-denuncia-contra-bolsonaro\/","title":{"rendered":"Tribunal Penal Internacional atende pedido do PDT e analisa den\u00fancia contra Bolsonaro"},"content":{"rendered":"<p>A pedido do PDT, o Tribunal Penal Internacional (TPI), com a Corte sediada em Haia, na Holanda, ir\u00e1 analisar representa\u00e7\u00e3o que denuncia o presidente Jair Bolsonaro por crime contra humanidade pela sua postura no enfrentamento da pandemia de Covid-19.<\/p>\n<p>De acordo com a den\u00fancia, Bolsonaro tem contrariado recomenda\u00e7\u00f5es para reduzir a velocidade de cont\u00e1gio, contribuindo assim, para um colapso do sistema de sa\u00fade, colocando em risco a vida da popula\u00e7\u00e3o.<\/p>\n<p>Na pe\u00e7a apresentada s\u00e3o enumeradas v\u00e1rias ocasi\u00f5es em que Bolsonaro ignorou a Organiza\u00e7\u00e3o Mundial da Sa\u00fade (OMS) e o pr\u00f3prio Minist\u00e9rio da Sa\u00fade. Entre elas, o comparecimento a manifesta\u00e7\u00f5es populares, incentivando a aglomera\u00e7\u00e3o de pessoas, visita a hospitais, discursos contra o isolamento social, e amplia\u00e7\u00e3o de servi\u00e7os essenciais que n\u00e3o podem parar.<\/p>\n<p>A den\u00fancia n\u00e3o deixou de fora o pronunciamento oficial em que o presidente chamou, no dia 24 de mar\u00e7o, a Covid-19 de \u201cgripezinha\u201d.<\/p>\n<p>\u201cRessoa inconteste que as falas irrespons\u00e1veis proferidas pelo Presidente da Rep\u00fablica, sobre o novo Coronav\u00edrus, influenciam o comportamento dos cidad\u00e3os para o descumprimento das medidas necess\u00e1rias ao combate do Covid-19\u201d, diz a representa\u00e7\u00e3o.<\/p>\n<p>O documento apresenta ainda um gr\u00e1fico relacionando o aumento do n\u00famero de mortes por Covid-19 com falas de Bolsonaro. Esse seria o ind\u00edcio de que o presidente cometeu crimes contra a humanidade por sua a\u00e7\u00e3o direta. Ou seja, agiu para que o cont\u00e1gio e as mortes aumentassem.<\/p>\n<p>O PDT tamb\u00e9m acusa Bolsonaro de crime contra a humanidade por omiss\u00e3o, ao deixar de tomar medidas para enfrentar a pandemia. Citam como exemplo o an\u00fancio do Minist\u00e9rio da Sa\u00fade de que o governo n\u00e3o adotaria a pol\u00edtica de testes em massa para detectar infectados e nem a substituiria por outra medida, contrariando outra recomenda\u00e7\u00e3o da OMS.<\/p>\n<p>\u201cComo se v\u00ea, s\u00e3o diversos e recorrentes os atos criminosos do Presidente da Rep\u00fablica Federativa do Brasil causaram intencionalmente grande sofrimento e afetam gravemente a sa\u00fade e a integridade f\u00edsica da popula\u00e7\u00e3o brasileira\u201d, conclui a den\u00fancia.<\/p>\n<!-- AddThis Advanced Settings generic via filter on the_content --><!-- AddThis Share Buttons generic via filter on the_content -->","protected":false},"excerpt":{"rendered":"<p>A pedido do PDT, o Tribunal Penal Internacional (TPI), com a Corte sediada em Haia, na Holanda, ir\u00e1 analisar representa\u00e7\u00e3o que denuncia o presidente Jair Bolsonaro por crime contra humanidade pela sua postura no enfrentamento da pandemia de Covid-19. De acordo com a den\u00fancia, Bolsonaro tem contrariado recomenda\u00e7\u00f5es para reduzir a velocidade de cont\u00e1gio, contribuindo&#8230;<!-- AddThis Advanced Settings generic via filter on wp_trim_excerpt --><!-- AddThis Share Buttons generic via filter on wp_trim_excerpt --><\/p>\n","protected":false},"author":17,"featured_media":71780,"comment_status":"closed","ping_status":"closed","sticky":false,"template":"","format":"standard","meta":{"_monsterinsights_skip_tracking":false,"_monsterinsights_sitenote_active":false,"_monsterinsights_sitenote_note":"","_monsterinsights_sitenote_category":0,"_uf_show_specific_survey":0,"_uf_disable_surveys":false,"footnotes":""},"categories":[3030,976],"tags":[3348,3641,3317,3640],"class_list":["post-71774","post","type-post","status-publish","format-standard","has-post-thumbnail","hentry","category-internacional","category-noticias-em-destaque","tag-covid-19","tag-crime-contra-humanidade","tag-organizacao-mundial-da-saude","tag-tribunal-penal-internacional"],"acf":[],"_links":{"self":[{"href":"https:\/\/pdt-rj.org.br\/index.php\/wp-json\/wp\/v2\/posts\/71774","targetHints":{"allow":["GET"]}}],"collection":[{"href":"https:\/\/pdt-rj.org.br\/index.php\/wp-json\/wp\/v2\/posts"}],"about":[{"href":"https:\/\/pdt-rj.org.br\/index.php\/wp-json\/wp\/v2\/types\/post"}],"author":[{"embeddable":true,"href":"https:\/\/pdt-rj.org.br\/index.php\/wp-json\/wp\/v2\/users\/17"}],"replies":[{"embeddable":true,"href":"https:\/\/pdt-rj.org.br\/index.php\/wp-json\/wp\/v2\/comments?post=71774"}],"version-history":[{"count":3,"href":"https:\/\/pdt-rj.org.br\/index.php\/wp-json\/wp\/v2\/posts\/71774\/revisions"}],"predecessor-version":[{"id":71782,"href":"https:\/\/pdt-rj.org.br\/index.php\/wp-json\/wp\/v2\/posts\/71774\/revisions\/71782"}],"wp:featuredmedia":[{"embeddable":true,"href":"https:\/\/pdt-rj.org.br\/index.php\/wp-json\/wp\/v2\/media\/71780"}],"wp:attachment":[{"href":"https:\/\/pdt-rj.org.br\/index.php\/wp-json\/wp\/v2\/media?parent=71774"}],"wp:term":[{"taxonomy":"category","embeddable":true,"href":"https:\/\/pdt-rj.org.br\/index.php\/wp-json\/wp\/v2\/categories?post=71774"},{"taxonomy":"post_tag","embeddable":true,"href":"https:\/\/pdt-rj.org.br\/index.php\/wp-json\/wp\/v2\/tags?post=71774"}],"curies":[{"name":"wp","href":"https:\/\/api.w.org\/{rel}","templated":true}]}}