{"id":71750,"date":"2020-06-04T23:58:24","date_gmt":"2020-06-05T02:58:24","guid":{"rendered":"http:\/\/pdt-rj.org.br\/?p=71750"},"modified":"2020-06-10T02:31:47","modified_gmt":"2020-06-10T05:31:47","slug":"e-necessaria-uma-frente-ampla-efetiva-em-santa-catarina-aponta-manoel-dias","status":"publish","type":"post","link":"https:\/\/pdt-rj.org.br\/index.php\/e-necessaria-uma-frente-ampla-efetiva-em-santa-catarina-aponta-manoel-dias\/","title":{"rendered":"\u201c\u00c9 necess\u00e1ria uma frente ampla efetiva em Santa Catarina\u201d, aponta Manoel Dias"},"content":{"rendered":"<p><em>Indica\u00e7\u00e3o foi refor\u00e7ada durante debate virtual com lideran\u00e7as do PSB, PCdoB, PT e PSOL<\/em><\/p>\n<p>\u201cO PDT vai lutar e fazer, o que for poss\u00edvel, tamb\u00e9m aqui em Santa Catarina, em favor da democracia e do sistema constitucional\u201d, garantiu o secret\u00e1rio-geral nacional e presidente do partido no estado, Manoel Dias, ao abordar, nesta quinta-feira (4), a constru\u00e7\u00e3o de uma frente contra o fascismo. Na transmiss\u00e3o virtual com representantes do PSB, PCdoB e PT, a lideran\u00e7a pedetista confirmou a necessidade de conex\u00e3o das for\u00e7as democr\u00e1ticas, principalmente do campo popular.<\/p>\n<p>\u201cSanta Catarina est\u00e1 dando um belo exemplo. O que est\u00e1 em jogo n\u00e3o \u00e9 s\u00f3 a disputa contra o Bolsonaro, mas a democracia. Precisamos fazer uma frente ampla em todo o estado para retomar o espa\u00e7o do povo, que, efetivamente, deve ser protagonista na luta por direitos e garantias\u201d, conclamou Dias, que tamb\u00e9m preside a Funda\u00e7\u00e3o Leonel Brizola \u2013 Alberto Pasqualini (FLB-AP), que integra f\u00f3rum pluripartid\u00e1rio do Observat\u00f3rio da Democracia.<\/p>\n<p>\u201cVamos nos unir. \u00c9 poss\u00edvel. Temos condi\u00e7\u00f5es de fazer importante papel a partir das nossas cidades catarinenses. Com nosso sentimento de responsabilidade perante a popula\u00e7\u00e3o, construiremos essa frente at\u00e9 como modelo para ser ampliado em \u00e2mbito nacional\u201d, completou.<\/p>\n<p>Acompanhado dos presidentes estaduais do PSB, PCdoB e PT, Cl\u00e1udio Vignatti, Douglas Mattos e D\u00e9cio Lima, respectivamente, e da lideran\u00e7a do PSOL, Elson Pereira, Dias defendeu a soma de for\u00e7as para garantir a resist\u00eancia durante o enfrentamento da onda reacion\u00e1ria e antidemocr\u00e1tica, bem como apontou que os representantes da esquerda precisam mostrar alinhamento diante de uma realidade at\u00edpica.<\/p>\n<p>\u201cN\u00f3s temos um grande dever. Respeitadas nossas diferen\u00e7as partid\u00e1rias e ideol\u00f3gicas, precisamos nos concentrar por um \u00fanico objetivo: derrotar o \u00f3dio representado por esse governo fascista que tentar fazer valer a vontade de poucos. Bolsonaro n\u00e3o quer atender \u00e0s grandes massas, mas, sim, uma minoria privilegiada\u201d, alertou, ao completar: \u201cPor isso, n\u00e3o podemos ficar s\u00f3 no discurso. Temos que agir. A mudan\u00e7a s\u00f3 ocorrer\u00e1 se a popula\u00e7\u00e3o participar dela\u201d<\/p>\n<p>Citando o sentimento nacionalista de Leonel Brizola, o pedetista relatou que Bolsonaro tenta impor uma nova ditadura no pa\u00eds e segue subtraindo direitos hist\u00f3ricos, que \u201cnem os militares, em 64, tiveram tamanha aud\u00e1cia\u201d.<\/p>\n<p>\u201cAcabaram com o Minist\u00e9rio do Trabalho e a CLT de Get\u00falio Vargas, dentre outras perversidades contra o povo. Colocaram um ministro da Economia a servi\u00e7o do grande capital financeiro para entregarem, de vez, o Estado\u201d, comentou. \u201cA direita n\u00e3o est\u00e1 nem a\u00ed. Eles n\u00e3o querem saber de quem passa fome e dos desempregados. N\u00e3o conseguem nem entregar R$ 600 reais do aux\u00edlio emergencial, mas os recursos para os bancos n\u00e3o atrasam\u201d, acrescentou.<\/p>\n<p><strong>Perspectivas<\/strong><\/p>\n<p>Ao elogiar o legado e a coer\u00eancia de Dias, incluindo a trajet\u00f3ria ao lado de Brizola, Douglas Mattos confirmou que a realidade nacional est\u00e1 atrelada \u00e0s crises pol\u00edtica, econ\u00f4mica, sa\u00fade e institucional, que impactam o pa\u00eds ao mesmo tempo.<\/p>\n<p>\u201cA crise \u00e9 o Bolsonaro, que propaga o \u00f3dio e a mentira via fake news. Ele n\u00e3o tem capacidade de nos tirar desse caos. N\u00e3o acho que as experi\u00eancias do impeachment no Brasil foram satisfat\u00f3rias, mas a tend\u00eancia \u00e9 que o presidente n\u00e3o fuja deste caminho\u201d, projetou.<\/p>\n<p>\u201cA pol\u00edtica do (Paulo) Guedes \u00e9 a continua\u00e7\u00e3o do Temer. O resultado \u00e9 queda do PIB, explos\u00e3o do desemprego e a popula\u00e7\u00e3o em desespero. N\u00f3s j\u00e1 v\u00ednhamos em um cen\u00e1rio gravo antes da pandemia.<\/p>\n<p>Nesta mesma dire\u00e7\u00e3o, Cl\u00e1udio Vignatti entende que \u201cse n\u00e3o fosse a pandemia, as ruas estariam cheias, pois o melhor para o pa\u00eds \u00e9 o impeachment de Bolsonaro\u201d.<\/p>\n<p>\u201cO movimento \u00e9 de todos os setores democr\u00e1ticos, que est\u00e1 crescendo nas redes sociais. Com o fim do isolamento social, o povo vai para as ruas. J\u00e1 somos maioria, cerca de 70% da popula\u00e7\u00e3o\u201d, ressaltou.<\/p>\n<p>Diante do \u00eaxito do governo argentino no combate ao coronav\u00edrus, a lideran\u00e7a do PSB entende que o presidente da Rep\u00fablica cria situa\u00e7\u00f5es para se colocar como solu\u00e7\u00e3o e, assim, fugir dos problemas que n\u00e3o consegue resolver.<\/p>\n<p>\u201cAs mudan\u00e7as estruturais que eles querem fazer \u00e9 para armar o povo dele, como os milicianos para enfrentar os movimentos populares. O momento mostra graves dificuldades, tanto econ\u00f4micas, quanto sociais, com submiss\u00e3o internacional. O pa\u00eds n\u00e3o ganha da com isso\u201d, avaliou.<\/p>\n<p>Ao longo da sua participa\u00e7\u00e3o, D\u00e9cio Lima mostrou que, pela unidade, a esquerda poder\u00e1 \u201cquebrar hegemonias no palco da democracia, que s\u00e3o as elei\u00e7\u00f5es\u201d.<\/p>\n<p>\u201cPrecisamos mostrar o engajamento do campo popular de Santa Catarina para enfrentar o processo fascista do bolsonarismo, que converge com uma s\u00e9rie de crises\u201d. Sobre o campo econ\u00f4mico, criticou as rotineiras posi\u00e7\u00f5es da pasta econ\u00f4mica de Bolsonaro.<\/p>\n<p>\u201cGuedes fala que \u00e9 jogar dinheiro fora investir nos pequenos empreendedores, justamente uma for\u00e7a de Santa Catarina na gera\u00e7\u00e3o de emprego e renda. E nessa perspectiva, o debate, tamb\u00e9m em fun\u00e7\u00e3o das elei\u00e7\u00f5es, pode abrir espa\u00e7o para analisar essa quest\u00e3o dentro de um projeto de desenvolvimento. N\u00f3s temos o dever de fazer esse esfor\u00e7o\u201d, encerrou.<\/p>\n<p>Com uma posi\u00e7\u00e3o otimista relacionada \u00e0 proposta no encontro, Elson Pereira acredita que \u201cs\u00f3 uma uni\u00e3o pode levar a uma sa\u00edda exitosa, como visto, em Portugal, a partir da integra\u00e7\u00e3o da esquerda\u201d.<\/p>\n<p>\u201c\u00c9 um momento simb\u00f3lico que aponta nosso compromisso com a democracia diante de um governo eleito n\u00e3o com uma proposta de vis\u00e3o de mundo \u00e0 esquerda, mas deixa claro que tem um projeto muito perverso, como vimos no meio ambiente, na rela\u00e7\u00e3o com outros pa\u00edses neoliberais, mas tamb\u00e9m no ponto de vista econ\u00f4mico\u201d, concluiu.<\/p>\n<!-- AddThis Advanced Settings generic via filter on the_content --><!-- AddThis Share Buttons generic via filter on the_content -->","protected":false},"excerpt":{"rendered":"<p>Indica\u00e7\u00e3o foi refor\u00e7ada durante debate virtual com lideran\u00e7as do PSB, PCdoB, PT e PSOL \u201cO PDT vai lutar e fazer, o que for poss\u00edvel, tamb\u00e9m aqui em Santa Catarina, em favor da democracia e do sistema constitucional\u201d, garantiu o secret\u00e1rio-geral nacional e presidente do partido no estado, Manoel Dias, ao abordar, nesta quinta-feira (4), a&#8230;<!-- AddThis Advanced Settings generic via filter on wp_trim_excerpt --><!-- AddThis Share Buttons generic via filter on wp_trim_excerpt --><\/p>\n","protected":false},"author":17,"featured_media":71751,"comment_status":"closed","ping_status":"closed","sticky":false,"template":"","format":"standard","meta":{"_monsterinsights_skip_tracking":false,"_monsterinsights_sitenote_active":false,"_monsterinsights_sitenote_note":"","_monsterinsights_sitenote_category":0,"_uf_show_specific_survey":0,"_uf_disable_surveys":false,"footnotes":""},"categories":[1390],"tags":[408],"class_list":["post-71750","post","type-post","status-publish","format-standard","has-post-thumbnail","hentry","category-editorias","tag-flb-ap"],"acf":[],"_links":{"self":[{"href":"https:\/\/pdt-rj.org.br\/index.php\/wp-json\/wp\/v2\/posts\/71750","targetHints":{"allow":["GET"]}}],"collection":[{"href":"https:\/\/pdt-rj.org.br\/index.php\/wp-json\/wp\/v2\/posts"}],"about":[{"href":"https:\/\/pdt-rj.org.br\/index.php\/wp-json\/wp\/v2\/types\/post"}],"author":[{"embeddable":true,"href":"https:\/\/pdt-rj.org.br\/index.php\/wp-json\/wp\/v2\/users\/17"}],"replies":[{"embeddable":true,"href":"https:\/\/pdt-rj.org.br\/index.php\/wp-json\/wp\/v2\/comments?post=71750"}],"version-history":[{"count":3,"href":"https:\/\/pdt-rj.org.br\/index.php\/wp-json\/wp\/v2\/posts\/71750\/revisions"}],"predecessor-version":[{"id":71754,"href":"https:\/\/pdt-rj.org.br\/index.php\/wp-json\/wp\/v2\/posts\/71750\/revisions\/71754"}],"wp:featuredmedia":[{"embeddable":true,"href":"https:\/\/pdt-rj.org.br\/index.php\/wp-json\/wp\/v2\/media\/71751"}],"wp:attachment":[{"href":"https:\/\/pdt-rj.org.br\/index.php\/wp-json\/wp\/v2\/media?parent=71750"}],"wp:term":[{"taxonomy":"category","embeddable":true,"href":"https:\/\/pdt-rj.org.br\/index.php\/wp-json\/wp\/v2\/categories?post=71750"},{"taxonomy":"post_tag","embeddable":true,"href":"https:\/\/pdt-rj.org.br\/index.php\/wp-json\/wp\/v2\/tags?post=71750"}],"curies":[{"name":"wp","href":"https:\/\/api.w.org\/{rel}","templated":true}]}}