{"id":71745,"date":"2020-06-04T21:32:10","date_gmt":"2020-06-05T00:32:10","guid":{"rendered":"http:\/\/pdt-rj.org.br\/?p=71745"},"modified":"2020-06-04T21:32:10","modified_gmt":"2020-06-05T00:32:10","slug":"nota-de-apoio-as-manifestacoes-pro-democracia","status":"publish","type":"post","link":"https:\/\/pdt-rj.org.br\/index.php\/nota-de-apoio-as-manifestacoes-pro-democracia\/","title":{"rendered":"Nota de apoio \u00e0s manifesta\u00e7\u00f5es pr\u00f3-democracia"},"content":{"rendered":"<p>Manifesta\u00e7\u00f5es pr\u00f3-democracia est\u00e3o agendadas para o pr\u00f3ximo domingo (07), em v\u00e1rias cidades do pa\u00eds. Diferentes setores da sociedade, legitimamente, se indignam contra as constantes provoca\u00e7\u00f5es oriundas de Bolsonaro e alguns de seus seguidores \u00e0s liberdades democr\u00e1ticas, \u00e0 Imprensa e \u00e0s Institui\u00e7\u00f5es.<\/p>\n<p>O Partido Democr\u00e1tico Trabalhista (PDT), que tem suas origens nas grandes manifesta\u00e7\u00f5es populares da hist\u00f3ria do Brasil, n\u00e3o se far\u00e1 presente, neste momento, por respeito \u00e0s regras de isolamento social por conta da pandemia do Coronav\u00edrus.<\/p>\n<p>Ao mesmo tempo, o partido alerta a todos que participar\u00e3o para que respeitem as recomenda\u00e7\u00f5es da sa\u00fade p\u00fablica e que evitem qualquer tipo de provoca\u00e7\u00e3o. Informa\u00e7\u00f5es est\u00e3o chegando de que haver\u00e1 a presen\u00e7a de elementos infiltrados, ligados aos movimentos anti-democr\u00e1ticos, que tentar\u00e3o desvirtuar o car\u00e1ter pac\u00edfico destas manifesta\u00e7\u00f5es. E situa\u00e7\u00f5es de viol\u00eancia s\u00f3 interessam \u00e0queles que queremos combater!<\/p>\n<p>Em breve, todos os movimentos em defesa da democracia e contra a irresponsabilidade de Bolsonaro estar\u00e3o unidos em todo o Brasil!<\/p>\n<!-- AddThis Advanced Settings generic via filter on the_content --><!-- AddThis Share Buttons generic via filter on the_content -->","protected":false},"excerpt":{"rendered":"<p>Manifesta\u00e7\u00f5es pr\u00f3-democracia est\u00e3o agendadas para o pr\u00f3ximo domingo (07), em v\u00e1rias cidades do pa\u00eds. Diferentes setores da sociedade, legitimamente, se indignam contra as constantes provoca\u00e7\u00f5es oriundas de Bolsonaro e alguns de seus seguidores \u00e0s liberdades democr\u00e1ticas, \u00e0 Imprensa e \u00e0s Institui\u00e7\u00f5es. O Partido Democr\u00e1tico Trabalhista (PDT), que tem suas origens nas grandes manifesta\u00e7\u00f5es populares da&#8230;<!-- AddThis Advanced Settings generic via filter on wp_trim_excerpt --><!-- AddThis Share Buttons generic via filter on wp_trim_excerpt --><\/p>\n","protected":false},"author":17,"featured_media":53694,"comment_status":"closed","ping_status":"closed","sticky":false,"template":"","format":"standard","meta":{"_monsterinsights_skip_tracking":false,"_monsterinsights_sitenote_active":false,"_monsterinsights_sitenote_note":"","_monsterinsights_sitenote_category":0,"_uf_show_specific_survey":0,"_uf_disable_surveys":false,"footnotes":""},"categories":[975,1401],"tags":[282,3483,588],"class_list":["post-71745","post","type-post","status-publish","format-standard","has-post-thumbnail","hentry","category-manchete","category-nacional","tag-defesa-da-democracia","tag-impeachment-bolsonaro","tag-manifestacoes"],"acf":[],"_links":{"self":[{"href":"https:\/\/pdt-rj.org.br\/index.php\/wp-json\/wp\/v2\/posts\/71745","targetHints":{"allow":["GET"]}}],"collection":[{"href":"https:\/\/pdt-rj.org.br\/index.php\/wp-json\/wp\/v2\/posts"}],"about":[{"href":"https:\/\/pdt-rj.org.br\/index.php\/wp-json\/wp\/v2\/types\/post"}],"author":[{"embeddable":true,"href":"https:\/\/pdt-rj.org.br\/index.php\/wp-json\/wp\/v2\/users\/17"}],"replies":[{"embeddable":true,"href":"https:\/\/pdt-rj.org.br\/index.php\/wp-json\/wp\/v2\/comments?post=71745"}],"version-history":[{"count":1,"href":"https:\/\/pdt-rj.org.br\/index.php\/wp-json\/wp\/v2\/posts\/71745\/revisions"}],"predecessor-version":[{"id":71746,"href":"https:\/\/pdt-rj.org.br\/index.php\/wp-json\/wp\/v2\/posts\/71745\/revisions\/71746"}],"wp:featuredmedia":[{"embeddable":true,"href":"https:\/\/pdt-rj.org.br\/index.php\/wp-json\/wp\/v2\/media\/53694"}],"wp:attachment":[{"href":"https:\/\/pdt-rj.org.br\/index.php\/wp-json\/wp\/v2\/media?parent=71745"}],"wp:term":[{"taxonomy":"category","embeddable":true,"href":"https:\/\/pdt-rj.org.br\/index.php\/wp-json\/wp\/v2\/categories?post=71745"},{"taxonomy":"post_tag","embeddable":true,"href":"https:\/\/pdt-rj.org.br\/index.php\/wp-json\/wp\/v2\/tags?post=71745"}],"curies":[{"name":"wp","href":"https:\/\/api.w.org\/{rel}","templated":true}]}}