{"id":71741,"date":"2020-06-04T17:16:26","date_gmt":"2020-06-04T20:16:26","guid":{"rendered":"http:\/\/pdt-rj.org.br\/?p=71741"},"modified":"2020-06-05T10:41:15","modified_gmt":"2020-06-05T13:41:15","slug":"ciro-gomes-destaca-atitude-negacionista-que-leva-a-tragedia-da-pandemia-em-entrevista-para-a-radio-internacional-da-china","status":"publish","type":"post","link":"https:\/\/pdt-rj.org.br\/index.php\/ciro-gomes-destaca-atitude-negacionista-que-leva-a-tragedia-da-pandemia-em-entrevista-para-a-radio-internacional-da-china\/","title":{"rendered":"Ciro Gomes destaca atitude negacionista que leva \u00e0 trag\u00e9dia da pandemia, em entrevista para a R\u00e1dio Internacional da China"},"content":{"rendered":"<p>Diante do cen\u00e1rio severo da epidemia no Brasil, em que o n\u00famero de casos confirmados do novo coronav\u00edrus aumenta 400 mil em um s\u00f3 m\u00eas, o vice-presidente nacional do PDT, Ciro Gomes, aponta que o atitude negacionista do governo e a prescri\u00e7\u00e3o do rem\u00e9dio n\u00e3o testado levam a trag\u00e9dia do Pa\u00eds.<\/p>\n<p>Ciro defende o isolamento social como uma medida eficaz para conter a expans\u00e3o veloz do v\u00edrus, dada a falta de vacina e de precedentes cient\u00edficos e apresentou tamb\u00e9m o que faria para tomar precau\u00e7\u00f5es e indenizar a popula\u00e7\u00e3o.<br \/>\nQuanto ao epis\u00f3dio da crise com a China, Ciro Gomes criticou a atual pol\u00edtica diplom\u00e1tica do Brasil que n\u00e3o guarda os interesses e valores nacionais. Ele reiterou que a China \u00e9 um bom parceiro comercial do Brasil e que nessa pandemia o povo chin\u00eas, como qualquer outro, \u00e9 v\u00edtima e n\u00e3o pode ser culpado.<\/p>\n<p>A entrevista \u00e9 fruto da articula\u00e7\u00e3o da Funda\u00e7\u00e3o Leonel Brizola Pernambuco, por meio dos seus dirigentes Pedro Josephi e Arison Fernandes, com o Governo Chin\u00eas.<\/p>\n<p>&nbsp;<\/p>\n<p><strong>Confira a entrevista completa:<\/strong>\u00a0<a href=\"http:\/\/portuguese.cri.cn\/audioonline\/interviews\/414\/20200604\/477918.html?from=singlemessage&amp;isappinstalled=0\">Ciro Gomes destaca atitude negacionista que leva a trag\u00e9dia da pandemia<\/a><\/p>\n<!-- AddThis Advanced Settings generic via filter on the_content --><!-- AddThis Share Buttons generic via filter on the_content -->","protected":false},"excerpt":{"rendered":"<p>Diante do cen\u00e1rio severo da epidemia no Brasil, em que o n\u00famero de casos confirmados do novo coronav\u00edrus aumenta 400 mil em um s\u00f3 m\u00eas, o vice-presidente nacional do PDT, Ciro Gomes, aponta que o atitude negacionista do governo e a prescri\u00e7\u00e3o do rem\u00e9dio n\u00e3o testado levam a trag\u00e9dia do Pa\u00eds. Ciro defende o isolamento&#8230;<!-- AddThis Advanced Settings generic via filter on wp_trim_excerpt --><!-- AddThis Share Buttons generic via filter on wp_trim_excerpt --><\/p>\n","protected":false},"author":17,"featured_media":71742,"comment_status":"closed","ping_status":"closed","sticky":false,"template":"","format":"standard","meta":{"_monsterinsights_skip_tracking":false,"_monsterinsights_sitenote_active":false,"_monsterinsights_sitenote_note":"","_monsterinsights_sitenote_category":0,"_uf_show_specific_survey":0,"_uf_disable_surveys":false,"footnotes":""},"categories":[1401,976],"tags":[220],"class_list":["post-71741","post","type-post","status-publish","format-standard","has-post-thumbnail","hentry","category-nacional","category-noticias-em-destaque","tag-ciro-gomes"],"acf":[],"_links":{"self":[{"href":"https:\/\/pdt-rj.org.br\/index.php\/wp-json\/wp\/v2\/posts\/71741","targetHints":{"allow":["GET"]}}],"collection":[{"href":"https:\/\/pdt-rj.org.br\/index.php\/wp-json\/wp\/v2\/posts"}],"about":[{"href":"https:\/\/pdt-rj.org.br\/index.php\/wp-json\/wp\/v2\/types\/post"}],"author":[{"embeddable":true,"href":"https:\/\/pdt-rj.org.br\/index.php\/wp-json\/wp\/v2\/users\/17"}],"replies":[{"embeddable":true,"href":"https:\/\/pdt-rj.org.br\/index.php\/wp-json\/wp\/v2\/comments?post=71741"}],"version-history":[{"count":5,"href":"https:\/\/pdt-rj.org.br\/index.php\/wp-json\/wp\/v2\/posts\/71741\/revisions"}],"predecessor-version":[{"id":71755,"href":"https:\/\/pdt-rj.org.br\/index.php\/wp-json\/wp\/v2\/posts\/71741\/revisions\/71755"}],"wp:featuredmedia":[{"embeddable":true,"href":"https:\/\/pdt-rj.org.br\/index.php\/wp-json\/wp\/v2\/media\/71742"}],"wp:attachment":[{"href":"https:\/\/pdt-rj.org.br\/index.php\/wp-json\/wp\/v2\/media?parent=71741"}],"wp:term":[{"taxonomy":"category","embeddable":true,"href":"https:\/\/pdt-rj.org.br\/index.php\/wp-json\/wp\/v2\/categories?post=71741"},{"taxonomy":"post_tag","embeddable":true,"href":"https:\/\/pdt-rj.org.br\/index.php\/wp-json\/wp\/v2\/tags?post=71741"}],"curies":[{"name":"wp","href":"https:\/\/api.w.org\/{rel}","templated":true}]}}