{"id":71733,"date":"2020-06-04T15:39:30","date_gmt":"2020-06-04T18:39:30","guid":{"rendered":"http:\/\/pdt-rj.org.br\/?p=71733"},"modified":"2020-06-04T15:51:13","modified_gmt":"2020-06-04T18:51:13","slug":"movimento-negro-do-pdt-realiza-debate-online-com-o-tema-genocidio-negro","status":"publish","type":"post","link":"https:\/\/pdt-rj.org.br\/index.php\/movimento-negro-do-pdt-realiza-debate-online-com-o-tema-genocidio-negro\/","title":{"rendered":"Movimento Negro do PDT realiza debate online com o tema: &#8220;Genoc\u00eddio Negro&#8221;"},"content":{"rendered":"<p>Genoc\u00eddio Negro. Esse ser\u00e1 o tema do debate do Movimento Negro do PDT, no pr\u00f3ximo s\u00e1bado (06), a partir das 18h30. Na ocasi\u00e3o, ser\u00e1 realizado uma reflex\u00e3o a cerca da conjuntura pol\u00edtica que o Pa\u00eds est\u00e1 vivendo e suas influ\u00eancias sobre a comunidade negra.<\/p>\n<p>Nos \u00faltimos 20 anos, o assassinato de jovens negros cresceu 400% no Brasil. O mundo vive tempos de revolta. Vivemos em tempos de clara inferioriza\u00e7\u00e3o do negro que luta por direitos iguais.<\/p>\n<p>Para reafirmar que vidas negras importam, estar\u00e3o presentes Ivaldo Paix\u00e3o, presidente nacional do movimento negro do PDT com William Almeida, secret\u00e1rio de g\u00eanero e ra\u00e7a da Juventude Socialista do PDT no Amap\u00e1, para mediar o espa\u00e7o de debate e reflex\u00e3o.<\/p>\n<p>Transmiss\u00e3o online ser\u00e1 feita pela p\u00e1gina do <a href=\"https:\/\/www.facebook.com\/ReiventarAmapa\/\">Reinventar Amap\u00e1<\/a> no Facebook.<\/p>\n<!-- AddThis Advanced Settings generic via filter on the_content --><!-- AddThis Share Buttons generic via filter on the_content -->","protected":false},"excerpt":{"rendered":"<p>Genoc\u00eddio Negro. Esse ser\u00e1 o tema do debate do Movimento Negro do PDT, no pr\u00f3ximo s\u00e1bado (06), a partir das 18h30. Na ocasi\u00e3o, ser\u00e1 realizado uma reflex\u00e3o a cerca da conjuntura pol\u00edtica que o Pa\u00eds est\u00e1 vivendo e suas influ\u00eancias sobre a comunidade negra. Nos \u00faltimos 20 anos, o assassinato de jovens negros cresceu 400%&#8230;<!-- AddThis Advanced Settings generic via filter on wp_trim_excerpt --><!-- AddThis Share Buttons generic via filter on wp_trim_excerpt --><\/p>\n","protected":false},"author":17,"featured_media":71736,"comment_status":"closed","ping_status":"closed","sticky":false,"template":"","format":"standard","meta":{"_monsterinsights_skip_tracking":false,"_monsterinsights_sitenote_active":false,"_monsterinsights_sitenote_note":"","_monsterinsights_sitenote_category":0,"_uf_show_specific_survey":0,"_uf_disable_surveys":false,"footnotes":""},"categories":[1390,1397,1587],"tags":[3633,3634,1135,3632],"class_list":["post-71733","post","type-post","status-publish","format-standard","has-post-thumbnail","hentry","category-editorias","category-movimentos","category-negro","tag-comunidade-negra","tag-direitos-iguais","tag-movimento-negro-do-pdt","tag-vidas-negras-importam"],"acf":[],"_links":{"self":[{"href":"https:\/\/pdt-rj.org.br\/index.php\/wp-json\/wp\/v2\/posts\/71733","targetHints":{"allow":["GET"]}}],"collection":[{"href":"https:\/\/pdt-rj.org.br\/index.php\/wp-json\/wp\/v2\/posts"}],"about":[{"href":"https:\/\/pdt-rj.org.br\/index.php\/wp-json\/wp\/v2\/types\/post"}],"author":[{"embeddable":true,"href":"https:\/\/pdt-rj.org.br\/index.php\/wp-json\/wp\/v2\/users\/17"}],"replies":[{"embeddable":true,"href":"https:\/\/pdt-rj.org.br\/index.php\/wp-json\/wp\/v2\/comments?post=71733"}],"version-history":[{"count":1,"href":"https:\/\/pdt-rj.org.br\/index.php\/wp-json\/wp\/v2\/posts\/71733\/revisions"}],"predecessor-version":[{"id":71735,"href":"https:\/\/pdt-rj.org.br\/index.php\/wp-json\/wp\/v2\/posts\/71733\/revisions\/71735"}],"wp:featuredmedia":[{"embeddable":true,"href":"https:\/\/pdt-rj.org.br\/index.php\/wp-json\/wp\/v2\/media\/71736"}],"wp:attachment":[{"href":"https:\/\/pdt-rj.org.br\/index.php\/wp-json\/wp\/v2\/media?parent=71733"}],"wp:term":[{"taxonomy":"category","embeddable":true,"href":"https:\/\/pdt-rj.org.br\/index.php\/wp-json\/wp\/v2\/categories?post=71733"},{"taxonomy":"post_tag","embeddable":true,"href":"https:\/\/pdt-rj.org.br\/index.php\/wp-json\/wp\/v2\/tags?post=71733"}],"curies":[{"name":"wp","href":"https:\/\/api.w.org\/{rel}","templated":true}]}}