{"id":71727,"date":"2020-06-04T12:30:48","date_gmt":"2020-06-04T15:30:48","guid":{"rendered":"http:\/\/pdt-rj.org.br\/?p=71727"},"modified":"2020-06-09T14:40:35","modified_gmt":"2020-06-09T17:40:35","slug":"oposicao-protocola-pedido-de-investigacao-contra-sergio-camargo","status":"publish","type":"post","link":"https:\/\/pdt-rj.org.br\/index.php\/oposicao-protocola-pedido-de-investigacao-contra-sergio-camargo\/","title":{"rendered":"Oposi\u00e7\u00e3o protocola pedido de investiga\u00e7\u00e3o contra S\u00e9rgio Camargo"},"content":{"rendered":"<p>O l\u00edder da oposi\u00e7\u00e3o na C\u00e2mara, deputado federal Andr\u00e9 Figueiredo (PDT-CE) e lideran\u00e7as partid\u00e1rias do PSOL, PT, e PSB, protocolaram, na quarta-feira (3), pedido no Minist\u00e9rio P\u00fablico Federal (MPF) para instaurar inqu\u00e9rito de investiga\u00e7\u00e3o sobre a fala do presidente da Funda\u00e7\u00e3o Palmares, S\u00e9rgio Camargo, em \u00e1udio gravado em uma reuni\u00e3o em abril em que ele classifica o movimento negro como \u201cesc\u00f3ria maldita\u201d.<\/p>\n<p>O ato contou com a presen\u00e7a de deputados negros, como \u00c1urea Carolina (PSOL-MG), Benedita da Silva (PT-RJ), Tal\u00edria Petrone (PSOL-RJ), Bira do Pindar\u00e9 (PSB-MA), Dami\u00e3o Feliciano (PDT-PB), David Miranda (PSOL-RJ) e Orlando Silva (PCdoB-SP).<\/p>\n<p>Al\u00e9m da representa\u00e7\u00e3o ao MPF, tamb\u00e9m foi protocolado um requerimento para que Camargo preste esclarecimentos no plen\u00e1rio da C\u00e2mara dos Deputados sobre as declara\u00e7\u00f5es. Nesta quinta, a Rede vai pedir o afastamento de Camargo por meio de um mandado de seguran\u00e7a coletivo no Superior Tribunal de Justi\u00e7a (STJ).<\/p>\n<p>J\u00e1 a ONG Educa\u00e7\u00e3o e Cidadania de Afrodescendentes e Carentes (Educafro) enviou uma representa\u00e7\u00e3o ao MPF em que acusa S\u00e9rgio Camargo de ter cometido crime de racismo ao afirmar que praticantes e organiza\u00e7\u00f5es ligadas a religi\u00f5es de matriz africana n\u00e3o v\u00e3o receber benef\u00edcios e recursos enquanto ele estiver \u00e0 frente da gest\u00e3o.<\/p>\n<p>Na reuni\u00e3o, cujo \u00e1udio foi revelado pelo jornal \u201cO Estado de S. Paulo\u201d, Camargo reclamou de vazamento de informa\u00e7\u00f5es da Funda\u00e7\u00e3o e prometeu retalia\u00e7\u00f5es:<\/p>\n<p>\u201cTem gente vazando informa\u00e7\u00f5es aqui para a m\u00eddia, vazando para uma m\u00e3e de santo, uma filha da puta macumbeira, tal de m\u00e3e Baiana, que ficava aqui infernizando a vida de todo mundo (\u2026) N\u00e3o vai ter nada para terreiro na Palmares, enquanto eu estiver aqui dentro. Nada. Zero. Macumbeiro n\u00e3o vai ter nem um centavo\u201d<\/p>\n<p>O presidente da Funda\u00e7\u00e3o Palmares tamb\u00e9m chamou os integrantes do movimento negro de \u201cvagabundos\u201d. Para a Educafro, Camargo manifestou \u201cdiscrimina\u00e7\u00e3o odiosa\u201d e violou a lei, que prev\u00ea reclus\u00e3o de um a tr\u00eas anos para quem \u201cpraticar, induzir ou incitar a discrimina\u00e7\u00e3o ou preconceito de ra\u00e7a, cor, etnia, religi\u00e3o ou proced\u00eancia nacional\u201d.<\/p>\n<!-- AddThis Advanced Settings generic via filter on the_content --><!-- AddThis Share Buttons generic via filter on the_content -->","protected":false},"excerpt":{"rendered":"<p>O l\u00edder da oposi\u00e7\u00e3o na C\u00e2mara, deputado federal Andr\u00e9 Figueiredo (PDT-CE) e lideran\u00e7as partid\u00e1rias do PSOL, PT, e PSB, protocolaram, na quarta-feira (3), pedido no Minist\u00e9rio P\u00fablico Federal (MPF) para instaurar inqu\u00e9rito de investiga\u00e7\u00e3o sobre a fala do presidente da Funda\u00e7\u00e3o Palmares, S\u00e9rgio Camargo, em \u00e1udio gravado em uma reuni\u00e3o em abril em que ele&#8230;<!-- AddThis Advanced Settings generic via filter on wp_trim_excerpt --><!-- AddThis Share Buttons generic via filter on wp_trim_excerpt --><\/p>\n","protected":false},"author":17,"featured_media":71728,"comment_status":"closed","ping_status":"closed","sticky":false,"template":"","format":"standard","meta":{"_monsterinsights_skip_tracking":false,"_monsterinsights_sitenote_active":false,"_monsterinsights_sitenote_note":"","_monsterinsights_sitenote_category":0,"_uf_show_specific_survey":0,"_uf_disable_surveys":false,"footnotes":""},"categories":[1390,1459],"tags":[3569,1919,3164],"class_list":["post-71727","post","type-post","status-publish","format-standard","has-post-thumbnail","hentry","category-editorias","category-congresso","tag-fundacao-palmares","tag-movimento-negro","tag-oposicao"],"acf":[],"_links":{"self":[{"href":"https:\/\/pdt-rj.org.br\/index.php\/wp-json\/wp\/v2\/posts\/71727","targetHints":{"allow":["GET"]}}],"collection":[{"href":"https:\/\/pdt-rj.org.br\/index.php\/wp-json\/wp\/v2\/posts"}],"about":[{"href":"https:\/\/pdt-rj.org.br\/index.php\/wp-json\/wp\/v2\/types\/post"}],"author":[{"embeddable":true,"href":"https:\/\/pdt-rj.org.br\/index.php\/wp-json\/wp\/v2\/users\/17"}],"replies":[{"embeddable":true,"href":"https:\/\/pdt-rj.org.br\/index.php\/wp-json\/wp\/v2\/comments?post=71727"}],"version-history":[{"count":4,"href":"https:\/\/pdt-rj.org.br\/index.php\/wp-json\/wp\/v2\/posts\/71727\/revisions"}],"predecessor-version":[{"id":71791,"href":"https:\/\/pdt-rj.org.br\/index.php\/wp-json\/wp\/v2\/posts\/71727\/revisions\/71791"}],"wp:featuredmedia":[{"embeddable":true,"href":"https:\/\/pdt-rj.org.br\/index.php\/wp-json\/wp\/v2\/media\/71728"}],"wp:attachment":[{"href":"https:\/\/pdt-rj.org.br\/index.php\/wp-json\/wp\/v2\/media?parent=71727"}],"wp:term":[{"taxonomy":"category","embeddable":true,"href":"https:\/\/pdt-rj.org.br\/index.php\/wp-json\/wp\/v2\/categories?post=71727"},{"taxonomy":"post_tag","embeddable":true,"href":"https:\/\/pdt-rj.org.br\/index.php\/wp-json\/wp\/v2\/tags?post=71727"}],"curies":[{"name":"wp","href":"https:\/\/api.w.org\/{rel}","templated":true}]}}