{"id":71724,"date":"2020-06-04T01:32:41","date_gmt":"2020-06-04T04:32:41","guid":{"rendered":"http:\/\/pdt-rj.org.br\/?p=71724"},"modified":"2020-06-04T16:44:46","modified_gmt":"2020-06-04T19:44:46","slug":"com-movimentos-do-pdt-fundacao-debate-novo-projeto-nacional-de-nucleos-de-base","status":"publish","type":"post","link":"https:\/\/pdt-rj.org.br\/index.php\/com-movimentos-do-pdt-fundacao-debate-novo-projeto-nacional-de-nucleos-de-base\/","title":{"rendered":"Com movimentos do PDT, Funda\u00e7\u00e3o debate novo projeto nacional de n\u00facleos de base"},"content":{"rendered":"<p>A semente do Brasil trabalhista. Com essa defini\u00e7\u00e3o, o novo projeto nacional de n\u00facleos de base, que \u00e9 coordenado pela Funda\u00e7\u00e3o Leonel Brizola \u2013 Alberto Pasqualini (FLB-AP), foi debatido com os movimentos do PDT durante a o \u2018Quartas Trabalhistas\u2019. Ao longo do programa virtual transmitido nessa quarta-feira (3), nas redes sociais, a an\u00e1lise integrada permitiu o levantamento de sugest\u00f5es para aprimorar cada etapa do planejamento proposto.<\/p>\n<p>Liderado pelo presidente da FLB-AP e secret\u00e1rio-geral nacional do partido, Manoel Dias, o encontro foi iniciado com a apresenta\u00e7\u00e3o dos eixos propostos na formula\u00e7\u00e3o pr\u00e9via elaborada pelo coordenador nacional de nuclea\u00e7\u00e3o, Leonardo Zumpichiatti, que inclui a\u00e7\u00f5es pol\u00edticas e sociais articuladas atrav\u00e9s das novas plataformas tecnol\u00f3gicas conectadas por celulares, computadores e tablets via internet.<\/p>\n<p>\u201cNeste momento de coronav\u00edrus, a gente v\u00ea a ainda mais a necessidade da participa\u00e7\u00e3o popular. O povo precisa ter consci\u00eancia pol\u00edtica para entender a raz\u00e3o das coisas. E a \u00fanica maneira de alcan\u00e7ar \u00e9 atrav\u00e9s da organiza\u00e7\u00e3o da base\u201d, relatou Dias, mostrando que, historicamente, o trabalhismo \u201csempre foi presente na luta popular para garantir a soberania nacional\u201d.<\/p>\n<p>\u201cSe a gente criar mais de 30 mil n\u00facleos, n\u00f3s podemos mudar o Brasil. Cada c\u00e9lula pode ter compromisso com setores ou causas espec\u00edficas. Politizado, os membros estar\u00e3o atuantes para ter a capacidade de se defender\u201d, acrescentou, citando as pondera\u00e7\u00f5es da professora Maria Am\u00e9lia sobre a abordagem do p\u00fablico buscado pelo projeto.<\/p>\n<p>\u201cPrecisamos compreender valores por grupo de indiv\u00edduos e, assim, localiz\u00e1-los para iniciar uma intera\u00e7\u00e3o permanente e constante. Hoje, algo relativamente menos complicado devido as redes sociais. A capacidade de interc\u00e2mbio se faz necess\u00e1ria, sejam estas pontes de di\u00e1logo presenciais ou \u00e0 dist\u00e2ncia\u201d, disse Zumpichiatti, ao atuar, com a contribui\u00e7\u00e3o do ex-deputado distrital Peniel Pacheco, no desenvolvimento da vers\u00e3o apresentada aos presidentes e lideran\u00e7as dos movimentos.<\/p>\n<p><strong>Detalhes<\/strong><\/p>\n<p>Ao longo do plano, \u00e9 proposto o estabelecimento de um plano de comunica\u00e7\u00e3o com canais cont\u00ednuos de intera\u00e7\u00e3o com os mobilizadores e p\u00fablicos locais, a partir das vice-presid\u00eancias da organiza\u00e7\u00e3o pedetista nos estados. Estas medidas potencializar\u00e3o, segundo a dire\u00e7\u00e3o, a alimenta\u00e7\u00e3o de bancos de dados com conte\u00fado e de medidas realizadas.<\/p>\n<p>\u201cAs pessoas precisam acreditar mais no coletivo, e n\u00e3o somente focar na individualiza\u00e7\u00e3o. Por isso, devemos mostrar nossa proposta para conseguir estruturar esse projeto de forma efetiva e consolidada. Temos que trabalhar para dar voz e mostrar as ferramentas para que, juntos, sejam criadas redes para superar os problemas do dia a dia.\u201d, relatou Zumpichiatti, ao completar: \u201cPriorizamos o processo a partir da organiza\u00e7\u00e3o, mobiliza\u00e7\u00e3o, politiza\u00e7\u00e3o e manuten\u00e7\u00e3o. N\u00f3s queremos ter foco nas a\u00e7\u00f5es para proporcionar um engajamento org\u00e2nico e ter a confian\u00e7a de cada membro\u201d.<\/p>\n<p>Ao citar a cartilha de instru\u00e7\u00e3o, a proposta tamb\u00e9m indica a cria\u00e7\u00e3o de nova plataforma para dinamizar a transmiss\u00e3o da informa\u00e7\u00e3o sintetizada no documento.<\/p>\n<p>\u201cTransformar as funcionalidades da cartilha em um aplicativo mobile, de modo que as a\u00e7\u00f5es planejadas e executadas pelos n\u00facleos tenham uma fonte de registro permanente e segura\u201d, descreve, relacionando ao cadastramento digital pelo n\u00famero de WhatsApp: (61) 98455-1212.<\/p>\n<p>Para o pleno entendimento da metodologia e, sobretudo, da funcionalidade dos n\u00facleos pelas equipes na ponta, a Funda\u00e7\u00e3o promover\u00e1, a partir da Universidade Aberta Leonel Brizola (ULB), a forma\u00e7\u00e3o dos multiplicadores, que ativar\u00e3o as c\u00e9lulas divididas por temas ou \u00e1reas de atua\u00e7\u00e3o, por exemplo, e ter\u00e3o um sistema de an\u00e1lise e avalia\u00e7\u00e3o para processar o resultado das atividades.<\/p>\n<p>\u201cVamos criar coordena\u00e7\u00f5es de, no m\u00ednimo, 10 lideran\u00e7as por estado. Com isso, conseguiremos replicar, a partir de treinamentos, medidas direcionadas e alinhadas com as estrat\u00e9gias que dar\u00e3o, dentro de cada realidade, os melhores resultados\u201d, concluiu Zumpichiatti, ao anunciar a rotina de inscri\u00e7\u00e3o pelo WhatsApp, que ser\u00e1 divulgada em breve.<\/p>\n<p><strong>Avalia\u00e7\u00e3o<\/strong><\/p>\n<p>Presidente do PDT Diversidade, Amanda Anderson avaliou as algumas limita\u00e7\u00f5es para o crescimento do projeto dentro dos estados e munic\u00edpios, mas exaltou o apoio da Funda\u00e7\u00e3o, em n\u00edvel nacional, no processo.<\/p>\n<p>\u201cNa base, a popula\u00e7\u00e3o LGBTI \u00e9 muito grande. Por isso, vamos buscar superar as dificuldades para massificar a atua\u00e7\u00e3o dos n\u00facleos em conjunto com o movimento\u201d, comentou.<\/p>\n<p>J\u00e1 para Everton Gomes, vice-presidente da FLB-AP no Rio de Janeiro, o n\u00facleo parte da perspectiva inovadora de organiza\u00e7\u00e3o para levar ao encontro de solu\u00e7\u00f5es para resolver problemas do cotidiano dos cidad\u00e3os.<\/p>\n<p>\u201cA partir do debate da comunidade local, a gente articulou atividades. Assim, alcan\u00e7amos visibilidade nas ruas e pra\u00e7as do Rio, por exemplo\u201d, disse, ao sugerir a incorpora\u00e7\u00e3o de grupos de WhatsApp como n\u00facleos oficiais do partido, posi\u00e7\u00e3o ratificada pelos presidentes nacionais dos movimentos Negro, Ind\u00edgena, Comunit\u00e1rio e Ax\u00e9, Ivaldo Paix\u00e3o, Rafael Weree, Jordaci Matos e Marcelo Monteiro, respectivamente, al\u00e9m dos representantes da Funda\u00e7\u00e3o no Paran\u00e1, Acre, Piau\u00ed, Tocantins e Mato Grosso do Sul.<\/p>\n<p>A sugest\u00e3o da cria\u00e7\u00e3o de secretarias de nuclea\u00e7\u00e3o dentro da estrutura das organiza\u00e7\u00f5es sociais do PDT foi a sugest\u00e3o apresentada pelo presidente nacional do Movimento Cultural Darcy Ribeiro (MCDR), Roberto Viana, durante a sua interven\u00e7\u00e3o. \u201cN\u00f3s j\u00e1 vinculamos a cria\u00e7\u00e3o de diret\u00f3rios a partir da forma\u00e7\u00e3o dos n\u00facleos.<\/p>\n<p>Segundo Papito de Oliveira, vice-presidente da Funda\u00e7\u00e3o no Cear\u00e1, o partido precisa estimular o fortalecimento da intera\u00e7\u00e3o dos n\u00facleos com os parlamentares pedetistas, al\u00e9m valorizar a tentativa de desburocratizar as rotinas de forma\u00e7\u00e3o e organiza\u00e7\u00e3o.<\/p>\n<p>Na sequ\u00eancia, o vice-presidente nacional da Juventude Socialista, Rafael Oliveira, destacou o aproveitamento do legado das a\u00e7\u00f5es anteriores para aperfei\u00e7oar o novo projeto, bem como avalia\u00e7\u00e3o dos resultados acumulados para otimizar os novos passos.<\/p>\n<!-- AddThis Advanced Settings generic via filter on the_content --><!-- AddThis Share Buttons generic via filter on the_content -->","protected":false},"excerpt":{"rendered":"<p>A semente do Brasil trabalhista. Com essa defini\u00e7\u00e3o, o novo projeto nacional de n\u00facleos de base, que \u00e9 coordenado pela Funda\u00e7\u00e3o Leonel Brizola \u2013 Alberto Pasqualini (FLB-AP), foi debatido com os movimentos do PDT durante a o \u2018Quartas Trabalhistas\u2019. Ao longo do programa virtual transmitido nessa quarta-feira (3), nas redes sociais, a an\u00e1lise integrada permitiu&#8230;<!-- AddThis Advanced Settings generic via filter on wp_trim_excerpt --><!-- AddThis Share Buttons generic via filter on wp_trim_excerpt --><\/p>\n","protected":false},"author":17,"featured_media":71725,"comment_status":"closed","ping_status":"closed","sticky":false,"template":"","format":"standard","meta":{"_monsterinsights_skip_tracking":false,"_monsterinsights_sitenote_active":false,"_monsterinsights_sitenote_note":"","_monsterinsights_sitenote_category":0,"_uf_show_specific_survey":0,"_uf_disable_surveys":false,"footnotes":""},"categories":[1390],"tags":[408,426,1133,2710,2619,2450,2147],"class_list":["post-71724","post","type-post","status-publish","format-standard","has-post-thumbnail","hentry","category-editorias","tag-flb-ap","tag-fundacao-leonel-brizola-alberto-pasqualini","tag-ivaldo-paixao","tag-lgbti","tag-mcdr","tag-movimento-cultural-darcy-ribeiro","tag-rafael-weree"],"acf":[],"_links":{"self":[{"href":"https:\/\/pdt-rj.org.br\/index.php\/wp-json\/wp\/v2\/posts\/71724","targetHints":{"allow":["GET"]}}],"collection":[{"href":"https:\/\/pdt-rj.org.br\/index.php\/wp-json\/wp\/v2\/posts"}],"about":[{"href":"https:\/\/pdt-rj.org.br\/index.php\/wp-json\/wp\/v2\/types\/post"}],"author":[{"embeddable":true,"href":"https:\/\/pdt-rj.org.br\/index.php\/wp-json\/wp\/v2\/users\/17"}],"replies":[{"embeddable":true,"href":"https:\/\/pdt-rj.org.br\/index.php\/wp-json\/wp\/v2\/comments?post=71724"}],"version-history":[{"count":2,"href":"https:\/\/pdt-rj.org.br\/index.php\/wp-json\/wp\/v2\/posts\/71724\/revisions"}],"predecessor-version":[{"id":71739,"href":"https:\/\/pdt-rj.org.br\/index.php\/wp-json\/wp\/v2\/posts\/71724\/revisions\/71739"}],"wp:featuredmedia":[{"embeddable":true,"href":"https:\/\/pdt-rj.org.br\/index.php\/wp-json\/wp\/v2\/media\/71725"}],"wp:attachment":[{"href":"https:\/\/pdt-rj.org.br\/index.php\/wp-json\/wp\/v2\/media?parent=71724"}],"wp:term":[{"taxonomy":"category","embeddable":true,"href":"https:\/\/pdt-rj.org.br\/index.php\/wp-json\/wp\/v2\/categories?post=71724"},{"taxonomy":"post_tag","embeddable":true,"href":"https:\/\/pdt-rj.org.br\/index.php\/wp-json\/wp\/v2\/tags?post=71724"}],"curies":[{"name":"wp","href":"https:\/\/api.w.org\/{rel}","templated":true}]}}