{"id":71639,"date":"2020-05-29T15:45:57","date_gmt":"2020-05-29T18:45:57","guid":{"rendered":"http:\/\/pdt-rj.org.br\/?p=71639"},"modified":"2020-06-03T12:29:50","modified_gmt":"2020-06-03T15:29:50","slug":"justica-determina-que-fundacao-do-governo-bolsonaro-apague-artigos-contra-zumbi-dos-palmares","status":"publish","type":"post","link":"https:\/\/pdt-rj.org.br\/index.php\/justica-determina-que-fundacao-do-governo-bolsonaro-apague-artigos-contra-zumbi-dos-palmares\/","title":{"rendered":"Justi\u00e7a determina que funda\u00e7\u00e3o do governo Bolsonaro apague artigos contra Zumbi dos Palmares"},"content":{"rendered":"<p>A ju\u00edza federal Maria C\u00e2ndida Almeida, da 9\u00aa Vara de Justi\u00e7a do Distrito Federal, deferiu, nesta sexta-feira (29), em favor da a\u00e7\u00e3o popular movida pelo deputado federal T\u00falio Gad\u00ealha e outros tr\u00eas parlamentares, determinando que a Funda\u00e7\u00e3o Cultural Palmares retire imediatamente de seu site artigos que desqualificam a figura de Zumbi dos Palmares do site da institui\u00e7\u00e3o, sob pena de multa di\u00e1ria de R$ 1 mil.<\/p>\n<p>Al\u00e9m de T\u00falio Gad\u00ealha, impetraram a a\u00e7\u00e3o os deputados federais Benedita da Silva (PT-RJ), \u00c1urea Carolina (PSOL-MG) e Bira do Pindar\u00e9 (PSB-MA) no \u00faltimo dia 14 de maio.<\/p>\n<p>Na decis\u00e3o, a ju\u00edza concluiu que \u201ca perman\u00eancia dos artigos no s\u00edtio institucional amea\u00e7a o patrim\u00f4nio hist\u00f3rico-cultural e viola o direito \u00e0 identidade, a\u00e7\u00e3o e mem\u00f3ria da comunidade negra e a sua garantia a condi\u00e7\u00f5es adequadas para a preserva\u00e7\u00e3o, express\u00e3o e desenvolvimento de sua identidade\u201d.<\/p>\n<p>\u201cO perigo da demora decorre do fato de que a perman\u00eancia de tais publica\u00e7\u00f5es reverbera o dano que vem sendo infligido ao patrim\u00f4nio hist\u00f3rico-cultural p\u00e1trio e ao direito \u00e0 identidade, a\u00e7\u00e3o e mem\u00f3ria da comunidade negra, desde o 13 de maio\u201d, diz.<\/p>\n<p>No \u00faltimo dia 13 de maio, Camargo usou o site oficial e as redes sociais da Funda\u00e7\u00e3o Palmares para lan\u00e7ar uma campanha revisionista com a finalidade de desqualificar Zumbi dos Palmares, figura que d\u00e1 nome \u00e0 institui\u00e7\u00e3o, criada justamente para promover e preservar valores hist\u00f3ricos e culturais da influ\u00eancia negra no pa\u00eds. Na ocasi\u00e3o, os parlamentares acionaram a Justi\u00e7a, alegando abuso de poder e desvio de finalidade.<\/p>\n<!-- AddThis Advanced Settings generic via filter on the_content --><!-- AddThis Share Buttons generic via filter on the_content -->","protected":false},"excerpt":{"rendered":"<p>A ju\u00edza federal Maria C\u00e2ndida Almeida, da 9\u00aa Vara de Justi\u00e7a do Distrito Federal, deferiu, nesta sexta-feira (29), em favor da a\u00e7\u00e3o popular movida pelo deputado federal T\u00falio Gad\u00ealha e outros tr\u00eas parlamentares, determinando que a Funda\u00e7\u00e3o Cultural Palmares retire imediatamente de seu site artigos que desqualificam a figura de Zumbi dos Palmares do site&#8230;<!-- AddThis Advanced Settings generic via filter on wp_trim_excerpt --><!-- AddThis Share Buttons generic via filter on wp_trim_excerpt --><\/p>\n","protected":false},"author":17,"featured_media":71640,"comment_status":"closed","ping_status":"closed","sticky":false,"template":"","format":"standard","meta":{"_monsterinsights_skip_tracking":false,"_monsterinsights_sitenote_active":false,"_monsterinsights_sitenote_note":"","_monsterinsights_sitenote_category":0,"_uf_show_specific_survey":0,"_uf_disable_surveys":false,"footnotes":""},"categories":[1390,1459],"tags":[2491,3568],"class_list":["post-71639","post","type-post","status-publish","format-standard","has-post-thumbnail","hentry","category-editorias","category-congresso","tag-tulio-gadelha","tag-zumbi-dos-palmares"],"acf":[],"_links":{"self":[{"href":"https:\/\/pdt-rj.org.br\/index.php\/wp-json\/wp\/v2\/posts\/71639","targetHints":{"allow":["GET"]}}],"collection":[{"href":"https:\/\/pdt-rj.org.br\/index.php\/wp-json\/wp\/v2\/posts"}],"about":[{"href":"https:\/\/pdt-rj.org.br\/index.php\/wp-json\/wp\/v2\/types\/post"}],"author":[{"embeddable":true,"href":"https:\/\/pdt-rj.org.br\/index.php\/wp-json\/wp\/v2\/users\/17"}],"replies":[{"embeddable":true,"href":"https:\/\/pdt-rj.org.br\/index.php\/wp-json\/wp\/v2\/comments?post=71639"}],"version-history":[{"count":2,"href":"https:\/\/pdt-rj.org.br\/index.php\/wp-json\/wp\/v2\/posts\/71639\/revisions"}],"predecessor-version":[{"id":71642,"href":"https:\/\/pdt-rj.org.br\/index.php\/wp-json\/wp\/v2\/posts\/71639\/revisions\/71642"}],"wp:featuredmedia":[{"embeddable":true,"href":"https:\/\/pdt-rj.org.br\/index.php\/wp-json\/wp\/v2\/media\/71640"}],"wp:attachment":[{"href":"https:\/\/pdt-rj.org.br\/index.php\/wp-json\/wp\/v2\/media?parent=71639"}],"wp:term":[{"taxonomy":"category","embeddable":true,"href":"https:\/\/pdt-rj.org.br\/index.php\/wp-json\/wp\/v2\/categories?post=71639"},{"taxonomy":"post_tag","embeddable":true,"href":"https:\/\/pdt-rj.org.br\/index.php\/wp-json\/wp\/v2\/tags?post=71639"}],"curies":[{"name":"wp","href":"https:\/\/api.w.org\/{rel}","templated":true}]}}