{"id":71618,"date":"2020-05-29T19:16:36","date_gmt":"2020-05-29T22:16:36","guid":{"rendered":"http:\/\/pdt-rj.org.br\/?p=71618"},"modified":"2020-05-29T19:17:12","modified_gmt":"2020-05-29T22:17:12","slug":"cid-gomes-relata-pl-que-autoriza-universidades-a-produzir-aparelhos-para-combater-covid-19","status":"publish","type":"post","link":"https:\/\/pdt-rj.org.br\/index.php\/cid-gomes-relata-pl-que-autoriza-universidades-a-produzir-aparelhos-para-combater-covid-19\/","title":{"rendered":"Cid Gomes relata PL que autoriza universidades a produzir aparelhos para combater Covid-19"},"content":{"rendered":"<p>O senador Cid Gomes (PDT-CE) relatou, durante a sess\u00e3o remota do Senado Federal desta quinta-feira (28), projeto de lei de autoria do senador Veneziano Vital do R\u00eago (PSB-PB) que autoriza universidades a produzir e doar equipamentos no combate \u00e0 COVID-19. A proposta foi aprovada por unanimidade e segue agora para aprecia\u00e7\u00e3o da C\u00e2mara dos Deputados.<\/p>\n<p>De acordo com a mat\u00e9ria, todas as institui\u00e7\u00f5es de ensino e pesquisa federais poder\u00e3o utilizar suas instala\u00e7\u00f5es, pessoal e insumos para a produ\u00e7\u00e3o de equipamentos que possam ajudar no combate ao coronav\u00edrus, como respiradores, m\u00e1scaras, testes e \u00e1lcool em gel.<\/p>\n<p>\u201cEntendemos que as universidades federais devem ser consideradas importantes aliadas do Poder P\u00fablico e da sociedade no enfrentamento da emerg\u00eancia de sa\u00fade p\u00fablica\u201d, destacou Cid.<\/p>\n<p>O senador ressaltou que essas iniciativas j\u00e1 est\u00e3o ocorrendo em universidades e centros de pesquisa de todo o Pa\u00eds, \u201cnos quais pesquisadores trabalham em busca de novos testes e rem\u00e9dios, montam prot\u00f3tipos de respiradores, produzem equipamentos de prote\u00e7\u00e3o individual (EPI), \u00e1lcool em gel e outros desinfetantes\u201d.<\/p>\n<p>Cid Gomes citou diversas experi\u00eancias bem-sucedidas em universidades brasileiras, como o caso do Instituto de Biologia da Universidade Estadual de Campinas (UNICAMP), que vai estudar novos m\u00e9todos de detec\u00e7\u00e3o da a\u00e7\u00e3o do v\u00edrus no organismo, al\u00e9m de poss\u00edveis f\u00e1rmacos e est\u00e1 fabricando equipamentos m\u00e9dicos e EPIs por meio de impress\u00e3o 3D.<\/p>\n<p>A produ\u00e7\u00e3o de EPIs pela Universidade Federal do Cear\u00e1 (UFC) tamb\u00e9m foi citada pelo Senador. A UFC est\u00e1 produzindo, em parceria com o Governo do Estado, equipamentos que est\u00e3o sendo destinados aos hospitais da rede p\u00fablica estadual.<\/p>\n<p>&nbsp;<\/p>\n<!-- AddThis Advanced Settings generic via filter on the_content --><!-- AddThis Share Buttons generic via filter on the_content -->","protected":false},"excerpt":{"rendered":"<p>O senador Cid Gomes (PDT-CE) relatou, durante a sess\u00e3o remota do Senado Federal desta quinta-feira (28), projeto de lei de autoria do senador Veneziano Vital do R\u00eago (PSB-PB) que autoriza universidades a produzir e doar equipamentos no combate \u00e0 COVID-19. A proposta foi aprovada por unanimidade e segue agora para aprecia\u00e7\u00e3o da C\u00e2mara dos Deputados&#8230;.<!-- AddThis Advanced Settings generic via filter on wp_trim_excerpt --><!-- AddThis Share Buttons generic via filter on wp_trim_excerpt --><\/p>\n","protected":false},"author":17,"featured_media":71625,"comment_status":"closed","ping_status":"closed","sticky":false,"template":"","format":"standard","meta":{"_monsterinsights_skip_tracking":false,"_monsterinsights_sitenote_active":false,"_monsterinsights_sitenote_note":"","_monsterinsights_sitenote_category":0,"_uf_show_specific_survey":0,"_uf_disable_surveys":false,"footnotes":""},"categories":[1390,1459],"tags":[3621,3348,738,859],"class_list":["post-71618","post","type-post","status-publish","format-standard","has-post-thumbnail","hentry","category-editorias","category-congresso","tag-combate","tag-covid-19","tag-poder-publico","tag-saude-publica"],"acf":[],"_links":{"self":[{"href":"https:\/\/pdt-rj.org.br\/index.php\/wp-json\/wp\/v2\/posts\/71618","targetHints":{"allow":["GET"]}}],"collection":[{"href":"https:\/\/pdt-rj.org.br\/index.php\/wp-json\/wp\/v2\/posts"}],"about":[{"href":"https:\/\/pdt-rj.org.br\/index.php\/wp-json\/wp\/v2\/types\/post"}],"author":[{"embeddable":true,"href":"https:\/\/pdt-rj.org.br\/index.php\/wp-json\/wp\/v2\/users\/17"}],"replies":[{"embeddable":true,"href":"https:\/\/pdt-rj.org.br\/index.php\/wp-json\/wp\/v2\/comments?post=71618"}],"version-history":[{"count":1,"href":"https:\/\/pdt-rj.org.br\/index.php\/wp-json\/wp\/v2\/posts\/71618\/revisions"}],"predecessor-version":[{"id":71626,"href":"https:\/\/pdt-rj.org.br\/index.php\/wp-json\/wp\/v2\/posts\/71618\/revisions\/71626"}],"wp:featuredmedia":[{"embeddable":true,"href":"https:\/\/pdt-rj.org.br\/index.php\/wp-json\/wp\/v2\/media\/71625"}],"wp:attachment":[{"href":"https:\/\/pdt-rj.org.br\/index.php\/wp-json\/wp\/v2\/media?parent=71618"}],"wp:term":[{"taxonomy":"category","embeddable":true,"href":"https:\/\/pdt-rj.org.br\/index.php\/wp-json\/wp\/v2\/categories?post=71618"},{"taxonomy":"post_tag","embeddable":true,"href":"https:\/\/pdt-rj.org.br\/index.php\/wp-json\/wp\/v2\/tags?post=71618"}],"curies":[{"name":"wp","href":"https:\/\/api.w.org\/{rel}","templated":true}]}}