{"id":71617,"date":"2020-05-29T18:17:29","date_gmt":"2020-05-29T21:17:29","guid":{"rendered":"http:\/\/pdt-rj.org.br\/?p=71617"},"modified":"2020-06-01T15:04:59","modified_gmt":"2020-06-01T18:04:59","slug":"pdt-quatro-decadas-de-coerencia","status":"publish","type":"post","link":"https:\/\/pdt-rj.org.br\/index.php\/pdt-quatro-decadas-de-coerencia\/","title":{"rendered":"PDT: Quatro d\u00e9cadas de coer\u00eancia"},"content":{"rendered":"<p>Coer\u00eancia. De acordo com o dicion\u00e1rio da l\u00edngua portuguesa, a palavra significa \u201ccongru\u00eancia, harmonia de uma coisa com o fim a que se destina\u201d. A hist\u00f3ria do PDT sempre foi coerente. O partido nasceu combatendo a tirania, tomando como b\u00fassola a promo\u00e7\u00e3o da justi\u00e7a social. Foi assim desde a cria\u00e7\u00e3o dos Centros Integrados de Educa\u00e7\u00e3o P\u00fablica (Cieps) de Leonel Brizola e Darcy Ribeiro \u00e0 atual defesa da democracia e do Estado brasileiro, gravemente amea\u00e7ados pelo desgoverno em vigor.<\/p>\n<p>Retornando \u00e0 origem do PDT, l\u00e1 na Revolu\u00e7\u00e3o Trabalhista de 1930, \u00e9 poss\u00edvel atestar a consist\u00eancia em seu prop\u00f3sito. Get\u00falio Vargas reformou o Estado, deu dignidade aos trabalhadores e construiu aqui o conceito de soberania nacional. Anos mais tarde, Brizola impediu o intento autoritarista militar via Campanha da Legalidade e garantiu a posse constitucional do presidente Jo\u00e3o Goulart. Em 1964, veio o golpe para frear o coerente trabalho de Jango pela redu\u00e7\u00e3o da desigualdade no Pa\u00eds: as reformas de base.<\/p>\n<p>Passados os anos de chumbo, retornando do ex\u00edlio, Leonel Brizola deu continuidade ao projeto trabalhista. Fundou o PDT, foi governador do Rio de Janeiro e desenvolveu os Cieps \u2013 atendendo a milh\u00f5es de fam\u00edlias fluminenses. Mais tarde, a coer\u00eancia pedetista ficou estampada na passagem de Carlos Lupi, presidente da legenda, pelo extinto Minist\u00e9rio do Trabalho. Em sua gest\u00e3o, o Brasil experimentou o pleno emprego pela primeira e \u00fanica vez em toda a hist\u00f3ria.<\/p>\n<p>\u00c9 atestado que a narrativa da imprensa e da burguesia nacionais subverte a l\u00f3gica pol\u00edtica e induz o cidad\u00e3o ao erro. De que outra maneira explicar o resultado das elei\u00e7\u00f5es presidenciais de 2018? Ciro Gomes tentou, concorreu, manteve \u2013 e mant\u00eam \u2013 um discurso coeso, corroborado por sua trajet\u00f3ria pol\u00edtica e pela hist\u00f3ria do partido que integra, e perdeu. Mas perdeu apenas o pleito, porque tem ganhado no acerto das previs\u00f5es que fez a respeito da derrocada brasileira.<\/p>\n<p>Hoje o pa\u00eds est\u00e1 mergulhado em uma crise de sa\u00fade, estratosfericamente inflada pela crise pol\u00edtica armada pelo pr\u00f3prio Governo Federal. E o PDT segue no papel que lhe cabe, defendendo o povo com propostas no Legislativo e ferocidade no Judici\u00e1rio: foi o primeiro partido pol\u00edtico a apresentar um pedido de impeachment contra Jair Bolsonaro e tem apresentado a\u00e7\u00f5es em diferentes inst\u00e2ncias judiciais contra a pol\u00edtica genocida do mandat\u00e1rio brasileiro.<\/p>\n<p>O PDT luta hoje, sobretudo, contra a incoer\u00eancia. A palavra traduz fidedignamente a postura do grupo no poder Executivo nacional. A famigerada reuni\u00e3o ministerial de 22 de abril deste ano \u00e9 a pintura completa: mais de dois mil mortos pelo Covid-19 e nenhum debate sobre medidas para conter a pandemia; o ministro do Meio Ambiente defendendo a destrui\u00e7\u00e3o do&#8230; meio ambiente; \u201cdefensores da democracia\u201d querendo armar a popula\u00e7\u00e3o, fechar o Congresso e prender ministros do STF; \u201ccontra a corrup\u00e7\u00e3o\u201d, o presidente da Rep\u00fablica quer controlar a Pol\u00edcia Federal e barrar investiga\u00e7\u00f5es contra amigos e familiares.<\/p>\n<p>A luta \u00e9 permanente e, por vezes, ingl\u00f3ria. O PDT completa 40 anos de legenda e 80 de hist\u00f3ria fazendo o que sempre fez: defendendo o povo, a democracia e a liberdade. A aspira\u00e7\u00e3o mais urgente do partido \u2013 partilhada por grande parte do pa\u00eds \u2013 \u00e9 a impugna\u00e7\u00e3o do grupo bolsonarista no poder e a retomada do vilipendiado estado democr\u00e1tico de direito. Para isso, insiste na necessidade de impeachment.<\/p>\n<p>A incoer\u00eancia deve ser destitu\u00edda a fim de que o debate coerente retorne ao cen\u00e1rio pol\u00edtico do Brasil.<\/p>\n<!-- AddThis Advanced Settings generic via filter on the_content --><!-- AddThis Share Buttons generic via filter on the_content -->","protected":false},"excerpt":{"rendered":"<p>Coer\u00eancia. De acordo com o dicion\u00e1rio da l\u00edngua portuguesa, a palavra significa \u201ccongru\u00eancia, harmonia de uma coisa com o fim a que se destina\u201d. A hist\u00f3ria do PDT sempre foi coerente. O partido nasceu combatendo a tirania, tomando como b\u00fassola a promo\u00e7\u00e3o da justi\u00e7a social. Foi assim desde a cria\u00e7\u00e3o dos Centros Integrados de Educa\u00e7\u00e3o&#8230;<!-- AddThis Advanced Settings generic via filter on wp_trim_excerpt --><!-- AddThis Share Buttons generic via filter on wp_trim_excerpt --><\/p>\n","protected":false},"author":17,"featured_media":71621,"comment_status":"closed","ping_status":"closed","sticky":false,"template":"","format":"standard","meta":{"_monsterinsights_skip_tracking":false,"_monsterinsights_sitenote_active":false,"_monsterinsights_sitenote_note":"","_monsterinsights_sitenote_category":0,"_uf_show_specific_survey":0,"_uf_disable_surveys":false,"footnotes":""},"categories":[1584,1401,976],"tags":[196,1545,3048,3348,3623,437,514,565,1072,38,3597,2956],"class_list":["post-71617","post","type-post","status-publish","format-standard","has-post-thumbnail","hentry","category-artigos","category-nacional","category-noticias-em-destaque","tag-carlos-lupi","tag-cieps","tag-ciro-gome","tag-covid-19","tag-defensores-da-democracia","tag-getulio-vargas","tag-joao-goulart","tag-leonel-brizola","tag-meio-ambiente","tag-pdt","tag-pdt-40-anos","tag-soberania"],"acf":[],"_links":{"self":[{"href":"https:\/\/pdt-rj.org.br\/index.php\/wp-json\/wp\/v2\/posts\/71617","targetHints":{"allow":["GET"]}}],"collection":[{"href":"https:\/\/pdt-rj.org.br\/index.php\/wp-json\/wp\/v2\/posts"}],"about":[{"href":"https:\/\/pdt-rj.org.br\/index.php\/wp-json\/wp\/v2\/types\/post"}],"author":[{"embeddable":true,"href":"https:\/\/pdt-rj.org.br\/index.php\/wp-json\/wp\/v2\/users\/17"}],"replies":[{"embeddable":true,"href":"https:\/\/pdt-rj.org.br\/index.php\/wp-json\/wp\/v2\/comments?post=71617"}],"version-history":[{"count":8,"href":"https:\/\/pdt-rj.org.br\/index.php\/wp-json\/wp\/v2\/posts\/71617\/revisions"}],"predecessor-version":[{"id":71652,"href":"https:\/\/pdt-rj.org.br\/index.php\/wp-json\/wp\/v2\/posts\/71617\/revisions\/71652"}],"wp:featuredmedia":[{"embeddable":true,"href":"https:\/\/pdt-rj.org.br\/index.php\/wp-json\/wp\/v2\/media\/71621"}],"wp:attachment":[{"href":"https:\/\/pdt-rj.org.br\/index.php\/wp-json\/wp\/v2\/media?parent=71617"}],"wp:term":[{"taxonomy":"category","embeddable":true,"href":"https:\/\/pdt-rj.org.br\/index.php\/wp-json\/wp\/v2\/categories?post=71617"},{"taxonomy":"post_tag","embeddable":true,"href":"https:\/\/pdt-rj.org.br\/index.php\/wp-json\/wp\/v2\/tags?post=71617"}],"curies":[{"name":"wp","href":"https:\/\/api.w.org\/{rel}","templated":true}]}}