{"id":71608,"date":"2020-05-29T16:55:02","date_gmt":"2020-05-29T19:55:02","guid":{"rendered":"http:\/\/pdt-rj.org.br\/?p=71608"},"modified":"2020-06-04T16:43:33","modified_gmt":"2020-06-04T19:43:33","slug":"carlos-lupi-ciro-gomes-e-manoel-dias-garantem-resistencia-trabalhista-contra-bolsonaro","status":"publish","type":"post","link":"https:\/\/pdt-rj.org.br\/index.php\/carlos-lupi-ciro-gomes-e-manoel-dias-garantem-resistencia-trabalhista-contra-bolsonaro\/","title":{"rendered":"Carlos Lupi, Ciro Gomes e Manoel Dias garantem resist\u00eancia trabalhista contra Bolsonaro"},"content":{"rendered":"<div class=\"msg-body P_wpofO mq_AS\" data-test-id=\"message-view-body-content\">\n<div class=\"jb_0 X_6MGW N_6Fd5\">\n<div id=\"yiv8189311609\">\n<div dir=\"ltr\">\n<p class=\"yiv8189311609MsoNormal\">Mobiliza\u00e7\u00e3o das for\u00e7as democr\u00e1ticas protagoniza como ferramenta de defesa constitucional<\/p>\n<p class=\"yiv8189311609MsoNormal\">Carlos Lupi, Ciro Gomes e Manoel Dias foram un\u00e2nimes ao definir, em debate no \u2018Mais Opini\u00e3o\u2019, a resist\u00eancia e a nuclea\u00e7\u00e3o de base como diferenciais do trabalhismo no enfretamento dos movimentos antidemocr\u00e1ticos de Bolsonaro. Realizado virtualmente nesta quinta-feira (28), o encontro integrou a primeira edi\u00e7\u00e3o da nova temporada do programa transmitido nas redes sociais da Funda\u00e7\u00e3o Leonel Brizola \u2013 Alberto Pasqualini (FLB-AP).<\/p>\n<p class=\"yiv8189311609MsoNormal\">Ao citar os 40 anos da sigla, o presidente nacional do PDT, Carlos Lupi, indicou a unifica\u00e7\u00e3o das for\u00e7as democr\u00e1ticas como prioridade no processo de mobiliza\u00e7\u00e3o contra os atos estimulados diretamente pela presid\u00eancia da Rep\u00fablica.<\/p>\n<p class=\"yiv8189311609MsoNormal\">\u201cN\u00f3s vamos fazer essa luta em todos os n\u00edveis. N\u00e3o h\u00e1 limite para a nossa indigna\u00e7\u00e3o. A nossa coragem s\u00f3 existe porque acreditamos no que a gente faz. Estamos no caminho certo\u201d, disse Lupi, um dos l\u00edderes do movimento \u201cJanelas pela Democracia: #ImpeachmentJ\u00e1\u201d que tamb\u00e9m re\u00fane os partidos REDE, PSB, Cidadania e PV.<\/p>\n<p class=\"yiv8189311609MsoNormal\">Mediador do debate, Lupi tamb\u00e9m discorreu sobre o caos do governo diante do ac\u00famulo de crises e as tentativas p\u00fablicas de rompimento institucional a partir das amea\u00e7as aos poderes legislativo e judici\u00e1rio. Em oposi\u00e7\u00e3o, garante que a resist\u00eancia \u00e9 garantida e efetiva.<\/p>\n<p class=\"yiv8189311609MsoNormal\">\u201cQuase 30 mil brasileiros mortos e o profeta da ignor\u00e2ncia nunca lamentou. Ele (Bolsonaro) n\u00e3o tem sentimento ou sensibilidade. Ele desvia a discuss\u00e3o desse assunto para falar das fake news com os filhos. \u00c9 organizado, de prop\u00f3sito\u201d, indicou, para citar, na sequ\u00eancia, os exemplos de intimida\u00e7\u00f5es: \u201cEle amea\u00e7a de golpe sem condi\u00e7\u00f5es de fazer, pois n\u00e3o tem apoio, como foi em 64. Ele quer gerar medo da ditadura sem armas para continuar no poder e, assim, continuar mentindo.\u201d<\/p>\n<p class=\"yiv8189311609MsoNormal\">Ao concordar com o posicionamento, Manoel Dias, presidente nacional da FLB-AP e secret\u00e1rio-geral nacional do PDT, afirmou que o chefe do Executivo \u201cpromove ilus\u00f5es para ganhar tempo e terreno\u201d.<\/p>\n<p class=\"yiv8189311609MsoNormal\">\u201cO Bolsonaro est\u00e1 jogando com o medo e tentando assustar. Um capit\u00e3o de mau comportamento que foi expulso do Ex\u00e9rcito. N\u00e3o tem como estabelecer o regime autorit\u00e1rio sem ter o que oferecer ao povo. Eles querem estimular a rebeldia j\u00e1 estando no poder, pois n\u00e3o tem apoio. E ainda querem jogar nas m\u00e3os dos governadores o peso das mortes para se eximir\u201d, salientou.<\/p>\n<p class=\"yiv8189311609MsoNormal\"><strong>Caos<\/strong><\/p>\n<p class=\"yiv8189311609MsoNormal\">No aprofundamento das cr\u00edticas, Ciro Gomes, vice-presidente nacional do partido, elencou os tr\u00eas eixos, que, segundo ele, formaram o epicentro do conjunto de conflitos que o presidente se esfor\u00e7a, diariamente, para omitir perante da falta de solu\u00e7\u00f5es. Com colapsos na sa\u00fade, na economia e na pol\u00edtica, o pedetista traduz a tentativa de distra\u00e7\u00e3o a partir da tentativa frustrada de manipula\u00e7\u00e3o do sentimento da popula\u00e7\u00e3o, que est\u00e1 \u201cmachucada e revoltada\u201d.<\/p>\n<p class=\"yiv8189311609MsoNormal\">\u201cBolsonaro persiste nos erros, como lotear o Minist\u00e9rio da Sa\u00fade com militares sem experi\u00eancia. A OMS est\u00e1 vendo que o Brasil virou o epicentro do coronav\u00edrus no mundo. Os \u00faltimos estudos, rodados hoje, indicam que o nosso pa\u00eds poder\u00e1 ter 125 mil mortos at\u00e9 agosto. Essa responsabilidade \u00e9 do Bolsonaro\u201d, afirmou, sendo confirmado por Lupi: \u201cO discurso do Guedes (ministro da Economia) sempre foi o estado m\u00ednimo. O setor p\u00fablico que est\u00e1 salvando o povo brasileiro. Imagina se n\u00e3o tiv\u00e9ssemos um estado forte para dar suporte\u201d.<\/p>\n<p class=\"yiv8189311609MsoNormal\">Neste pacote, Ciro agrega a onda de desemprego e informalidade instalada antes da pandemia, conforme comprovado mensalmente pelos n\u00fameros do Caged, bem como a sua progress\u00e3o cultivada pela in\u00e9rcia dos gestores e aus\u00eancia de pol\u00edticas efetivas.<\/p>\n<p class=\"yiv8189311609MsoNormal\">\u201cTemos 860 mil baixas de carteiras de trabalho em abril. 5 milh\u00f5es perderam renda no mesmo per\u00edodo. Ele est\u00e1 construindo a maior crise da hist\u00f3ria do Brasil. Poderemos chegar a 20 milh\u00f5es de desempregados\u201d, completou, sendo ratificado por Lupi: \u201cO discurso do Guedes (ministro da Economia) sempre foi o estado m\u00ednimo. O setor p\u00fablico que est\u00e1 salvando o povo brasileiro. Imagina se n\u00e3o tiv\u00e9ssemos um estado forte para dar suporte\u201d.<\/p>\n<p class=\"yiv8189311609MsoNormal\">Ao colocar a crise pol\u00edtica como o \u00faltimo elo, Ciro relata que \u201cna cabe\u00e7a do Bolsonaro, s\u00f3 o golpe impedir\u00e1 as institui\u00e7\u00f5es de chegar \u00e0 verdade\u201d. \u201cEle est\u00e1 tentando aparelhar as institui\u00e7\u00f5es p\u00fablicas, como a Procuradoria Geral da Rep\u00fablica e a Pol\u00edcia Federal. S\u00f3 que n\u00f3s somos do partido de Leonel de Moura Brizola e n\u00e3o mediremos esfor\u00e7os para lutar. Haver\u00e1 resist\u00eancia e ele n\u00e3o far\u00e1 golpe de estado no pa\u00eds\u201d, garantiu.<\/p>\n<p class=\"yiv8189311609MsoNormal\"><strong>Futuro<\/strong><\/p>\n<p class=\"yiv8189311609MsoNormal\">\u201cA gente tem que combater o profeta da ignor\u00e2ncia, mas a popula\u00e7\u00e3o precisa ter esperan\u00e7a\u201d. Com essa perspectiva, Lupi encaminhou o di\u00e1logo para a an\u00e1lise de propostas que indiquem o caminho para a superar o atual cen\u00e1rio de falta de perspectivas presente na maioria dos cidad\u00e3os.<\/p>\n<p class=\"yiv8189311609MsoNormal\">\u201cMinha esperan\u00e7a \u00e9 que o Ciro conven\u00e7a a massa a se engajar para mudar a trajet\u00f3ria do Brasil. E eu sei que vamos ter \u00eaxito\u201d, exaltou Dias, ao citar a relev\u00e2ncia do plano nacional de desenvolvimento, constru\u00eddo desde as elei\u00e7\u00f5es de 2018: \u201cProp\u00f5e a mudan\u00e7a econ\u00f4mica e educacional de forma integral\u201d.<\/p>\n<p class=\"yiv8189311609MsoNormal\">Remetendo ao ac\u00famulo das riquezas do Brasil, o ex-governador do Cear\u00e1 coloca como imperativo o combate \u00e0s desigualdades. \u201cTemos que acertar a conta do pa\u00eds. Hoje, \u00e9 cobrado mais dos pobres do que dos ricos. Poucos pa\u00edses tem tantas deforma\u00e7\u00f5es quanto o Brasil\u201d, demandou. Ele tamb\u00e9m fez uma alus\u00e3o ao ponto de vista humano ao falar do seu novo livro \u2018Projeto Nacional: O Dever da Esperan\u00e7a\u2019. \u201cEla n\u00e3o ir\u00e1 cair do c\u00e9u, mas deve ser constru\u00edda\u201d, conclama, ao receber acenos positivos dos participantes.<\/p>\n<p class=\"yiv8189311609MsoNormal\">\u201cTemos que achar o ponto de equil\u00edbrio entre a vit\u00f3ria sobre o confronto e a busca por uma reconcilia\u00e7\u00e3o para unir todos os brasileiros. Para a pessoa votar (em 2018), foi muito \u00f3dio. Temos que entender esse movimento com autocr\u00edtica. Por isso, precisamos construir uma sa\u00edda para o nosso povo e colocar o pa\u00eds na retomada do desenvolvimento nacional\u201d, disse, ao acrescentar: \u201cSair do conforto e fazer milit\u00e2ncia passa pela cren\u00e7a na pol\u00edtica. \u00c9 um esfor\u00e7o necess\u00e1rio. E o m\u00e9todo passa diretamente pela informa\u00e7\u00e3o, que \u00e9 uma base do poder. Por isso, tantas fake News.\u201d<\/p>\n<p class=\"yiv8189311609MsoNormal\"><strong>Organiza\u00e7\u00e3o<\/strong><\/p>\n<p class=\"yiv8189311609MsoNormal\">Com o indicativo dos n\u00facleos de base como modelo capaz de seguir gerando a sustenta\u00e7\u00e3o nos enfretamentos ao longo das jornadas que se acumulam no Brasil, as lideran\u00e7as trabalhistas valorizaram o perfil facilitador do partido.<\/p>\n<p class=\"yiv8189311609MsoNormal\">\u201cO n\u00facleo \u00e9 a ferramenta para cada brasileiro ser protagonista da sua pr\u00f3pria hist\u00f3ria. Por isso, o PDT est\u00e1 aberto para ajudar nesse caminho\u201d, assegurou Lupi. \u201cO mundo mudou com os n\u00facleos. Sem organiza\u00e7\u00e3o, voc\u00ea n\u00e3o chega a lugar nenhum, pois s\u00f3 confunde e divide. A partir das c\u00e9lulas, mobilizamos. Se o povo n\u00e3o souber a raz\u00e3o das coisas, nada mudar\u00e1. Cada um precisa acreditar para tornar realidade a transforma\u00e7\u00e3o\u201d, concluiu Dias.<\/p>\n<\/div>\n<\/div>\n<\/div>\n<\/div>\n<!-- AddThis Advanced Settings generic via filter on the_content --><!-- AddThis Share Buttons generic via filter on the_content -->","protected":false},"excerpt":{"rendered":"<p>Mobiliza\u00e7\u00e3o das for\u00e7as democr\u00e1ticas protagoniza como ferramenta de defesa constitucional Carlos Lupi, Ciro Gomes e Manoel Dias foram un\u00e2nimes ao definir, em debate no \u2018Mais Opini\u00e3o\u2019, a resist\u00eancia e a nuclea\u00e7\u00e3o de base como diferenciais do trabalhismo no enfretamento dos movimentos antidemocr\u00e1ticos de Bolsonaro. Realizado virtualmente nesta quinta-feira (28), o encontro integrou a primeira edi\u00e7\u00e3o&#8230;<!-- AddThis Advanced Settings generic via filter on wp_trim_excerpt --><!-- AddThis Share Buttons generic via filter on wp_trim_excerpt --><\/p>\n","protected":false},"author":17,"featured_media":71609,"comment_status":"closed","ping_status":"closed","sticky":false,"template":"","format":"standard","meta":{"_monsterinsights_skip_tracking":false,"_monsterinsights_sitenote_active":false,"_monsterinsights_sitenote_note":"","_monsterinsights_sitenote_category":0,"_uf_show_specific_survey":0,"_uf_disable_surveys":false,"footnotes":""},"categories":[976],"tags":[196,220,2878,426,591,824],"class_list":["post-71608","post","type-post","status-publish","format-standard","has-post-thumbnail","hentry","category-noticias-em-destaque","tag-carlos-lupi","tag-ciro-gomes","tag-fake-news","tag-fundacao-leonel-brizola-alberto-pasqualini","tag-manoel-dias","tag-resistencia"],"acf":[],"_links":{"self":[{"href":"https:\/\/pdt-rj.org.br\/index.php\/wp-json\/wp\/v2\/posts\/71608","targetHints":{"allow":["GET"]}}],"collection":[{"href":"https:\/\/pdt-rj.org.br\/index.php\/wp-json\/wp\/v2\/posts"}],"about":[{"href":"https:\/\/pdt-rj.org.br\/index.php\/wp-json\/wp\/v2\/types\/post"}],"author":[{"embeddable":true,"href":"https:\/\/pdt-rj.org.br\/index.php\/wp-json\/wp\/v2\/users\/17"}],"replies":[{"embeddable":true,"href":"https:\/\/pdt-rj.org.br\/index.php\/wp-json\/wp\/v2\/comments?post=71608"}],"version-history":[{"count":3,"href":"https:\/\/pdt-rj.org.br\/index.php\/wp-json\/wp\/v2\/posts\/71608\/revisions"}],"predecessor-version":[{"id":71738,"href":"https:\/\/pdt-rj.org.br\/index.php\/wp-json\/wp\/v2\/posts\/71608\/revisions\/71738"}],"wp:featuredmedia":[{"embeddable":true,"href":"https:\/\/pdt-rj.org.br\/index.php\/wp-json\/wp\/v2\/media\/71609"}],"wp:attachment":[{"href":"https:\/\/pdt-rj.org.br\/index.php\/wp-json\/wp\/v2\/media?parent=71608"}],"wp:term":[{"taxonomy":"category","embeddable":true,"href":"https:\/\/pdt-rj.org.br\/index.php\/wp-json\/wp\/v2\/categories?post=71608"},{"taxonomy":"post_tag","embeddable":true,"href":"https:\/\/pdt-rj.org.br\/index.php\/wp-json\/wp\/v2\/tags?post=71608"}],"curies":[{"name":"wp","href":"https:\/\/api.w.org\/{rel}","templated":true}]}}